{"id":57317,"date":"2025-04-27T17:28:10","date_gmt":"2025-04-27T17:28:10","guid":{"rendered":"https:\/\/www.europesays.com\/fr\/57317\/"},"modified":"2025-04-27T17:28:10","modified_gmt":"2025-04-27T17:28:10","slug":"alastair-king-lord-maire-de-londres-pour-les-services-financiers-le-brexit-na-pas-ete-lenorme-probleme-que-lon-anticipait","status":"publish","type":"post","link":"https:\/\/www.europesays.com\/fr\/57317\/","title":{"rendered":"Alastair King, lord-maire de Londres: \u00abPour les services financiers, le Brexit n\u2019a pas \u00e9t\u00e9 l\u2019\u00e9norme probl\u00e8me que l\u2019on anticipait\u00bb"},"content":{"rendered":"<p>              <a tabindex=\"-1\" title=\"Etienne Meyer-Vacherand\" href=\"https:\/\/www.letemps.ch\/profil\/etienne-meyer-vacherand\" target=\"_blank\" rel=\"noopener\"><\/p>\n<p>                    <img decoding=\"async\" src=\"https:\/\/www.europesays.com\/fr\/wp-content\/uploads\/2025\/04\/1744524428_77_small.jpeg\" class=\"lazy\" alt=\"\"\/><\/p>\n<p><\/a>        <\/p>\n<p>    Publi\u00e9 le 27 avril 2025 \u00e0 17:31. \/ Modifi\u00e9 le 27 avril 2025 \u00e0 17:33.<\/p>\n<p> 5 min. de lecture<\/p>\n<p class=\"article__abstract-call-to-action\" data-ariato=\"TrackableElement\" data-trackable-element-type=\"article_abstract_cta\" data-trackable-element-location=\"article_header\" data-trackable-element-id=\"492582\">\n          <a data-event=\"click-&gt;clicked\" href=\"https:\/\/www.letemps.ch\/abonnements\" target=\"_blank\" rel=\"noopener\">Abonnez-vous<\/a> pour acc\u00e9der au r\u00e9sum\u00e9 en 20 secondes.\n        <\/p>\n<p>En d\u00e9cembre 2023, la Suisse et le Royaume-Uni ont sign\u00e9 un accord de reconnaissance mutuelle dans le domaine des services financiers. Un accord portant sur certains secteurs, mais ce texte est le premier au monde \u00e0 avoir une application aussi large. Il \u00e9tablit un principe d\u2019\u00e9quivalence du cadre r\u00e9glementaire des deux pays, notamment dans le domaine bancaire, des services d\u2019investissement, des assurances, ou encore de la gestion de fortune. Le 21\u00a0mars dernier, il a \u00e9t\u00e9 approuv\u00e9 au parlement suisse.<\/p>\n<p>Alastair King est lord-maire de Londres \u00e0 la t\u00eate de la City of London Corporation qui administre le quartier financier de la capitale britannique. Cette fonction recouvre notamment le r\u00f4le d\u2019ambassadeur international pour le secteur des services financiers, professionnels, juridiques et maritimes qui emploie 2,4\u00a0millions de personnes \u00e0 travers le Royaume-Uni. En amont de sa venue en Suisse du 26\u00a0au 29\u00a0avril, il a r\u00e9pondu par visioconf\u00e9rence aux questions du Temps sur les enjeux de cet accord et l\u2019impact des incertitudes g\u00e9opolitiques actuelles sur la place financi\u00e8re londonienne.<\/p>\n<p>    La suite de l&rsquo;article vous int\u00e9resse?<\/p>\n<p>Tout comprendre, mieux s\u2019informer: acc\u00e9dez au meilleur du journalisme suisse avec notre offre combin\u00e9e <b>Le Temps &amp; Heidi.news<\/b>. &#13;\n<\/p>\n<p>Abonnez-vous en quelques clics et payez facilement avec <b>Twint<\/b>.<\/p>\n<p>    <a class=\"button is-secondary\" data-event=\"click-&gt;clicked\" href=\"https:\/\/www.letemps.ch\/abonnements?wall_id=1\" target=\"_blank\" rel=\"noopener\">Je m\u2019abonne<\/a><\/p>\n<p class=\"post-subscribe__login\">\n        Vous avez d\u00e9j\u00e0 un compte ?<br \/>\n        <a class=\"link\" rel=\"nofollow noopener\" href=\"https:\/\/www.letemps.ch\/compte\/connexion?return_to=https%3A%2F%2Fwww.letemps.ch%2Feconomie%2Ffinance%2Falastair-king-lord-maire-de-londres-pour-les-services-financiers-le-brexit-n-a-pas-ete-l-enorme-probleme-que-l-on-anticipait\" target=\"_blank\">Se connecter<\/a>\n      <\/p>\n","protected":false},"excerpt":{"rendered":"Publi\u00e9 le 27 avril 2025 \u00e0 17:31. \/ Modifi\u00e9 le 27 avril 2025 \u00e0 17:33. 5 min. de&hellip;\n","protected":false},"author":2,"featured_media":57318,"comment_status":"","ping_status":"","sticky":false,"template":"","format":"standard","meta":{"footnotes":""},"categories":[1588],"tags":[11,4282,1777,674,12,301,473,1853,1851,1850,1852],"class_list":{"0":"post-57317","1":"post","2":"type-post","3":"status-publish","4":"format-standard","5":"has-post-thumbnail","7":"category-royaume-uni","8":"tag-actualites","9":"tag-banques","10":"tag-eu","11":"tag-europe","12":"tag-news","13":"tag-premium","14":"tag-royaume-uni","15":"tag-royaume-uni-de-grande-bretagne-et-dirlande-du-nord","16":"tag-uk","17":"tag-united-kingdom","18":"tag-united-kingdom-of-great-britain-and-northern-ireland"},"share_on_mastodon":{"url":"https:\/\/pubeurope.com\/@fr\/114411110695970325","error":""},"_links":{"self":[{"href":"https:\/\/www.europesays.com\/fr\/wp-json\/wp\/v2\/posts\/57317","targetHints":{"allow":["GET"]}}],"collection":[{"href":"https:\/\/www.europesays.com\/fr\/wp-json\/wp\/v2\/posts"}],"about":[{"href":"https:\/\/www.europesays.com\/fr\/wp-json\/wp\/v2\/types\/post"}],"author":[{"embeddable":true,"href":"https:\/\/www.europesays.com\/fr\/wp-json\/wp\/v2\/users\/2"}],"replies":[{"embeddable":true,"href":"https:\/\/www.europesays.com\/fr\/wp-json\/wp\/v2\/comments?post=57317"}],"version-history":[{"count":0,"href":"https:\/\/www.europesays.com\/fr\/wp-json\/wp\/v2\/posts\/57317\/revisions"}],"wp:featuredmedia":[{"embeddable":true,"href":"https:\/\/www.europesays.com\/fr\/wp-json\/wp\/v2\/media\/57318"}],"wp:attachment":[{"href":"https:\/\/www.europesays.com\/fr\/wp-json\/wp\/v2\/media?parent=57317"}],"wp:term":[{"taxonomy":"category","embeddable":true,"href":"https:\/\/www.europesays.com\/fr\/wp-json\/wp\/v2\/categories?post=57317"},{"taxonomy":"post_tag","embeddable":true,"href":"https:\/\/www.europesays.com\/fr\/wp-json\/wp\/v2\/tags?post=57317"}],"curies":[{"name":"wp","href":"https:\/\/api.w.org\/{rel}","templated":true}]}}