{"id":573178,"date":"2025-12-02T13:10:18","date_gmt":"2025-12-02T13:10:18","guid":{"rendered":"https:\/\/www.europesays.com\/fr\/573178\/"},"modified":"2025-12-02T13:10:18","modified_gmt":"2025-12-02T13:10:18","slug":"rugby-le-top-5-des-plus-lourdes-suspensions-pour-fourchette-sans-sud-africain-mais-avec-3-francais","status":"publish","type":"post","link":"https:\/\/www.europesays.com\/fr\/573178\/","title":{"rendered":"Rugby. Le Top 5 des plus lourdes suspensions pour fourchette&#8230; Sans Sud-Africain mais avec 3 Fran\u00e7ais"},"content":{"rendered":"<p>                    Par<br \/>\n        <strong><br \/>\n            <a href=\"https:\/\/actu.fr\/auteur\/emilie-dudonfournier\" title=\"Consulter tous les articles de Emilie Dudon-Fournier\" target=\"_blank\" rel=\"noopener\">Emilie Dudon-Fournier<\/a><br \/>\n                    <\/strong><\/p>\n<p>        Publi\u00e9 le<\/p>\n<p>            2 d\u00e9c. 2025 \u00e0 12h20        <\/p>\n<p>L\u2019image a fait le tour de la plan\u00e8te ovale depuis samedi <a href=\"https:\/\/twitter.com\/jaredwright17\/status\/1994815932959789277\" target=\"_blank\" rel=\"noopener\">:<strong> la fourchette d\u2019Eben Etzebeth<\/strong> sur le Alex Mann<\/a> \u00e0 la 79e minute du match au pays de Galles et alors qu\u2019il venait d\u2019inscrire le 11e essai de l\u2019outrageuse victoire sud-africaine \u00e0 Cardiff (0-73) suscite l\u2019indignation depuis 3 jours.<\/p>\n<p class=\" wall-content\">Le 2e ligne sud-africain, dont c\u2019\u00e9tait <strong>le premier carton rouge en 143 s\u00e9lections et 13 ans de carri\u00e8re<\/strong>, compara\u00eet devant la commission de discipline de World Rugby. Il <strong>encourt de 4 \u00e0 208 semaines de suspension<\/strong> selon les r\u00e8glements de l\u2019instance supr\u00eame du rugby mondial. L\u2019occasion, pour <a href=\"https:\/\/actu.fr\/rugby\/\" target=\"_blank\" rel=\"noopener\">Actu Rugby,<\/a> de revenir sur les 5 fourchettes les plus sanctionn\u00e9es dans l\u2019histoire du rugby mondial. Et il y a 3 Fran\u00e7ais dedans\u2026<\/p>\n<p>. Richard Non\u00e8s (Colomiers) : 104 semaines en 1999<\/p>\n<p class=\" wall-content\">Un sketch. Novembre 1999, Colomiers joue \u00e0 Pontypridd. Apr\u00e8s la derni\u00e8re m\u00eal\u00e9e de la rencontre, le pilier colum\u00e9rin Richard Non\u00e8s reste au sol. L\u2019arbitre, Jim Fleming, appelle son juge de touche et sanctionne le Fran\u00e7ais d\u2019un carton rouge pour une fourchette sur son homologue gallois, Sven Cronk (qui \u00e9cope d\u2019un jaune).<\/p>\n<p class=\" wall-content\">Ainsi que le relate alors La D\u00e9p\u00eache du Midi, le Fran\u00e7ais est jug\u00e9 \u00ab\u00a0en comparution imm\u00e9diate. Les dirigeants colum\u00e9rins se d\u00e9fendent : le juge de touche, plac\u00e9 de l\u2019autre c\u00f4t\u00e9 de la m\u00eal\u00e9e, ne peut rien voir sur le c\u00f4t\u00e9 gauche. Ils passent et repassent la vid\u00e9o (dans leur bus, le club gallois ne poss\u00e9dant pas de magn\u00e9toscope), qui ne d\u00e9montre aucune faute \u00e9vidente.<\/p>\n<p class=\" wall-content\">C\u2019est malgr\u00e9 tout la stup\u00e9faction : 2 heures apr\u00e8s la rencontre, le Colum\u00e9rin \u00e9cope de 104 jours, soit 2 ans, de suspension. \u00ab C\u2019est incompr\u00e9hensible. Personne n\u2019apporte de preuves de ma culpabilit\u00e9, je suis condamn\u00e9 et c\u2019est \u00e0 nous de prouver mon innocence. C\u2019est le monde \u00e0 l\u2019envers\u00a0\u00bb, avait r\u00e9agi le joueur dans les colonnes de La D\u00e9p\u00eache. L\u2019appel formul\u00e9 par le club haut-garonnais n\u2019avait rien donn\u00e9 et le joueur avait bien \u00e9t\u00e9 interdit de jouer pendant 24 mois.<\/p>\n<p>. David Attoub (Stade fran\u00e7ais) : 52 semaines<\/p>\n<p class=\" wall-content\">Le pilier tricolore, qui portait alors les couleurs du Stade fran\u00e7ais, avait \u00e9t\u00e9 reconnu coupable de contact des doigts dans la r\u00e9gion des yeux \u00e0 l\u2019encontre du 3e ligne irlandais Stephen Ferris, lors d\u2019un match de H Cup en Ulster le 12 d\u00e9cembre 2009.\u00a0<\/p>\n<p class=\" wall-content\">Le geste \u00e9tant consid\u00e9r\u00e9 comme tr\u00e8s dangereux et le Fran\u00e7ais comme un r\u00e9cidiviste apr\u00e8s avoir avoir \u00e9t\u00e9 suspendu 6 semaines pour un coup de poing en Challenge europ\u00e9en en 2004-2005, il avait \u00e9t\u00e9 sanctionn\u00e9 de 70 semaines de suspension par l\u2019ERC. Sa peine avait \u00e9t\u00e9 r\u00e9duite \u00e0 52 semaines, soit un an, par le bureau f\u00e9d\u00e9ral de la FFR apr\u00e8s une conciliation entre l\u2019ERC et le CNOSF. Il avait pu rejouer en d\u00e9cembre 2010 au lieu d\u2019avril 2011 comme pr\u00e9vu initialement.<\/p>\n<p>Votre r\u00e9gion, votre actu !<\/p>\n<p>Recevez chaque jour les infos qui comptent pour vous.<\/p>\n<p>\t<a href=\"https:\/\/actu.fr\/newsletter\" class=\"ac-btn ac-btn--corner ac-btn--medium ac-btn--blue800\" target=\"_blank\" rel=\"noopener\">S&rsquo;incrire<\/a><\/p>\n<p>    <img   decoding=\"async\" loading=\"lazy\" src=\"https:\/\/www.europesays.com\/fr\/wp-content\/uploads\/2025\/12\/iconsport-041889-0001-1-960x640.jpg\" alt=\"Le 20 d\u00e9cembre 2009, 8 jours apr\u00e8s avoir \u00e9t\u00e9 suspendus pour leur fourchette contre l'Ulster, les Parisiens Julien Dupuy (\u00e0 gauche) et David Attoub avait pr\u00eat\u00e9 main forte pour d\u00e9neiger Jean-Bouin le jour du match retour.\" width=\"960\" height=\"640\"\/><br \/>\n    Le 20 d\u00e9cembre 2009, 8 jours apr\u00e8s avoir \u00e9t\u00e9 suspendus pour leur fourchette contre l\u2019Ulster, les Parisiens Julien Dupuy (\u00e0 gauche) et David Attoub avait pr\u00eat\u00e9 main forte pour d\u00e9neiger Jean-Bouin le jour du match retour. (\u00a9Icon Sport). Dylan Hartley (Northampton) : 26 semaines<\/p>\n<p class=\" wall-content\">En 2007, alors qu\u2019il est tout juste \u00e2g\u00e9 de 21 ans, Dylan Hartley avait d\u00e9fray\u00e9 la chronique pour avoir ass\u00e9n\u00e9 deux fourchettes dans le m\u00eame match contre les Wasps, \u00e0 Johnny O\u2019Connor et James Haskell. Le futur capitaine de l\u2019Angleterre, qui encourait 30 semaines de suspension, \u00e9tait finalement condamn\u00e9 \u00e0 26 semaines en raison de \u00ab\u00a0sa jeunesse\u00a0\u00bb.<\/p>\n<p class=\" wall-content\">Une punition qui ne l\u2019avait pas calm\u00e9\u2026\u00a0 Il avait ensuite \u00e9t\u00e9 interdit de jouer durant 8 semaines pour morsure (2012), 2 semaines pour coup de poing (2012), 11 semaines pour avoir bouscul\u00e9 un arbitre (2013), 3 semaines pour coup de coude (2014) et 4 semaines pour coup de t\u00eate (2015) !<\/p>\n<p>. Julien Dupuy (Stade fran\u00e7ais) : 23 semaines<\/p>\n<p class=\" wall-content\">Lors du m\u00eame match en Ulster, sur le m\u00eame adversaire que son co\u00e9quipier de David Attoub, Julien Dupuy avait aussi \u00e9t\u00e9 reconnu coupable d\u2019 \u00abacte d\u2019antijeu pour \u00eatre rentr\u00e9 en contact dans la zone des yeux\/ou dans les yeux du joueur de l\u2019Ulster Stephen Ferris\u00a0\u00bb. Le demi de m\u00eal\u00e9e parisien avait d\u2019abord re\u00e7u 24 semaines de suspension, soit 6 mois au total\u2026 Qui avaient \u00e9t\u00e9 r\u00e9duits \u00e0 23 semaines en appel.<\/p>\n<p class=\" wall-content\">L\u2019international tricolore avait termin\u00e9 sa saison sans jouer. \u00ab\u00a0Tout le monde a bien vu que l\u2019ERC souhaitait que je serve d\u2019exemple. Et \u00e7a, je n\u2019y \u00e9chapperai pas. Qui plus est en \u00e9tant un joueur fran\u00e7ais\u00a0\u00bb, avait d\u00e9clar\u00e9 l\u2019ancien Biarrot, \u00ab\u00a0\u00e9coeur\u00e9\u00a0\u00bb.<\/p>\n<p>. Marius Tincu (Perpignan) : 18 semaines<\/p>\n<p class=\" wall-content\">En novembre 2008, le talonneur de Perpignan avait lui aussi \u00e9t\u00e9 condamn\u00e9 par la commission de discipline de l\u2019ERC. Elle l\u2019avait interdit de jouer pendant 18 semaines apr\u00e8s l\u2019avoir reconnu coupable d\u2019une fourchette sur le pilier des Ospreys Paul James lors d\u2019une altercation entre les 2 hommes.<\/p>\n<p class=\" wall-content\">Malgr\u00e9 l\u2019absence d\u2019images prouvant la faute du Roumain, la d\u00e9cision avait \u00e9t\u00e9 confirm\u00e9e en appel, provoquant l\u2019\u00e9moi en Catalogne. Le manager de l\u2019Usap Jacques Brunel avait m\u00eame menac\u00e9 de boycotter le reste de la H Cup.<\/p>\n<p class=\" wall-content\">Personnalisez votre actualit\u00e9 en ajoutant vos villes et m\u00e9dias en favori avec <a href=\"https:\/\/moncompte.actu.fr\" title=\"D\u00e9couvez Mon Actu\" rel=\"nofollow noopener\" data-trk=\"{&quot;cta&quot;:{&quot;action&quot;:&quot;https:\\\/\\\/moncompte.actu.fr&quot;,&quot;category&quot;:&quot;mon compte&quot;,&quot;from&quot;:&quot;article footer&quot;,&quot;name&quot;:&quot;Mon actu&quot;,&quot;type&quot;:&quot;cta&quot;}}\" target=\"_blank\">Mon Actu<\/a>.<\/p>\n<p>                    <script async src=\"https:\/\/platform.twitter.com\/widgets.js\" charset=\"utf-8\"><\/script><\/p>\n","protected":false},"excerpt":{"rendered":"Par Emilie Dudon-Fournier Publi\u00e9 le 2 d\u00e9c. 2025 \u00e0 12h20 L\u2019image a fait le tour de la plan\u00e8te&hellip;\n","protected":false},"author":2,"featured_media":573179,"comment_status":"","ping_status":"","sticky":false,"template":"","format":"standard","meta":{"footnotes":""},"categories":[1416],"tags":[4401,3460,1089,1011,27,479,1468,6107,60],"class_list":{"0":"post-573178","1":"post","2":"type-post","3":"status-publish","4":"format-standard","5":"has-post-thumbnail","7":"category-rugby","8":"tag-challenge-cup","9":"tag-champions-cup","10":"tag-coupe-deurope","11":"tag-fr","12":"tag-france","13":"tag-rugby","14":"tag-rugby-football","15":"tag-rugby-international","16":"tag-sports"},"share_on_mastodon":{"url":"https:\/\/pubeurope.com\/@fr\/115650142860286579","error":""},"_links":{"self":[{"href":"https:\/\/www.europesays.com\/fr\/wp-json\/wp\/v2\/posts\/573178","targetHints":{"allow":["GET"]}}],"collection":[{"href":"https:\/\/www.europesays.com\/fr\/wp-json\/wp\/v2\/posts"}],"about":[{"href":"https:\/\/www.europesays.com\/fr\/wp-json\/wp\/v2\/types\/post"}],"author":[{"embeddable":true,"href":"https:\/\/www.europesays.com\/fr\/wp-json\/wp\/v2\/users\/2"}],"replies":[{"embeddable":true,"href":"https:\/\/www.europesays.com\/fr\/wp-json\/wp\/v2\/comments?post=573178"}],"version-history":[{"count":0,"href":"https:\/\/www.europesays.com\/fr\/wp-json\/wp\/v2\/posts\/573178\/revisions"}],"wp:featuredmedia":[{"embeddable":true,"href":"https:\/\/www.europesays.com\/fr\/wp-json\/wp\/v2\/media\/573179"}],"wp:attachment":[{"href":"https:\/\/www.europesays.com\/fr\/wp-json\/wp\/v2\/media?parent=573178"}],"wp:term":[{"taxonomy":"category","embeddable":true,"href":"https:\/\/www.europesays.com\/fr\/wp-json\/wp\/v2\/categories?post=573178"},{"taxonomy":"post_tag","embeddable":true,"href":"https:\/\/www.europesays.com\/fr\/wp-json\/wp\/v2\/tags?post=573178"}],"curies":[{"name":"wp","href":"https:\/\/api.w.org\/{rel}","templated":true}]}}