{"id":573184,"date":"2025-12-02T13:16:13","date_gmt":"2025-12-02T13:16:13","guid":{"rendered":"https:\/\/www.europesays.com\/fr\/573184\/"},"modified":"2025-12-02T13:16:13","modified_gmt":"2025-12-02T13:16:13","slug":"psg-daniel-riolo-choque-par-le-niveau-affiche-en-ligue-1","status":"publish","type":"post","link":"https:\/\/www.europesays.com\/fr\/573184\/","title":{"rendered":"PSG : Daniel Riolo choqu\u00e9 par le niveau affich\u00e9 en Ligue 1"},"content":{"rendered":"<p>Depuis le d\u00e9but de la saison, le PSG brille sur la sc\u00e8ne europ\u00e9enne avec une deuxi\u00e8me place au classement de la Ligue des champions, mais peine un peu plus dans l\u2019hexagone avec, l\u00e0 aussi, une seconde place en Ligue 1. Des performances, totalement diff\u00e9rentes, qui laissent des doutes dans l\u2019esprit des supporters, mais aussi des consultants.<\/p>\n<p><a href=\"https:\/\/allezparis.fr\/tag\/daniel-riolo\" target=\"_blank\" rel=\"noopener\">Daniel Riolo<\/a>, journaliste sur <a href=\"https:\/\/x.com\/AfterRMC\">RMC<\/a>, n\u2019arrive pas \u00e0 comprendre la diff\u00e9rence de niveau affich\u00e9 entre les deux comp\u00e9titions. Il a pris exemple sur la performance manqu\u00e9e des Parisiens samedi face \u00e0 Monaco o\u00f9 m\u00eame le milieu de terrain est compl\u00e8tement pass\u00e9 \u00e0 c\u00f4t\u00e9. \u00ab\u00a0Pour dire qu\u2019ils choisissent leurs matchs, encore faudrait-il \u00eatre s\u00fbrs qu\u2019ils le fassent consciemment, et je n\u2019en suis pas s\u00fbr. [\u2026]<strong> J\u2019ai vu le fr\u00e8re de Joao Neves, celui de Vitinha et le cousin \u00e9loign\u00e9 de Fabian Ruiz samedi \u00e0 Louis-II. Tu ne les reconnais pas. Voir ces trois milieux aussi faibles, c\u2019est choquant.<\/strong> Kvaratskhelia, c\u2019est clairement deux visages. Mais est-ce qu\u2019ils sont conscients de leurs choix de matchs ? Je ne sais pas. Quand tu vois le match qu\u2019ils ont fait cette semaine, il y a peut-\u00eatre une ouverture \u00e0 la discussion : leur match en Ligue des champions n\u2019est pas maitris\u00e9 collectivement. C\u2019est un match d\u2019individualit\u00e9s.\u00a0\u00bb<\/p>\n<blockquote class=\"twitter-tweet\" data-width=\"550\" data-dnt=\"true\">\n<p lang=\"fr\" dir=\"ltr\">\ud83d\udea8 \ud835\uddd7\ud835\uddd4\ud835\udde1\ud835\udddc\ud835\uddd8\ud835\udddf \ud835\udde5\ud835\udddc\ud835\udde2\ud835\udddf\ud835\udde2 \ud83c\uddeb\ud83c\uddf7 \ud835\udde9\ud835\udde2\ud835\udddc\ud835\udde7 \ud835\udde8\ud835\udde1\ud835\uddd8 \u00ab\u00a0\ud835\uddd7\ud835\uddd8\u0301\ud835\uddd6\ud835\udde2\ud835\udde0\ud835\udde3\ud835\udde5\ud835\uddd8\ud835\udde6\ud835\udde6\ud835\udddc\ud835\udde2\ud835\udde1 \ud835\udde0\ud835\uddd8\ud835\udde1\ud835\udde7\ud835\uddd4\ud835\udddf\ud835\uddd8\u00a0\u00bb \ud835\udde6\ud835\udde8\ud835\udde5 \ud835\uddd6\ud835\uddd8\ud835\udde5\ud835\udde7\ud835\uddd4\ud835\udddc\ud835\udde1\ud835\uddd8\ud835\udde6 \ud835\udde5\ud835\uddd8\ud835\udde1\ud835\uddd6\ud835\udde2\ud835\udde1\ud835\udde7\ud835\udde5\ud835\uddd8\ud835\udde6 \ud835\uddd7\ud835\udde8 \ud835\udde3\ud835\udde6\ud835\uddda :<\/p>\n<p>\u00ab\u00a0Pour dire qu&rsquo;ils choisissent leurs matchs, encore faudrait-il \u00eatre s\u00fbrs qu&rsquo;ils le fassent consciemment, et je n&rsquo;en suis pas\u2026 <a href=\"https:\/\/t.co\/acosfmXZH5\">pic.twitter.com\/acosfmXZH5<\/a><\/p>\n<p>La suite apr\u00e8s la publicit\u00e9<\/p>\n<p>\u2014 Actu Foot (@ActuFoot_) <a href=\"https:\/\/twitter.com\/ActuFoot_\/status\/1995793887042908184?ref_src=twsrc%5Etfw\" target=\"_blank\" rel=\"noopener\">December 2, 2025<\/a><\/p><\/blockquote>\n<p>Luis Enrique va devoir mobiliser les troupes<\/p>\n<p>Certainement un peu fatigu\u00e9s, les hommes de <a href=\"https:\/\/allezparis.fr\/joueurs\/luis-enrique\" target=\"_blank\" rel=\"noopener\">Luis Enrique<\/a> donnent s\u00fbrement moins d\u2019\u00e9nergie en Ligue 1. M\u00eame Fabian <strong>Ruiz<\/strong>, pourtant brillant depuis de nombreux mois, a montr\u00e9 \u00e9norm\u00e9ment de difficult\u00e9s sur la pelouse de l\u2019AS Monaco. L\u2019entraineur parisien va devoir trouver une meilleure recette pour le championnat sous peine de voir plusieurs clubs passer devant, comme Lens a r\u00e9ussi \u00e0 le faire le week-end dernier apr\u00e8s sa victoire \u00e0 Angers.<\/p>\n<p>Pub. le 02\/12\/2025 &#8211; 12:45\t\t\t<\/p>\n<p>Je couvre quotidiennement l\u2019actualit\u00e9 du PSG. Passionn\u00e9 par le club, je partage mon expertise \u00e0 travers des articles, \u00e9ditos et analyses sur la vie du PSG depuis plus de 15 ans.<\/p>\n<p><script async src=\"https:\/\/platform.twitter.com\/widgets.js\" charset=\"utf-8\"><\/script><\/p>\n","protected":false},"excerpt":{"rendered":"Depuis le d\u00e9but de la saison, le PSG brille sur la sc\u00e8ne europ\u00e9enne avec une deuxi\u00e8me place au&hellip;\n","protected":false},"author":2,"featured_media":573185,"comment_status":"","ping_status":"","sticky":false,"template":"","format":"standard","meta":{"footnotes":""},"categories":[1410],"tags":[39104,63,1011,27,93,60],"class_list":{"0":"post-573184","1":"post","2":"type-post","3":"status-publish","4":"format-standard","5":"has-post-thumbnail","7":"category-football","8":"tag-daniel-riolo","9":"tag-football","10":"tag-fr","11":"tag-france","12":"tag-psg","13":"tag-sports"},"share_on_mastodon":{"url":"https:\/\/pubeurope.com\/@fr\/115650165796345571","error":""},"_links":{"self":[{"href":"https:\/\/www.europesays.com\/fr\/wp-json\/wp\/v2\/posts\/573184","targetHints":{"allow":["GET"]}}],"collection":[{"href":"https:\/\/www.europesays.com\/fr\/wp-json\/wp\/v2\/posts"}],"about":[{"href":"https:\/\/www.europesays.com\/fr\/wp-json\/wp\/v2\/types\/post"}],"author":[{"embeddable":true,"href":"https:\/\/www.europesays.com\/fr\/wp-json\/wp\/v2\/users\/2"}],"replies":[{"embeddable":true,"href":"https:\/\/www.europesays.com\/fr\/wp-json\/wp\/v2\/comments?post=573184"}],"version-history":[{"count":0,"href":"https:\/\/www.europesays.com\/fr\/wp-json\/wp\/v2\/posts\/573184\/revisions"}],"wp:featuredmedia":[{"embeddable":true,"href":"https:\/\/www.europesays.com\/fr\/wp-json\/wp\/v2\/media\/573185"}],"wp:attachment":[{"href":"https:\/\/www.europesays.com\/fr\/wp-json\/wp\/v2\/media?parent=573184"}],"wp:term":[{"taxonomy":"category","embeddable":true,"href":"https:\/\/www.europesays.com\/fr\/wp-json\/wp\/v2\/categories?post=573184"},{"taxonomy":"post_tag","embeddable":true,"href":"https:\/\/www.europesays.com\/fr\/wp-json\/wp\/v2\/tags?post=573184"}],"curies":[{"name":"wp","href":"https:\/\/api.w.org\/{rel}","templated":true}]}}