{"id":573188,"date":"2025-12-02T13:18:11","date_gmt":"2025-12-02T13:18:11","guid":{"rendered":"https:\/\/www.europesays.com\/fr\/573188\/"},"modified":"2025-12-02T13:18:11","modified_gmt":"2025-12-02T13:18:11","slug":"ces-nouveaux-escaliers-design-et-biophiles-vont-transformer-votre-maison-en-2026-la-tendance-escalier-a-adopter-avant-quil-ne-soit-trop-tard","status":"publish","type":"post","link":"https:\/\/www.europesays.com\/fr\/573188\/","title":{"rendered":"Ces nouveaux escaliers design et biophiles vont transformer votre maison en 2026 \u2013 la tendance escalier \u00e0 adopter avant qu\u2019il ne soit trop tard"},"content":{"rendered":"<p>Apr\u00e8s avoir transform\u00e9 nos salons, cuisines et bureaux, la deco<br \/>\ncontinue de bousculer les codes en 2026. Entre envie de couleurs<br \/>\nassum\u00e9es, besoin de nature et recherche de bien-\u00eatre, les<br \/>\narchitectes d\u00a0\u00bbint\u00e9rieur concentrent d\u00e9sormais leurs id\u00e9es sur un<br \/>\n\u00e9l\u00e9ment longtemps oubli\u00e9 de la maison. Ce volume vertical, pourtant<br \/>\npr\u00e9sent dans chaque aller-retour au quotidien, devient le nouveau<br \/>\nterrain de jeu des tendances.<\/p>\n<p>Le rapport 2026 sur la maison, la beaut\u00e9 et le lifestyle publi\u00e9<br \/>\npar Yelp signale une hausse des recherches li\u00e9es \u00e0 la pose de tapis<br \/>\nd&rsquo;escalier, \u00e0 l&rsquo;installation de moquette et \u00e0 la r\u00e9novation de<br \/>\nmarches. Les designers y voient le signe que la <strong>tendance<br \/>\nescalier 2026<\/strong> s&rsquo;installe : adieu aux mont\u00e9es anonymes,<br \/>\nplace \u00e0 des structures qui expriment la personnalit\u00e9 de la maison.<br \/>\nLa cage d&rsquo;escalier ne veut plus passer inaper\u00e7ue.<\/p>\n<p>Pourquoi la tendance escalier 2026 transforme la maison<\/p>\n<p>Cette r\u00e9volution visuelle s&rsquo;inscrit dans une mutation plus large<br \/>\nde nos int\u00e9rieurs n\u00e9e avec les confinements. Le rapport Pinterest<br \/>\nPredicts 2022 r\u00e9v\u00e8le que les recherches li\u00e9es \u00e0 l&rsquo;architecture et \u00e0<br \/>\nl&rsquo;habitat biophilique \u00ab\u00a0ont augment\u00e9 de 150 % au cours de cette<br \/>\np\u00e9riode\u00a0\u00bb, avec des requ\u00eates comme \u00ab\u00a0chambre au design biophilique\u00a0\u00bb,<br \/>\n\u00ab\u00a0jardin en escalier\u00a0\u00bb et \u00ab\u00a0plafond fleuri\u00a0\u00bb. \u00c0 la cl\u00e9, une envie de<br \/>\nnature qui grimpe le long des garde-corps.<\/p>\n<p>Au c\u0153ur de ce mouvement, le <strong>design biophilique<\/strong><br \/>\nest d\u00e9crit comme un \u00ab\u00a0concept utilis\u00e9 dans l\u2019industrie du b\u00e2timent<br \/>\npour augmenter la connectivit\u00e9 des occupants avec l\u2019environnement<br \/>\nnaturel gr\u00e2ce \u00e0 l\u2019utilisation de la nature directe, de la nature<br \/>\nindirecte et des conditions d\u2019espace et de lieu\u00a0\u00bb. Le magazine Dwell<br \/>\nnotait que \u00ab\u00a0en 2022, il semble que notre amour collectif pour les<br \/>\nenvironnements int\u00e9rieurs luxuriants continuera \u00e0 s\u2019\u00e9panouir\u00a0\u00bb.<br \/>\nD\u00e9sormais, cette aspiration rencontre une autre vague : l&rsquo;escalier<br \/>\nstatement, nourri par le maximalisme et la couleur, devient un<br \/>\nsupport id\u00e9al pour exprimer ces nouvelles envies.<\/p>\n<p>Couleurs, motifs et escalier bicolore : le statement d\u00e9co de<br \/>\n2026<\/p>\n<p>Longtemps rel\u00e9gu\u00e9 au strict fonctionnel, l&rsquo;escalier redevient un<br \/>\n\u00e9l\u00e9ment central de la d\u00e9coration, explique Escal Concept en<br \/>\npr\u00e9sentant la tendance de l&rsquo;<strong>escalier bicolore<\/strong> en<br \/>\n2025. Le principe : deux teintes, compl\u00e9mentaires ou contrast\u00e9es,<br \/>\nqui structurent la mont\u00e9e et donnent du rythme sans charger<br \/>\nl&rsquo;espace. Marches en bois clair et contremarches anthracite, limons<br \/>\nnoirs et garde-corps en bois blond ou duos ton sur ton plus doux<br \/>\ncr\u00e9ent un relief graphique qui dialogue avec le reste de<br \/>\nl&rsquo;int\u00e9rieur.<\/p>\n<p>Dans son analyse des tendances 2026, HouseDigest relaie les<br \/>\nconseils de Tara Lewis, experte tendances chez Yelp : pour<br \/>\ntransformer un escalier existant, papiers peints \u00e0 motifs et tapis<br \/>\nd&rsquo;escalier sont \u00ab\u00a0parfaites pour les locataires ou toute personne<br \/>\nqui veut un changement rapide et flexible\u00a0\u00bb, souligne-t-elle. Pour<br \/>\nun ensemble coh\u00e9rent, le designer d&rsquo;int\u00e9rieur torontois Phoenix<br \/>\nGrey recommande de \u00ab\u00a0compl\u00e9ter les finitions autour de l\u2019escalier\u00a0\u00bb,<br \/>\nafin que couleurs vives, peintures contrast\u00e9es ou contremarches<br \/>\ncarrel\u00e9es s&rsquo;int\u00e8grent naturellement au d\u00e9cor.<\/p>\n<ul>\n<li>poser un tapis d&rsquo;escalier \u00e0 imprim\u00e9 fort sur des marches en<br \/>\nbois d\u00e9j\u00e0 en place ;<\/li>\n<li>peindre marches, contremarches et rampe dans trois teintes<br \/>\nfranches coordonn\u00e9es ;<\/li>\n<li>habiller les contremarches de carreaux d\u00e9cor\u00e9s pour une touche<br \/>\nm\u00e9diterran\u00e9enne.<\/li>\n<\/ul>\n<p>Escalier biophilique, lumi\u00e8re et formes<br \/>\nsculpturales : comment l\u2019adopter<\/p>\n<p>Cette recherche d&rsquo;expression passe aussi par la nature. Le<br \/>\n\u00ab\u00a0jardin en escalier\u00a0\u00bb mis en avant par Pinterest se traduit par des<br \/>\njardini\u00e8res int\u00e9gr\u00e9es aux paliers, des murs v\u00e9g\u00e9talis\u00e9s dans la<br \/>\ncage d&rsquo;escalier ou des alignements de plantes en pot sur les<br \/>\nmarches. \u00ab\u00a0Leur transposition dans notre environnement b\u00e2ti ou dans<br \/>\nnos meubles projette des r\u00e9actions positives en raison de leur<br \/>\nressemblance avec ce que la nature produit\u00a0\u00bb, explique la designer<br \/>\nZelda Elisco, qui voit dans ces formes v\u00e9g\u00e9tales un levier simple<br \/>\npour apaiser l&rsquo;atmosph\u00e8re.<\/p>\n<p>Pour renforcer le bien-\u00eatre dans cette zone, les sp\u00e9cialistes<br \/>\nmisent aussi sur la lumi\u00e8re. Ils \u00e9voquent un \u00e9clairage<br \/>\nbiodynamique, \u00e9volution de l&rsquo;\u00e9clairage traditionnel qui reproduit<br \/>\nles variations naturelles de la lumi\u00e8re du soleil afin d&rsquo;aider \u00e0<br \/>\nr\u00e9guler le rythme circadien. Oliver Heath, qui a consacr\u00e9 un cours<br \/>\nau design biophilique, recommande une \u00ab\u00a0douche de photons\u00a0\u00bb et<br \/>\nrappelle que \u00ab\u00a0Les niveaux de lumi\u00e8re \u00e0 un m\u00e8tre d\u2019une fen\u00eatre<br \/>\nseront nettement plus efficaces que m\u00eame \u00e0 trois m\u00e8tres de<br \/>\ndistance.<\/p>\n<p>D\u00e9placez donc les meubles pour accro\u00eetre le temps et<br \/>\nl\u2019exposition \u00e0 la lumi\u00e8re naturelle dans la maison. Cela pourrait<br \/>\n\u00eatre un petit canap\u00e9 ou un fauteuil plac\u00e9 \u00e0 c\u00f4t\u00e9 d\u2019une fen\u00eatre<br \/>\ndonnant sur le jardin, ou d\u00e9placez votre bureau pour am\u00e9liorer la<br \/>\nvue.\u00a0\u00bb Dans l&rsquo;escalier, cela passe par des ouvertures vitr\u00e9es, des<br \/>\nrubans LED le long des marches ou des appliques et lustres<br \/>\nspectaculaires qui transforment chaque mont\u00e9e en moment de deco<br \/>\ntoutsimplement inattendu.<\/p>\n","protected":false},"excerpt":{"rendered":"Apr\u00e8s avoir transform\u00e9 nos salons, cuisines et bureaux, la deco continue de bousculer les codes en 2026. Entre&hellip;\n","protected":false},"author":2,"featured_media":573189,"comment_status":"","ping_status":"","sticky":false,"template":"","format":"standard","meta":{"footnotes":""},"categories":[1358],"tags":[5734,13041,18731,1348,1384,1385,3917,68756,9122,1386,58,3026,59,63471,35833,12219,1011,27,4743,2142,16285,2845,18017,24758,13409,8551,10776,8029,3974,15161],"class_list":{"0":"post-573188","1":"post","2":"type-post","3":"status-publish","4":"format-standard","5":"has-post-thumbnail","7":"category-arts-et-design","8":"tag-5734","9":"tag-a","10":"tag-adopter","11":"tag-arts","12":"tag-arts-and-design","13":"tag-arts-et-design","14":"tag-avant","15":"tag-biophiles","16":"tag-ces","17":"tag-design","18":"tag-divertissement","19":"tag-en","20":"tag-entertainment","21":"tag-escalier","22":"tag-escaliers","23":"tag-et","24":"tag-fr","25":"tag-france","26":"tag-la","27":"tag-maison","28":"tag-ne","29":"tag-nouveaux","30":"tag-quil","31":"tag-soit","32":"tag-tard","33":"tag-tendance","34":"tag-transformer","35":"tag-trop","36":"tag-vont","37":"tag-votre"},"share_on_mastodon":{"url":"https:\/\/pubeurope.com\/@fr\/115650173545786912","error":""},"_links":{"self":[{"href":"https:\/\/www.europesays.com\/fr\/wp-json\/wp\/v2\/posts\/573188","targetHints":{"allow":["GET"]}}],"collection":[{"href":"https:\/\/www.europesays.com\/fr\/wp-json\/wp\/v2\/posts"}],"about":[{"href":"https:\/\/www.europesays.com\/fr\/wp-json\/wp\/v2\/types\/post"}],"author":[{"embeddable":true,"href":"https:\/\/www.europesays.com\/fr\/wp-json\/wp\/v2\/users\/2"}],"replies":[{"embeddable":true,"href":"https:\/\/www.europesays.com\/fr\/wp-json\/wp\/v2\/comments?post=573188"}],"version-history":[{"count":0,"href":"https:\/\/www.europesays.com\/fr\/wp-json\/wp\/v2\/posts\/573188\/revisions"}],"wp:featuredmedia":[{"embeddable":true,"href":"https:\/\/www.europesays.com\/fr\/wp-json\/wp\/v2\/media\/573189"}],"wp:attachment":[{"href":"https:\/\/www.europesays.com\/fr\/wp-json\/wp\/v2\/media?parent=573188"}],"wp:term":[{"taxonomy":"category","embeddable":true,"href":"https:\/\/www.europesays.com\/fr\/wp-json\/wp\/v2\/categories?post=573188"},{"taxonomy":"post_tag","embeddable":true,"href":"https:\/\/www.europesays.com\/fr\/wp-json\/wp\/v2\/tags?post=573188"}],"curies":[{"name":"wp","href":"https:\/\/api.w.org\/{rel}","templated":true}]}}