{"id":57319,"date":"2025-04-27T17:29:09","date_gmt":"2025-04-27T17:29:09","guid":{"rendered":"https:\/\/www.europesays.com\/fr\/57319\/"},"modified":"2025-04-27T17:29:09","modified_gmt":"2025-04-27T17:29:09","slug":"lallemagne-commemore-la-liberation-du-camp-de-concentration-nazi-de-bergen-belsen","status":"publish","type":"post","link":"https:\/\/www.europesays.com\/fr\/57319\/","title":{"rendered":"L&rsquo;Allemagne comm\u00e9more la lib\u00e9ration du camp de concentration nazi de Bergen-Belsen"},"content":{"rendered":"<p>Des survivants de l&rsquo;Holocauste ont exhort\u00e9 dimanche l&rsquo;humanit\u00e9 \u00e0 ne pas oublier ce qui leur est arriv\u00e9, alors que l&rsquo;Allemagne c\u00e9l\u00e9bre le 80e anniversaire de la lib\u00e9ration du camp de concentration nazi de Bergen-Belsen.<\/p>\n<p>Plus de 50 anciens prisonniers du camp ont rejoint des politiciens allemands et la vice-Premi\u00e8re ministre britannique Angela Rayner pour une c\u00e9r\u00e9monie dans l&rsquo;Etat de Basse-Saxe (nord-ouest).<\/p>\n<p>\u00ab\u00a0Mon message pour l&rsquo;avenir est que chacun d&rsquo;entre nous doit \u00eatre vigilant et actif dans le combat contre la haine\u00a0\u00bb, a d\u00e9clar\u00e9 Mala Tribich, 94 ans, n\u00e9e en Pologne et envoy\u00e9e \u00e0 Bergen-Belsen quand elle \u00e9tait une enfant. \u00ab\u00a0Cela inclut l&rsquo;antis\u00e9mitisme et le racisme envers tout groupe de personnes\u00a0\u00bb.<\/p>\n<p>Plus de 50.000 personnes sont mortes dans le camp de Bergen-Belsen, dont la jeune \u00e9crivaine Anne Frank, qui avait \u00e9crit un journal (publi\u00e9 par la suite sous le titre \u00ab\u00a0Le journal d&rsquo;Anne Frank\u00a0\u00bb) devenu un symbole des souffrances inflig\u00e9es par les nazis pendant la Seconde guerre mondiale.<\/p>\n<p>Quand les arm\u00e9es occidentales sont arriv\u00e9es \u00e0 Bergen-Belsen le 15 avril 1945, elles ont trouv\u00e9 des prisonniers bourr\u00e9s de maladies et 10.000 cadavres non enterr\u00e9s.<\/p>\n<p>Les victimes \u00e9taient des juifs, des Tsiganes, des prisonniers de guerre, des homosexuels et des opposants politiques.<\/p>\n<p>Mme Tribich a racont\u00e9 comment, lorsqu&rsquo;elle est arriv\u00e9e au camp, \u00ab\u00a0la sc\u00e8ne qui nous attendait d\u00e9passait toute description\u00a0\u00bb.<\/p>\n<p>\u00ab\u00a0Il y avait beaucoup de gens qui ressemblaient \u00e0 des squelettes, se d\u00e9pla\u00e7ant comme des zombies. Puis ils tombaient et restaient juste o\u00f9 ils \u00e9taient, avec d&rsquo;autres personnes qui leur tombaient dessus\u00a0\u00bb, a-t-elle narr\u00e9.<\/p>\n<p>&#8211; R\u00e9visionnisme \u00ab\u00a0dangereux\u00a0\u00bb &#8211;<\/p>\n<p>L&rsquo;inqui\u00e9tude monte en Allemagne concernant la pr\u00e9servation de la m\u00e9moire de l&rsquo;Holocauste, alors que le parti d&rsquo;extr\u00eame droite AfD, arriv\u00e9 deuxi\u00e8me aux \u00e9lections l\u00e9gislatives en f\u00e9vrier, ne cesse de gagner en popularit\u00e9.<\/p>\n<p>Certains leaders de l&rsquo;AfD ont critiqu\u00e9 la tradition m\u00e9morielle de l&rsquo;Allemagne, soutenus par le milliardaire am\u00e9ricain Elon Musk pendant la campagne \u00e9lectorale.<\/p>\n<p>Stephan Weil, ministre-pr\u00e9sident de Basse-Saxe, a affirm\u00e9 dimanche que l&rsquo;Allemagne ne devait \u00ab\u00a0pas oublier ou r\u00e9p\u00e9ter le chapitre le plus sombre de son histoire et les crimes qui y \u00e9taient associ\u00e9s\u00a0\u00bb.<\/p>\n<p>\u00ab\u00a0Nous devons vigoureusement nous opposer \u00e0 toute tentative de relativiser ou r\u00e9\u00e9crire l&rsquo;histoire\u00a0\u00bb, a-t-il ajout\u00e9.<\/p>\n<p>Angela Rayner a soulign\u00e9 que \u00ab\u00a0de plus en plus de gens d\u00e9naturent l&rsquo;Holocauste\u00a0\u00bb, qualifiant ce r\u00e9visionnisme historique de \u00ab\u00a0non seulement ignorant, mais dangereux\u00a0\u00bb.<\/p>\n<p>\u00ab\u00a0C&rsquo;est notre devoir collectif de nous opposer \u00e0 eux frontalement et leur montrer que ce qui s&rsquo;est pass\u00e9 ici et ailleurs ne doit jamais \u00eatre oubli\u00e9\u00a0\u00bb, a-t-elle estim\u00e9.<\/p>\n<p>L&rsquo;Allemagne a organis\u00e9 plusieurs c\u00e9r\u00e9monies cette ann\u00e9e pour marquer le 80e anniversaire de la lib\u00e9ration des camps nazis et d&rsquo;autres \u00e9v\u00e9nements majeurs survenus \u00e0 la fin de la Seconde guerre mondiale.<\/p>\n<p>Le 8 mai, le parlement allemand organisera une c\u00e9r\u00e9monie officielle pour c\u00e9l\u00e9brer le 80e anniversaire de la fin du conflit.<\/p>\n<p>bur-fec\/mba\/ib<\/p>\n","protected":false},"excerpt":{"rendered":"Des survivants de l&rsquo;Holocauste ont exhort\u00e9 dimanche l&rsquo;humanit\u00e9 \u00e0 ne pas oublier ce qui leur est arriv\u00e9, alors&hellip;\n","protected":false},"author":2,"featured_media":57320,"comment_status":"","ping_status":"","sticky":false,"template":"","format":"standard","meta":{"footnotes":""},"categories":[1587],"tags":[11,672,15308,15306,1804,5542,5540,1805,1803,1777,674,1801,3442,5541,12,15307,1802],"class_list":{"0":"post-57319","1":"post","2":"type-post","3":"status-publish","4":"format-standard","5":"has-post-thumbnail","7":"category-allemagne","8":"tag-actualites","9":"tag-allemagne","10":"tag-angela-rayner","11":"tag-bergen-belsen","12":"tag-bundesrepublik-deutschland","13":"tag-camp","14":"tag-camp-de-concentration","15":"tag-de","16":"tag-deutschland","17":"tag-eu","18":"tag-europe","19":"tag-germany","20":"tag-lallemagne","21":"tag-la-liberation","22":"tag-news","23":"tag-prisonniers-de-guerre","24":"tag-republique-federale-dallemagne"},"share_on_mastodon":{"url":"https:\/\/pubeurope.com\/@fr\/114411114649793613","error":""},"_links":{"self":[{"href":"https:\/\/www.europesays.com\/fr\/wp-json\/wp\/v2\/posts\/57319","targetHints":{"allow":["GET"]}}],"collection":[{"href":"https:\/\/www.europesays.com\/fr\/wp-json\/wp\/v2\/posts"}],"about":[{"href":"https:\/\/www.europesays.com\/fr\/wp-json\/wp\/v2\/types\/post"}],"author":[{"embeddable":true,"href":"https:\/\/www.europesays.com\/fr\/wp-json\/wp\/v2\/users\/2"}],"replies":[{"embeddable":true,"href":"https:\/\/www.europesays.com\/fr\/wp-json\/wp\/v2\/comments?post=57319"}],"version-history":[{"count":0,"href":"https:\/\/www.europesays.com\/fr\/wp-json\/wp\/v2\/posts\/57319\/revisions"}],"wp:featuredmedia":[{"embeddable":true,"href":"https:\/\/www.europesays.com\/fr\/wp-json\/wp\/v2\/media\/57320"}],"wp:attachment":[{"href":"https:\/\/www.europesays.com\/fr\/wp-json\/wp\/v2\/media?parent=57319"}],"wp:term":[{"taxonomy":"category","embeddable":true,"href":"https:\/\/www.europesays.com\/fr\/wp-json\/wp\/v2\/categories?post=57319"},{"taxonomy":"post_tag","embeddable":true,"href":"https:\/\/www.europesays.com\/fr\/wp-json\/wp\/v2\/tags?post=57319"}],"curies":[{"name":"wp","href":"https:\/\/api.w.org\/{rel}","templated":true}]}}