{"id":573190,"date":"2025-12-02T13:20:19","date_gmt":"2025-12-02T13:20:19","guid":{"rendered":"https:\/\/www.europesays.com\/fr\/573190\/"},"modified":"2025-12-02T13:20:19","modified_gmt":"2025-12-02T13:20:19","slug":"un-record-depuis-2-ans-le-complement-denquete-sur-cnews-cartonne-en-replay","status":"publish","type":"post","link":"https:\/\/www.europesays.com\/fr\/573190\/","title":{"rendered":"\u00ab\u00a0Un record depuis 2 ans\u00a0\u00bb : Le \u00ab\u00a0Compl\u00e9ment d\u2019enqu\u00eate\u00a0\u00bb sur CNews cartonne en replay"},"content":{"rendered":"<p>La suite apr\u00e8s la publicit\u00e9<\/p>\n<p>\u00ab\u00a0Merci de votre confiance en l&rsquo;investigation.\u00a0\u00bb C&rsquo;est avec ces mots que <a href=\"https:\/\/www.ozap.com\/personnalite\/tristan-waleckx_e213165\" target=\"_blank\" rel=\"noopener\">Tristan Waleckx<\/a>, le pr\u00e9sentateur de \u00ab\u00a0Compl\u00e9ment d&rsquo;enqu\u00eate\u00a0\u00bb, s&rsquo;est adress\u00e9 aux t\u00e9l\u00e9spectateurs ayant visionn\u00e9 le r\u00e9cent num\u00e9ro <a href=\"https:\/\/www.ozap.com\/actu\/audiences-novembre-2025-cnews-senvole-sur-un-an-et-egale-son-avance-historique-sur-bfmtv-qui-chute-lci-progresse-franceinfo-sous-les-1\/652700\" target=\"_blank\" rel=\"noopener\">consacr\u00e9 \u00e0 la cha\u00eene du groupe Canal+ CNews<\/a>. Depuis la diffusion sur France 2, jeudi 27 novembre, le journaliste assure le service apr\u00e8s-vente d&rsquo;un \u00e9pisode qui faisait d\u00e9j\u00e0 parler <a href=\"https:\/\/www.ozap.com\/actu\/pourquoi-complement-d-enquete-a-supprime-en-derniere-minute-une-sequence-de-son-enquete-sur-cnews\/652661\" target=\"_blank\" rel=\"noopener\">avant m\u00eame sa pr\u00e9sentation aux t\u00e9l\u00e9spectateurs<\/a>, et qui continue \u00e0 alimenter bien des d\u00e9bats, aussi enthousiastes que critiques. Une chose est s\u00fbre : le reportage suscite \u00e9norm\u00e9ment de curiosit\u00e9, puisque Tristan Waleckx vient d&rsquo;annoncer que l&rsquo;enqu\u00eate baptis\u00e9e \u00ab\u00a0Des infos ou d\u00e9sinfo ? La m\u00e9thode CNews\u00a0\u00bb a battu un record de visionnage en replay.<\/p>\n<p>Record de visionnage en replay depuis 2 ans<\/p>\n<p>\u00ab\u00a0Malgr\u00e9 des dizaines d&rsquo;heures d\u2019attaques de Cnews, notre \u00ab\u00a0Compl\u00e9ment d&rsquo;enqu\u00eate\u00a0\u00bb sur la 1ere cha\u00eene de (d\u00e9s?)info en continu de France a \u00e9t\u00e9 vu 350.000 fois en 3 jours sur la plateforme France.tv, a ainsi \u00e9crit Tristan Waleckx le 1er d\u00e9cembre sur son compte Twitter. Un record depuis 2 ans.\u00a0\u00bb Dans cette enqu\u00eate r\u00e9alis\u00e9e par la journaliste Lilya Melkonian \u00e9taient explor\u00e9s aussi bien l&rsquo;\u00e9mergence du canal apr\u00e8s la disparition pr\u00e9matur\u00e9e d&rsquo;iTELE que le profil de son pr\u00e9sentateur vedette <a href=\"https:\/\/www.ozap.com\/personnalite\/pascal-praud_e285802\" target=\"_blank\" rel=\"noopener\">Pascal Praud<\/a>, le listing des th\u00e9matiques le plus souvent abord\u00e9es, ou encore les demandes particuli\u00e8res et orient\u00e9es pour la r\u00e9alisation de reportages aupr\u00e8s des journalistes de la cha\u00eene. Jeudi 27 novembre, pour sa diffusion en lin\u00e9aire sur France 2, \u00ab\u00a0Compl\u00e9ment d&rsquo;enqu\u00eate\u00a0\u00bb s&rsquo;\u00e9tait d\u00e9j\u00e0 offert <a href=\"https:\/\/www.ozap.com\/actu\/audiences-quel-score-pour-le-complement-denquete-evenement-sur-cnews\/652658\" target=\"_blank\" rel=\"noopener\">son record de saison<\/a> en r\u00e9unissant 1,09 million de t\u00e9l\u00e9spectateurs en moyenne entre 23h02 et 00h19. Un tr\u00e8s joli score, qui est malgr\u00e9 tout loin d&rsquo;\u00e9galer le record historique de l&rsquo;\u00e9mission d&rsquo;investigation r\u00e9alis\u00e9 en novembre 2023 avec un reportage consacr\u00e9 <a href=\"https:\/\/www.ozap.com\/actu\/audiences-replay-record-historique-pour-le-numero-de-complement-d-enquete-sur-cyril-hanouna\/640387\" target=\"_blank\" rel=\"noopener\">\u00e0 Cyril Hanouna<\/a> : 3,03 millions de curieux s&rsquo;\u00e9taient \u00e0 l&rsquo;\u00e9poque branch\u00e9s sur France 2.<\/p>\n<p>Vendredi 28 novembre, sur CNews, Pascal Praud <a href=\"https:\/\/www.ozap.com\/actu\/c-est-un-naufrage-pascal-praud-dezingue-le-complement-d-enquete-de-france-2-sur-cnews\/652662\" target=\"_blank\" rel=\"noopener\">avait r\u00e9agi tr\u00e8s abondamment<\/a> \u00e0 la diffusion de l&rsquo;enqu\u00eate de France 2, qui le montrait largement du doigt. \u00ab\u00a0Tout \u00e7a pour \u00e7a !\u00a0\u00bb, avait-il ainsi lanc\u00e9 \u00e0 l&rsquo;antenne avant de railler les informations avanc\u00e9es dans l&rsquo;\u00e9mission. \u00ab\u00a0Il y a, c\u2019est vrai, des r\u00e9v\u00e9lations fracassantes : j\u2019aime beaucoup Nicolas Sarkozy. Je suis d\u00e9masqu\u00e9 ! J\u2019ai aussi appris qu\u2019il n\u2019existait pas de lien entre immigration et ins\u00e9curit\u00e9, me voici rassur\u00e9 [&#8230;] ll est temps de se demander o\u00f9 part l\u2019argent des Fran\u00e7ais ? Le service public de l\u2019audiovisuel fran\u00e7ais co\u00fbte 4 milliards d\u2019euros par an !\u00a0\u00bb Invit\u00e9 hier sur le plateau de Quotidien sur TMC, Tristan Waleckx avait lui affirm\u00e9 \u00eatre en contact avec le visage vedette de CNews depuis la diffusion de l&rsquo;\u00e9mission. \u00ab\u00a0Le lendemain, quand il m\u2019explique qu\u2019il n\u2019y a rien dans l\u2019enqu\u00eate, je lui dis que ce n\u2019est pas tr\u00e8s respectueux pour quelqu\u2019un qui a fait condamner \u00e0 deux reprises Jean-Marc Morandini pour corruption de mineurs m\u00eame si on attend la d\u00e9cision de la cour de Cassation, a notamment r\u00e9v\u00e9l\u00e9 le journaliste de France 2. C\u2019est le seul point sur lequel Pascal Praud a dit : \u201cMorandini, \u00e7a peut-\u00eatre, c\u2019est particulier\u201d\u00a0\u00bb.<\/p>\n","protected":false},"excerpt":{"rendered":"La suite apr\u00e8s la publicit\u00e9 \u00ab\u00a0Merci de votre confiance en l&rsquo;investigation.\u00a0\u00bb C&rsquo;est avec ces mots que Tristan Waleckx,&hellip;\n","protected":false},"author":2,"featured_media":573191,"comment_status":"","ping_status":"","sticky":false,"template":"","format":"standard","meta":{"footnotes":""},"categories":[1356],"tags":[58,59,1011,27,252,1364],"class_list":{"0":"post-573190","1":"post","2":"type-post","3":"status-publish","4":"format-standard","5":"has-post-thumbnail","7":"category-television","8":"tag-divertissement","9":"tag-entertainment","10":"tag-fr","11":"tag-france","12":"tag-television","13":"tag-tv"},"share_on_mastodon":{"url":"https:\/\/pubeurope.com\/@fr\/115650181504054472","error":""},"_links":{"self":[{"href":"https:\/\/www.europesays.com\/fr\/wp-json\/wp\/v2\/posts\/573190","targetHints":{"allow":["GET"]}}],"collection":[{"href":"https:\/\/www.europesays.com\/fr\/wp-json\/wp\/v2\/posts"}],"about":[{"href":"https:\/\/www.europesays.com\/fr\/wp-json\/wp\/v2\/types\/post"}],"author":[{"embeddable":true,"href":"https:\/\/www.europesays.com\/fr\/wp-json\/wp\/v2\/users\/2"}],"replies":[{"embeddable":true,"href":"https:\/\/www.europesays.com\/fr\/wp-json\/wp\/v2\/comments?post=573190"}],"version-history":[{"count":0,"href":"https:\/\/www.europesays.com\/fr\/wp-json\/wp\/v2\/posts\/573190\/revisions"}],"wp:featuredmedia":[{"embeddable":true,"href":"https:\/\/www.europesays.com\/fr\/wp-json\/wp\/v2\/media\/573191"}],"wp:attachment":[{"href":"https:\/\/www.europesays.com\/fr\/wp-json\/wp\/v2\/media?parent=573190"}],"wp:term":[{"taxonomy":"category","embeddable":true,"href":"https:\/\/www.europesays.com\/fr\/wp-json\/wp\/v2\/categories?post=573190"},{"taxonomy":"post_tag","embeddable":true,"href":"https:\/\/www.europesays.com\/fr\/wp-json\/wp\/v2\/tags?post=573190"}],"curies":[{"name":"wp","href":"https:\/\/api.w.org\/{rel}","templated":true}]}}