{"id":573198,"date":"2025-12-02T13:24:19","date_gmt":"2025-12-02T13:24:19","guid":{"rendered":"https:\/\/www.europesays.com\/fr\/573198\/"},"modified":"2025-12-02T13:24:19","modified_gmt":"2025-12-02T13:24:19","slug":"les-papaya-rules-iront-elles-jusqua-abu-dhabi-stella-repond","status":"publish","type":"post","link":"https:\/\/www.europesays.com\/fr\/573198\/","title":{"rendered":"Les \u00ab\u00a0papaya rules\u00a0\u00bb iront-elles jusqu&rsquo;\u00e0 Abu Dhabi ? Stella r\u00e9pond"},"content":{"rendered":"<p>Apr\u00e8s le Grand Prix du Qatar, la lutte pour le titre se jouera donc lors de la finale de la saison \u00e0 Abu Dhabi. Tout reste encore \u00e0 faire pour <a href=\"https:\/\/fr.motorsport.com\/team\/mclaren\/609\/\" target=\"_blank\" rel=\"noopener\">McLaren<\/a>, et surtout pour <a href=\"https:\/\/fr.motorsport.com\/driver\/lando-norris\/289708\/\" target=\"_blank\" rel=\"noopener\">Lando Norris<\/a>, toujours favori face \u00e0 ses deux rivaux <a href=\"https:\/\/fr.motorsport.com\/driver\/max-verstappen\/93029\/\" target=\"_blank\" rel=\"noopener\">Max Verstappen<\/a> et <a href=\"https:\/\/fr.motorsport.com\/driver\/oscar-piastri\/835356\/\" target=\"_blank\" rel=\"noopener\">Oscar Piastri<\/a>.<\/p>\n<p>Lando\u202fNorris avait l&rsquo;occasion de d\u00e9crocher le titre \u00e0 Losail. Certes, il ne s&rsquo;est pas facilit\u00e9 la t\u00e2che en laissant la pole \u00e0 Oscar\u202fPiastri sur un trac\u00e9 o\u00f9 les d\u00e9passements sont particuli\u00e8rement difficiles, mais le Britannique aurait au moins d\u00fb quitter le Qatar avec une avance quasi intacte sur Verstappen, voire avec le N\u00e9erlandais hors course pour le championnat.\u00a0<\/p>\n<p>Cependant, c&rsquo;est bien Max\u202fVerstappen qui a finalement remport\u00e9 le Grand Prix du Qatar. Une victoire qui, dans des conditions normales, aurait d\u00fb revenir \u00e0 Oscar\u202fPiastri. Le choix de McLaren de laisser ses deux pilotes en piste lors de la sortie de la voiture de s\u00e9curit\u00e9, alors que l&rsquo;ensemble du peloton s&rsquo;arr\u00eatait aux stands, a en grande partie ouvert la voie \u00e0 au pilote <a href=\"https:\/\/fr.motorsport.com\/team\/red-bull\/553\/\" target=\"_blank\" rel=\"noopener\">Red Bull<\/a>.<\/p>\n<p>   <img decoding=\"async\" draggable=\"false\" src=\"https:\/\/www.europesays.com\/fr\/wp-content\/uploads\/2025\/12\/oscar-piastri-mclaren.jpg\" alt=\"Oscar Piastri (McLaren)\" width=\"1200\" height=\"800\" loading=\"lazy\"\/> <\/p>\n<p class=\"title\">Oscar Piastri (McLaren)<\/p>\n<p class=\"photographer\">Photo de: Lars Baron \/ LAT Images via Getty Images<\/p>\n<p>Concernant, la d\u00e9cision de McLaren, qui s&rsquo;est finalement r\u00e9v\u00e9l\u00e9e \u00eatre la mauvaise, Andrea Stella, directeur de l&rsquo;\u00e9quipe, a souhait\u00e9 pr\u00e9senter ses excuses \u00e0 ses pilotes, tous les deux tr\u00e8s frustr\u00e9s apr\u00e8s l&rsquo;\u00e9preuve.<\/p>\n<p>\u00ab\u00a0Tout d&rsquo;abord, nous comprenons qu&rsquo;Oscar soit extr\u00eamement d\u00e9\u00e7u car, comme je l&rsquo;ai dit au d\u00e9but, il a fait tout ce qu&rsquo;il fallait, n&rsquo;est-ce pas\u00a0? Il a \u00e9t\u00e9 rapide\u00a0\u00bb, a d\u00e9clar\u00e9 Stella \u00e0 Sky Sports. \u00ab\u00a0Il a \u00e9t\u00e9 solide. Il a \u00e9t\u00e9 constant.\u00a0Il en va de m\u00eame pour\u00a0Lando, donc les pilotes m\u00e9ritaient de profiter pleinement de leurs excellentes performances.\u00a0\u00bb<\/p>\n<p>Gr\u00e2ce aux 25 points glan\u00e9s par Verstappen au Qatar, le N\u00e9erlandais revient \u00e0 12 unit\u00e9s de Lando\u202fNorris, rel\u00e9guant Oscar\u202fPiastri \u00e0 la troisi\u00e8me place du championnat. \u00c0 l&rsquo;aube de la derni\u00e8re course de la saison, Norris reste le favori\u00a0: il lui suffira de terminer sur le podium pour \u00eatre sacr\u00e9. Verstappen et Piastri devront, m\u00eame en cas de victoire, compter sur une contre-performance du Britannique pour esp\u00e9rer d\u00e9crocher la couronne.<\/p>\n<p>Lire aussi :<\/p>\n<p>Reste maintenant \u00e0 savoir si l&rsquo;\u00e9quit\u00e9 entre les pilotes McLaren sera pr\u00e9serv\u00e9e jusqu&rsquo;\u00e0 Abu Dhabi, ou si l&rsquo;\u00e9quipe britannique choisira enfin de soutenir l&rsquo;un des deux.\u00a0\u00ab\u00a0En termes d&rsquo;adaptation de notre mani\u00e8re de courir, nous voulons simplement garder toutes les options ouvertes pour les deux pilotes. Ils sont tous deux en capacit\u00e9 de remporter le championnat\u00a0\u00bb, a clarifi\u00e9 Stella.<\/p>\n<p>\u00ab\u00a0Il y a souvent eu, dans l&rsquo;histoire de la Formule 1, des situations o\u00f9 le troisi\u00e8me au classement parvenait finalement \u00e0 d\u00e9crocher le titre. Je me souviens de 2007 avec Kimi [R\u00e4ikk\u00f6nen], et je pense que ce fut pareil en 2010. Nous devons respecter le fait qu&rsquo;Oscar a sa chance de gagner, et nous allons donc les laisser se battre sur la piste.\u00a0\u00bb<\/p>\n<blockquote>\n<p>Nous devons \u00eatre parfaits.<\/p>\n<\/blockquote>\n<p>N\u00e9anmoins, si l&rsquo;erreur de McLaren a certainement co\u00fbt\u00e9 \u00e0 ses pilotes, l&rsquo;\u00e9curie britannique va travailler pour ne pas refaire la m\u00eame lors de la derni\u00e8re course de l&rsquo;ann\u00e9e, celle o\u00f9 tout comptera. \u00ab\u00a0\u202fComme toujours, il s&rsquo;agit de revoir et de pr\u00e9parer chaque d\u00e9tail, donc nous devons nous pr\u00e9parer de mani\u00e8re tr\u00e8s rigoureuse et professionnelle, en suivant notre m\u00e9thode consolid\u00e9e pour pr\u00e9parer les \u00e9v\u00e9nements de course\u00a0\u00bb, a confi\u00e9 Stella.<\/p>\n<p>\u00ab\u00a0En m\u00eame temps, je pense que certains des derniers \u00e9v\u00e9nements nous ont fourni des informations importantes \u00e0 analyser, revoir et sur lesquelles effectuer toutes les adaptations n\u00e9cessaires. Nous devons \u00eatre parfaits car la concurrence est tr\u00e8s \u00e9lev\u00e9e et nos rivaux sont tr\u00e8s performants. Si nous ne sommes pas parfaits, comme nous l&rsquo;avons vu aujourd&rsquo;hui et \u00e0 Las Vegas, nous risquons de manquer des opportunit\u00e9s.\u00a0\u00bb<\/p>\n<p>\u00ab\u00a0Nous sommes toujours en position de garder le championnat entre nos mains. Tout d\u00e9pend maintenant de la qualit\u00e9 de notre travail pour assurer la performance et l&rsquo;ex\u00e9cution de course n\u00e9cessaires. Je pense que l&rsquo;\u00e9quipe a d\u00e9j\u00e0 d\u00e9montr\u00e9 qu&rsquo;elle est tr\u00e8s unie. De grandes discussions ont toujours lieu, m\u00eame apr\u00e8s des courses difficiles.\u00a0\u00bb<\/p>\n<p>\u00ab\u00a0Donc, m\u00eame dans ce cas, nous nous assurerons, avec Oscar, avec Lando, avec toute l&rsquo;\u00e9quipe, d&rsquo;\u00eatre pr\u00e9par\u00e9s et d&rsquo;aborder la finale de cette saison avec une d\u00e9termination totale.\u00a0\u00bb<\/p>\n<p>Lire aussi :<\/p>\n<p>            Votre avis nous int\u00e9resse !<\/p>\n<p class=\"mt-auto\">Qu&rsquo;aimeriez-vous voir sur Motorsport.com ?<\/p>\n<p>            <a href=\"#\" class=\"ms-link text-link font-bold\">R\u00e9pondez \u00e0 notre enqu\u00eate en 5 minutes.<\/a><\/p>\n<p class=\"mt-1 text-body\">&#8211; L&rsquo;\u00e9quipe Motorsport.com<\/p>\n","protected":false},"excerpt":{"rendered":"Apr\u00e8s le Grand Prix du Qatar, la lutte pour le titre se jouera donc lors de la finale&hellip;\n","protected":false},"author":2,"featured_media":573199,"comment_status":"","ping_status":"","sticky":false,"template":"","format":"standard","meta":{"footnotes":""},"categories":[9],"tags":[12570,1454,1011,27,3596,2243,68757,3597,4475,2241,60],"class_list":{"0":"post-573198","1":"post","2":"type-post","3":"status-publish","4":"format-standard","5":"has-post-thumbnail","7":"category-sports","8":"tag-andrea-stella","9":"tag-formule-1","10":"tag-fr","11":"tag-france","12":"tag-gp-du-qatar","13":"tag-lando-norris","14":"tag-les-papaya-rules-iront-elles-jusquu00e0-abu-dhabi-stella-ru00e9pond","15":"tag-losail-international-circuit","16":"tag-mclaren","17":"tag-oscar-piastri","18":"tag-sports"},"share_on_mastodon":{"url":"https:\/\/pubeurope.com\/@fr\/115650198301537539","error":""},"_links":{"self":[{"href":"https:\/\/www.europesays.com\/fr\/wp-json\/wp\/v2\/posts\/573198","targetHints":{"allow":["GET"]}}],"collection":[{"href":"https:\/\/www.europesays.com\/fr\/wp-json\/wp\/v2\/posts"}],"about":[{"href":"https:\/\/www.europesays.com\/fr\/wp-json\/wp\/v2\/types\/post"}],"author":[{"embeddable":true,"href":"https:\/\/www.europesays.com\/fr\/wp-json\/wp\/v2\/users\/2"}],"replies":[{"embeddable":true,"href":"https:\/\/www.europesays.com\/fr\/wp-json\/wp\/v2\/comments?post=573198"}],"version-history":[{"count":0,"href":"https:\/\/www.europesays.com\/fr\/wp-json\/wp\/v2\/posts\/573198\/revisions"}],"wp:featuredmedia":[{"embeddable":true,"href":"https:\/\/www.europesays.com\/fr\/wp-json\/wp\/v2\/media\/573199"}],"wp:attachment":[{"href":"https:\/\/www.europesays.com\/fr\/wp-json\/wp\/v2\/media?parent=573198"}],"wp:term":[{"taxonomy":"category","embeddable":true,"href":"https:\/\/www.europesays.com\/fr\/wp-json\/wp\/v2\/categories?post=573198"},{"taxonomy":"post_tag","embeddable":true,"href":"https:\/\/www.europesays.com\/fr\/wp-json\/wp\/v2\/tags?post=573198"}],"curies":[{"name":"wp","href":"https:\/\/api.w.org\/{rel}","templated":true}]}}