{"id":573204,"date":"2025-12-02T13:27:14","date_gmt":"2025-12-02T13:27:14","guid":{"rendered":"https:\/\/www.europesays.com\/fr\/573204\/"},"modified":"2025-12-02T13:27:14","modified_gmt":"2025-12-02T13:27:14","slug":"gradium-la-nouvelle-start-up-francaise-specialiste-dia-vocale","status":"publish","type":"post","link":"https:\/\/www.europesays.com\/fr\/573204\/","title":{"rendered":"Gradium, la nouvelle start-up fran\u00e7aise sp\u00e9cialiste d\u2019IA vocale"},"content":{"rendered":"<p>                     <img loading=\"lazy\" decoding=\"async\" src=\"https:\/\/www.europesays.com\/fr\/wp-content\/uploads\/2025\/12\/299c503_upload-1-tin9tm8ep5ai-founders-1.jpg\" alt=\"Le quatuor \u00e0 la t\u00eate de la start-up Gradium (de gauche \u00e0 droite)\u00a0: Olivier Teboul, directeur de la technologie, Alexandre D\u00e9fossez, directeur scientifique, Neil Zeghidour, directeur g\u00e9n\u00e9ral, et Laurent Mazar\u00e9, directeur informatique. A Paris, le 28\u00a0novembre\u00a02025.\"   width=\"664\" height=\"443\"\/>    Le quatuor \u00e0 la t\u00eate de la start-up Gradium (de gauche \u00e0 droite)\u00a0: Olivier Teboul, directeur de la technologie, Alexandre D\u00e9fossez, directeur scientifique, Neil Zeghidour, directeur g\u00e9n\u00e9ral, et Laurent Mazar\u00e9, directeur informatique. A Paris, le 28\u00a0novembre\u00a02025.  ALEXANDRE SURRE\/GRADIUM                 <\/p>\n<p class=\"article__paragraph  \">La France et l\u2019Europe comptent une start-up suppl\u00e9mentaire capable de cr\u00e9er ses propres mod\u00e8les d\u2019intelligence artificielle (IA)\u00a0: Gradium, sp\u00e9cialis\u00e9e dans le son et l\u2019IA vocale. L\u2019entreprise officialise, mardi 2\u00a0d\u00e9cembre, son existence et annonce avoir lev\u00e9 60\u00a0millions d\u2019euros lors d\u2019un premier tour de table. \u00ab\u00a0M\u00eame en \u00e9tant petit et \u00e0 Paris, on peut \u00eatre dans la course mondiale et en concurrence directe avec OpenAI ou Meta\u00a0\u00bb, assure son directeur g\u00e9n\u00e9ral, Neil Zeghidour, estimant que \u00ab\u00a0le potentiel de l\u2019IA vocale reste largement inexploit\u00e9\u00a0\u00bb et que la voix peut devenir \u00ab\u00a0l\u2019interface principale entre humains et machines\u00a0\u00bb.<\/p>\n<p>   Lire plus tard  <\/p>\n<p class=\"article__paragraph  \">Le c\u0153ur de l\u2019\u00e9quipe de Gradium travaillait jusqu\u2019ici au sein de Kyutai, <a href=\"https:\/\/www.lemonde.fr\/economie\/article\/2023\/11\/18\/xavier-niel-rodolphe-saade-et-l-ex-pdg-de-google-lancent-un-laboratoire-d-intelligence-artificielle_6200933_3234.html\" target=\"_blank\" rel=\"noopener\">le laboratoire \u00e0 but non lucratif cofond\u00e9, en 2023, par Xavier Niel <\/a>(fondateur d\u2019Iliad et actionnaire \u00e0 titre individuel du Monde), Eric Schmidt (ex-PDG de Google) et Rodolphe Saad\u00e9 (PDG de CMA CGM). M.\u00a0Zeghidour y travaillait apr\u00e8s \u00eatre pass\u00e9 par Google DeepMind et Meta, de m\u00eame que Laurent Mazar\u00e9 (ex-Google DeepMind) et Alexandre D\u00e9fossez (ex-Meta). Tous avaient collabor\u00e9 au lancement du mod\u00e8le de son et d\u2019IA vocale Moshi, d\u00e9voil\u00e9 par Kyutai en juin\u00a02024.<\/p>\n<p class=\"reading-mode-only \"><strong>Il vous reste 68.72% de cet article \u00e0 lire. La suite est r\u00e9serv\u00e9e aux abonn\u00e9s.<\/strong><\/p>\n","protected":false},"excerpt":{"rendered":"Le quatuor \u00e0 la t\u00eate de la start-up Gradium (de gauche \u00e0 droite)\u00a0: Olivier Teboul, directeur de la&hellip;\n","protected":false},"author":2,"featured_media":573205,"comment_status":"","ping_status":"","sticky":false,"template":"","format":"standard","meta":{"footnotes":""},"categories":[6],"tags":[35,33,34,1011,27],"class_list":{"0":"post-573204","1":"post","2":"type-post","3":"status-publish","4":"format-standard","5":"has-post-thumbnail","7":"category-economie","8":"tag-business","9":"tag-economie","10":"tag-economy","11":"tag-fr","12":"tag-france"},"share_on_mastodon":{"url":"https:\/\/pubeurope.com\/@fr\/115650210028528354","error":""},"_links":{"self":[{"href":"https:\/\/www.europesays.com\/fr\/wp-json\/wp\/v2\/posts\/573204","targetHints":{"allow":["GET"]}}],"collection":[{"href":"https:\/\/www.europesays.com\/fr\/wp-json\/wp\/v2\/posts"}],"about":[{"href":"https:\/\/www.europesays.com\/fr\/wp-json\/wp\/v2\/types\/post"}],"author":[{"embeddable":true,"href":"https:\/\/www.europesays.com\/fr\/wp-json\/wp\/v2\/users\/2"}],"replies":[{"embeddable":true,"href":"https:\/\/www.europesays.com\/fr\/wp-json\/wp\/v2\/comments?post=573204"}],"version-history":[{"count":0,"href":"https:\/\/www.europesays.com\/fr\/wp-json\/wp\/v2\/posts\/573204\/revisions"}],"wp:featuredmedia":[{"embeddable":true,"href":"https:\/\/www.europesays.com\/fr\/wp-json\/wp\/v2\/media\/573205"}],"wp:attachment":[{"href":"https:\/\/www.europesays.com\/fr\/wp-json\/wp\/v2\/media?parent=573204"}],"wp:term":[{"taxonomy":"category","embeddable":true,"href":"https:\/\/www.europesays.com\/fr\/wp-json\/wp\/v2\/categories?post=573204"},{"taxonomy":"post_tag","embeddable":true,"href":"https:\/\/www.europesays.com\/fr\/wp-json\/wp\/v2\/tags?post=573204"}],"curies":[{"name":"wp","href":"https:\/\/api.w.org\/{rel}","templated":true}]}}