{"id":573206,"date":"2025-12-02T13:28:16","date_gmt":"2025-12-02T13:28:16","guid":{"rendered":"https:\/\/www.europesays.com\/fr\/573206\/"},"modified":"2025-12-02T13:28:16","modified_gmt":"2025-12-02T13:28:16","slug":"le-corps-dune-influenceuse-retrouve-dans-une-valise-enterree-dans-les-bois-son-ex-compagnon-passe-aux-aveux","status":"publish","type":"post","link":"https:\/\/www.europesays.com\/fr\/573206\/","title":{"rendered":"Le corps d\u2019une influenceuse retrouv\u00e9 dans une valise enterr\u00e9e dans les bois, son ex-compagnon passe aux aveux"},"content":{"rendered":"<p>C\u2019est une affaire sordide qui secoue actuellement l\u2019<a href=\"https:\/\/www.20minutes.fr\/dossier\/autriche\" class=\"c-link c-link--is-underlined\" target=\"_blank\" rel=\"noopener\">Autriche<\/a>.\u00a0Stefanie Pieper, une <a href=\"https:\/\/www.20minutes.fr\/arts-stars\/web\/influenceur\/\" class=\"c-link c-link--is-underlined\" target=\"_blank\" rel=\"noopener\">influenceuse<\/a> mode et beaut\u00e9, a \u00e9t\u00e9 retrouv\u00e9e morte dans une for\u00eat slov\u00e8ne la semaine derni\u00e8re. Son corps avait \u00e9t\u00e9 enferm\u00e9 dans une valise et enterr\u00e9 sur place, rapporte le m\u00e9dia <a href=\"https:\/\/www.krone.at\/3972951\" rel=\"nofollow noopener\" target=\"_blank\" class=\"c-link c-link--is-underlined\">Kronen Zeitung<\/a>. Son ex-compagnon a \u00e9t\u00e9 interpell\u00e9 et incarc\u00e9r\u00e9 gr\u00e2ce au travail des <a href=\"https:\/\/www.20minutes.fr\/dossier\/policier\" class=\"c-link c-link--is-underlined\" target=\"_blank\" rel=\"noopener\">policiers<\/a> autrichiens et slov\u00e8nes.<\/p>\n<p>Des t\u00e9moignages accablants<\/p>\n<p>La <a href=\"https:\/\/www.20minutes.fr\/dossier\/disparition\" class=\"c-link c-link--is-underlined\" target=\"_blank\" rel=\"noopener\">disparition<\/a> de la jeune femme de 32 ans avait \u00e9t\u00e9 signal\u00e9e le 23\u00a0novembre car elle ne s\u2019\u00e9tait pas rendue \u00e0 un shooting photo. La police s\u2019\u00e9tait d\u00e9plac\u00e9e au domicile de l\u2019influenceuse, \u00e0\u00a0Graz, o\u00f9 elle \u00e9tait tomb\u00e9e sur le suspect. Ce dernier avait expliqu\u00e9 qu\u2019il gardait le chien de\u00a0Stefanie. Mais les forces de l\u2019ordre avaient alors relev\u00e9 des traces de sang suspectes sur l\u2019encadrement d\u2019une porte.<\/p>\n<p class=\"mb-m@xs text-l@xs\">En cliquant sur\u00ab J\u2019accepte \u00bb, vous acceptez le d\u00e9p\u00f4t de cookies par des services externes et aurez ainsi acc\u00e8s aux contenus de nos partenaires.<\/p>\n<p class=\"mb-xl@xs text-s@xs\">Plus d\u2019informations sur la page<a href=\"https:\/\/www.20minutes.fr\/gestion-cookies\" class=\"mx-xxs@xs color-ultramarine\" target=\"_blank\" rel=\"noopener\">Politique de gestion des cookies<\/a><\/p>\n<p>J\u2019accepte<\/p>\n<p>Les auditions de plusieurs t\u00e9moins ont permis de mettre en lumi\u00e8re une violente dispute au sein du couple, survenue la nuit pr\u00e9c\u00e9dent la disparition. Le jeune homme, \u00e2g\u00e9 de 31 ans, aurait \u00e9t\u00e9 aper\u00e7u\u00a0sortant de l\u2019appartement de\u00a0Stefanie Pieper \u00ab\u00a0avec une sorte de b\u00e2che ou de tapis sur l\u2019\u00e9paule\u00a0\u00bb, selon la <a href=\"https:\/\/www.20minutes.fr\/dossier\/police\" class=\"c-link c-link--is-underlined\" target=\"_blank\" rel=\"noopener\">police<\/a>.<\/p>\n<p>Il tente de mettre le feu \u00e0 sa voiture<\/p>\n<p>Les images de <a href=\"https:\/\/www.20minutes.fr\/dossier\/videosurveillance\" class=\"c-link c-link--is-underlined\" target=\"_blank\" rel=\"noopener\">vid\u00e9osurveillance<\/a> ont permis de retracer le p\u00e9riple du suspect, qui a franchi la fronti\u00e8re pour se rendre dans une for\u00eat en <a href=\"https:\/\/www.20minutes.fr\/monde\/slovenie\/\" class=\"c-link c-link--is-underlined\" target=\"_blank\" rel=\"noopener\">Slov\u00e9nie<\/a>, avant de revenir en Autriche. Le 24 novembre, il a finalement \u00e9t\u00e9 interpell\u00e9 sur le parking d\u2019un casino. \u00ab\u00a0Il avait asperg\u00e9 sa voiture d\u2019un liquide inflammable puis \u00e9tait entr\u00e9 dans le casino pour demander de l\u2019aide afin d\u2019\u00e9teindre l\u2019incendie\u00a0\u00bb, explique le chef de la police criminelle de Maribor.<\/p>\n<\/p>\n<p>Le trentenaire a fini par avouer avoir tu\u00e9 l\u2019influenceuse, avec laquelle il entretenait une relation intermittente. Le couple s\u2019\u00e9tait r\u00e9cemment s\u00e9par\u00e9. Il aurait \u00e9trangl\u00e9 la jeune femme avant de mettre son corps dans une valise et de le transporter dans les bois. Incarc\u00e9r\u00e9, l\u2019homme\u00a0risque la perp\u00e9tuit\u00e9.<\/p>\n","protected":false},"excerpt":{"rendered":"C\u2019est une affaire sordide qui secoue actuellement l\u2019Autriche.\u00a0Stefanie Pieper, une influenceuse mode et beaut\u00e9, a \u00e9t\u00e9 retrouv\u00e9e morte&hellip;\n","protected":false},"author":2,"featured_media":573207,"comment_status":"","ping_status":"","sticky":false,"template":"","format":"standard","meta":{"footnotes":""},"categories":[5],"tags":[47,11,13989,118,1011,27,2438,14,777,12,21170,28],"class_list":{"0":"post-573206","1":"post","2":"type-post","3":"status-publish","4":"format-standard","5":"has-post-thumbnail","7":"category-international","8":"tag-actualite","9":"tag-actualites","10":"tag-autriche","11":"tag-faits-divers","12":"tag-fr","13":"tag-france","14":"tag-influenceur","15":"tag-international","16":"tag-meurtre","17":"tag-news","18":"tag-slovenie","19":"tag-world"},"share_on_mastodon":{"url":"https:\/\/pubeurope.com\/@fr\/115650213184632942","error":""},"_links":{"self":[{"href":"https:\/\/www.europesays.com\/fr\/wp-json\/wp\/v2\/posts\/573206","targetHints":{"allow":["GET"]}}],"collection":[{"href":"https:\/\/www.europesays.com\/fr\/wp-json\/wp\/v2\/posts"}],"about":[{"href":"https:\/\/www.europesays.com\/fr\/wp-json\/wp\/v2\/types\/post"}],"author":[{"embeddable":true,"href":"https:\/\/www.europesays.com\/fr\/wp-json\/wp\/v2\/users\/2"}],"replies":[{"embeddable":true,"href":"https:\/\/www.europesays.com\/fr\/wp-json\/wp\/v2\/comments?post=573206"}],"version-history":[{"count":0,"href":"https:\/\/www.europesays.com\/fr\/wp-json\/wp\/v2\/posts\/573206\/revisions"}],"wp:featuredmedia":[{"embeddable":true,"href":"https:\/\/www.europesays.com\/fr\/wp-json\/wp\/v2\/media\/573207"}],"wp:attachment":[{"href":"https:\/\/www.europesays.com\/fr\/wp-json\/wp\/v2\/media?parent=573206"}],"wp:term":[{"taxonomy":"category","embeddable":true,"href":"https:\/\/www.europesays.com\/fr\/wp-json\/wp\/v2\/categories?post=573206"},{"taxonomy":"post_tag","embeddable":true,"href":"https:\/\/www.europesays.com\/fr\/wp-json\/wp\/v2\/tags?post=573206"}],"curies":[{"name":"wp","href":"https:\/\/api.w.org\/{rel}","templated":true}]}}