{"id":573208,"date":"2025-12-02T13:29:13","date_gmt":"2025-12-02T13:29:13","guid":{"rendered":"https:\/\/www.europesays.com\/fr\/573208\/"},"modified":"2025-12-02T13:29:13","modified_gmt":"2025-12-02T13:29:13","slug":"des-heurts-pour-empecher-labattage-dun-troupeau-deux-interpelles","status":"publish","type":"post","link":"https:\/\/www.europesays.com\/fr\/573208\/","title":{"rendered":"des heurts pour emp\u00eacher l&rsquo;abattage d&rsquo;un troupeau, deux interpell\u00e9s"},"content":{"rendered":"<p>Apr\u00e8s la confirmation vendredi d\u2019un cas de dermatose nodulaire dans un troupeau de\u00a0Pouilley-Fran\u00e7ais, (pr\u00e8s de Besan\u00e7on), pourtant vaccin\u00e9 depuis plus d\u2019un mois, 83 bovins dont un veau n\u00e9 dans la nuit de dimanche \u00e0 lundi, doivent \u00eatre abattus ce mardi.\u00a0<\/p>\n<p>Soutenu par plusieurs agriculteurs et collectifs agricoles &#8211; entre 250 et 300 personnes -, l\u2019\u00e9leveur s\u2019oppose \u00e0 l&rsquo;abattage et souhaite que son exploitation serve de \u00ab ferme test \u00bb afin de prouver qu\u2019un traitement cibl\u00e9 pourrait suffire dans un troupeau immunis\u00e9.\u00a0<\/p>\n<p>Ce contenu est bloqu\u00e9 car vous n&rsquo;avez pas accept\u00e9 les cookies et autres traceurs.<\/p>\n<p>En cliquant sur \u00ab J\u2019accepte \u00bb, les cookies et autres traceurs seront d\u00e9pos\u00e9s et vous pourrez visualiser les contenus  (<a href=\"\" class=\"consentModule_policy\" target=\"_blank\" title=\"Consulter la politique de protection des donn\u00e9es du fournisseur\">plus d&rsquo;informations<\/a>).<\/p>\n<p>En cliquant sur \u00ab J\u2019accepte tous les cookies \u00bb, vous autorisez des d\u00e9p\u00f4ts de cookies et autres traceurs pour le stockage de vos donn\u00e9es sur nos sites et applications \u00e0 des fins de personnalisation et de ciblage publicitaire.<\/p>\n<p class=\"consentModule_secondaryText\">Vous gardez la possibilit\u00e9 de retirer votre consentement \u00e0 tout moment en consultant notre <a href=\"https:\/\/www.ledauphine.com\/protection-des-donnees\" target=\"_blank\" title=\"Consulter notre politique de protection des donn\u00e9es\" rel=\"noopener\">politique de protection des donn\u00e9es<\/a>. <br \/>&#13;<br \/>\n            <a href=\"https:\/\/www.ledauphine.com\/economie\/2025\/12\/02\/javascript:Didomi.notice.show()\" class=\"consentModule_cmp\" target=\"_blank\" rel=\"noopener\">G\u00e9rer mes choix<\/a>&#13;\n        <\/p>\n<p>&#13;<br \/>\n                        J&rsquo;accepte&#13;<br \/>\n            J&rsquo;accepte tous les cookies&#13;\n        <\/p>\n<p>Les gendarmes ont d\u00fb faire usage de gaz lacrymog\u00e8nes autour de l&rsquo;\u00e9table, ce mardi, pour \u00e9vacuer des manifestants. Deux personnes ont \u00e9t\u00e9 interpell\u00e9es\u00a0pour \u00ab violence avec arme \u00bb et refus d&rsquo;obtemp\u00e9rer par conducteur d&rsquo;un v\u00e9hicule.<\/p>\n<p>Les organisations agricoles ont saisi le tribunal administratif de Besan\u00e7on qui doit trancher en r\u00e9f\u00e9r\u00e9 sur un recours contre l&rsquo;abattage du troupeau.<\/p>\n<p class=\"note\"><strong>&gt;&gt; Suivre le direct de <a href=\"https:\/\/www.estrepublicain.fr\/economie\/2025\/12\/02\/dermatose-nodulaire-contagieuse-mobilisation-contre-l-abattage-du-troupeau-a-pouilley-francais\" target=\"_blank\" rel=\"noopener\">L&rsquo;Est R\u00e9publicain<\/a><\/strong><\/p>\n","protected":false},"excerpt":{"rendered":"Apr\u00e8s la confirmation vendredi d\u2019un cas de dermatose nodulaire dans un troupeau de\u00a0Pouilley-Fran\u00e7ais, (pr\u00e8s de Besan\u00e7on), pourtant vaccin\u00e9&hellip;\n","protected":false},"author":2,"featured_media":573209,"comment_status":"","ping_status":"","sticky":false,"template":"","format":"standard","meta":{"footnotes":""},"categories":[4],"tags":[11,327,274,107,1011,27,329,12,25],"class_list":{"0":"post-573208","1":"post","2":"type-post","3":"status-publish","4":"format-standard","5":"has-post-thumbnail","7":"category-france","8":"tag-actualites","9":"tag-agriculture","10":"tag-faits-divers-justice","11":"tag-fil-info","12":"tag-fr","13":"tag-france","14":"tag-france-monde","15":"tag-news","16":"tag-republique-francaise"},"share_on_mastodon":{"url":"https:\/\/pubeurope.com\/@fr\/115650216898126924","error":""},"_links":{"self":[{"href":"https:\/\/www.europesays.com\/fr\/wp-json\/wp\/v2\/posts\/573208","targetHints":{"allow":["GET"]}}],"collection":[{"href":"https:\/\/www.europesays.com\/fr\/wp-json\/wp\/v2\/posts"}],"about":[{"href":"https:\/\/www.europesays.com\/fr\/wp-json\/wp\/v2\/types\/post"}],"author":[{"embeddable":true,"href":"https:\/\/www.europesays.com\/fr\/wp-json\/wp\/v2\/users\/2"}],"replies":[{"embeddable":true,"href":"https:\/\/www.europesays.com\/fr\/wp-json\/wp\/v2\/comments?post=573208"}],"version-history":[{"count":0,"href":"https:\/\/www.europesays.com\/fr\/wp-json\/wp\/v2\/posts\/573208\/revisions"}],"wp:featuredmedia":[{"embeddable":true,"href":"https:\/\/www.europesays.com\/fr\/wp-json\/wp\/v2\/media\/573209"}],"wp:attachment":[{"href":"https:\/\/www.europesays.com\/fr\/wp-json\/wp\/v2\/media?parent=573208"}],"wp:term":[{"taxonomy":"category","embeddable":true,"href":"https:\/\/www.europesays.com\/fr\/wp-json\/wp\/v2\/categories?post=573208"},{"taxonomy":"post_tag","embeddable":true,"href":"https:\/\/www.europesays.com\/fr\/wp-json\/wp\/v2\/tags?post=573208"}],"curies":[{"name":"wp","href":"https:\/\/api.w.org\/{rel}","templated":true}]}}