{"id":573210,"date":"2025-12-02T13:30:18","date_gmt":"2025-12-02T13:30:18","guid":{"rendered":"https:\/\/www.europesays.com\/fr\/573210\/"},"modified":"2025-12-02T13:30:18","modified_gmt":"2025-12-02T13:30:18","slug":"le-rn-exfiltre-david-rachline-maire-de-frejus-apres-des-annees-de-polemiques-et-juste-avant-les-municipales-liberation","status":"publish","type":"post","link":"https:\/\/www.europesays.com\/fr\/573210\/","title":{"rendered":"Le RN exfiltre David Rachline, maire de Fr\u00e9jus, apr\u00e8s des ann\u00e9es de pol\u00e9miques et juste avant les municipales \u2013 Lib\u00e9ration"},"content":{"rendered":"<p class=\"sc-cPiKLX AiZTS text-element\">Prot\u00e9g\u00e9 et directeur de campagne de Marine Le Pen en 2017, \u00e9toile montante du RN depuis son \u00e9lection au S\u00e9nat et \u00e0 la mairie de Fr\u00e9jus en 2014, ami proche de Jordan Bardella, vice-pr\u00e9sident du parti d\u2019extr\u00eame droite et membre du bureau ex\u00e9cutif\u2026 David Rachline avait tout du cadre frontiste bien install\u00e9. Mais le RN a confirm\u00e9 lundi 1er d\u00e9cembre et ce mardi matin par la voix de Marine Le Pen, sur BFM TV, qu\u2019il n\u2019aurait pas l\u2019investiture frontiste pour les municipales de mars. \u00abIl ne l\u2019a pas demand\u00e9e\u00bb, a indiqu\u00e9 Le Pen. Et l\u2019ex-pr\u00e9sidente du parti \u00e0 la flamme d\u2019indiquer que Rachline ne sera bient\u00f4t plus vice-pr\u00e9sident, sans en donner la raison : \u00abC\u2019est en voie de r\u00e8glement. En tout cas, moi je souhaite qu\u2019il ne soit plus vice-pr\u00e9sident du RN, oui.\u00bb Mais quel est le probl\u00e8me avec ce nouvel ind\u00e9sirable ? \u00abFaut lui demander \u00e0 lui\u00bb, \u00e9lude celle qui esp\u00e8re toujours \u00eatre candidate \u00e0 la pr\u00e9sidentielle. La question se pose puisque le RN a toujours soutenu Rachline malgr\u00e9 l\u2019accumulation d\u2019affaires ces derni\u00e8res ann\u00e9es \u2013 il a \u00e9t\u00e9 <a href=\"https:\/\/newsletter.liberation.fr\/m\/ml\/200138\/551610\/eNShsqtKsFUq30nL-tjN45PsRS5YMp9aEh9ZOIwUSxE=\/RgUZVHlqVmzOg2FwZQFQG1YmFG5gkKQVPx6KPknMiCk=\/wwVOTF9DaGV6X1BvbF9fMjAyNS0xMi0wMg==\" target=\"_blank\" rel=\"noopener\">jug\u00e9 pour pr<\/a><\/p>\n","protected":false},"excerpt":{"rendered":"Prot\u00e9g\u00e9 et directeur de campagne de Marine Le Pen en 2017, \u00e9toile montante du RN depuis son \u00e9lection&hellip;\n","protected":false},"author":2,"featured_media":573211,"comment_status":"","ping_status":"","sticky":false,"template":"","format":"standard","meta":{"footnotes":""},"categories":[2],"tags":[11,1011,27,5945,12,2848],"class_list":{"0":"post-573210","1":"post","2":"type-post","3":"status-publish","4":"format-standard","5":"has-post-thumbnail","7":"category-actualites","8":"tag-actualites","9":"tag-fr","10":"tag-france","11":"tag-municipales-elections","12":"tag-news","13":"tag-rn"},"share_on_mastodon":{"url":"https:\/\/pubeurope.com\/@fr\/115650220878771232","error":""},"_links":{"self":[{"href":"https:\/\/www.europesays.com\/fr\/wp-json\/wp\/v2\/posts\/573210","targetHints":{"allow":["GET"]}}],"collection":[{"href":"https:\/\/www.europesays.com\/fr\/wp-json\/wp\/v2\/posts"}],"about":[{"href":"https:\/\/www.europesays.com\/fr\/wp-json\/wp\/v2\/types\/post"}],"author":[{"embeddable":true,"href":"https:\/\/www.europesays.com\/fr\/wp-json\/wp\/v2\/users\/2"}],"replies":[{"embeddable":true,"href":"https:\/\/www.europesays.com\/fr\/wp-json\/wp\/v2\/comments?post=573210"}],"version-history":[{"count":0,"href":"https:\/\/www.europesays.com\/fr\/wp-json\/wp\/v2\/posts\/573210\/revisions"}],"wp:featuredmedia":[{"embeddable":true,"href":"https:\/\/www.europesays.com\/fr\/wp-json\/wp\/v2\/media\/573211"}],"wp:attachment":[{"href":"https:\/\/www.europesays.com\/fr\/wp-json\/wp\/v2\/media?parent=573210"}],"wp:term":[{"taxonomy":"category","embeddable":true,"href":"https:\/\/www.europesays.com\/fr\/wp-json\/wp\/v2\/categories?post=573210"},{"taxonomy":"post_tag","embeddable":true,"href":"https:\/\/www.europesays.com\/fr\/wp-json\/wp\/v2\/tags?post=573210"}],"curies":[{"name":"wp","href":"https:\/\/api.w.org\/{rel}","templated":true}]}}