{"id":573214,"date":"2025-12-02T13:32:14","date_gmt":"2025-12-02T13:32:14","guid":{"rendered":"https:\/\/www.europesays.com\/fr\/573214\/"},"modified":"2025-12-02T13:32:14","modified_gmt":"2025-12-02T13:32:14","slug":"saint-etienne-quel-successeur-a-gael-perdriau-dans-la-majorite-la-guerre-est-ouverte","status":"publish","type":"post","link":"https:\/\/www.europesays.com\/fr\/573214\/","title":{"rendered":"Saint-\u00c9tienne. Quel successeur \u00e0 Ga\u00ebl Perdriau\u00a0? Dans la majorit\u00e9, la guerre est ouverte"},"content":{"rendered":"<p>Pitoyable jusqu\u2019au bout. Comme si la condamnation de <a href=\"https:\/\/www.leprogres.fr\/p\/gael-perdriau\" target=\"_blank\" rel=\"noopener\">Ga\u00ebl Perdriau<\/a> ne suffisait pas, la majorit\u00e9 municipale se d\u00e9chire d\u00e9sormais pour savoir \u00e0 qui reviendra le fauteuil du maire. Quelques heures apr\u00e8s le d\u00e9lib\u00e9r\u00e9 du tribunal, la majorit\u00e9 s\u2019est r\u00e9unie pour d\u00e9signer son candidat. Les 32 \u00e9lus qui soutenaient jusqu\u2019alors d\u2019une m\u00eame voix Ga\u00ebl Perdriau sont aujourd\u2019hui divis\u00e9s, donnant encore aux St\u00e9phanois un spectacle affligeant.<\/p>\n<p>Apr\u00e8s cette r\u00e9union, un communiqu\u00e9 commun annon\u00e7ant le candidat d\u00e9sign\u00e9 devait parvenir \u00e0 notre r\u00e9daction. Il n\u2019est jamais venu, et pour cause. Ce mardi matin, deux sont finalement arriv\u00e9s et montrent la fracture au sein de la majorit\u00e9.<\/p>\n<p>  Marc Chassaub\u00e9n\u00e9, \u00ab\u00a0une candidature indiscutable\u00a0\u00bb\u00a0?<\/p>\n<p>\u00c0 17\u00a0h\u00a030 ce lundi, Ga\u00ebl Perdriau, qui sera d\u00e9mis de tous ses mandats car frapp\u00e9 d\u2019une peine d\u2019in\u00e9ligibilit\u00e9 avec ex\u00e9cution provisoire, \u00e9tait au milieu des siens. Et leur a dict\u00e9 la marche \u00e0 suivre. Pour lui, pas de doute, le candidat doit \u00eatre son septi\u00e8me adjoint, Marc Chassaub\u00e9n\u00e9. Mais cette d\u00e9cision n\u2019a pas \u00e9t\u00e9 du go\u00fbt de tous. \u00ab\u00a0Cette r\u00e9union a \u00e9t\u00e9 surr\u00e9aliste.\u00a0La candidature de Marc Chassaub\u00e9n\u00e9 nous a \u00e9t\u00e9 propos\u00e9e comme indiscutable, \u00e0 notre grande surprise\u00a0\u00bb, confie l\u2019adjointe Siham Labich, qui milite pour qu\u2019une autre voie existe, celle de \u00ab\u00a0l\u2019apaisement\u00a0\u00bb. Pour elle, comme pour d\u2019autres \u00e9lus*, seul le premier adjoint Jean-Pierre Berger peut assurer cet int\u00e9rim. \u00ab\u00a0C\u2019est un \u00e9lu respect\u00e9 et exp\u00e9riment\u00e9, un candidat naturel aupr\u00e8s des habitants. Il permettra de garantir la continuit\u00e9, la stabilit\u00e9, et la coh\u00e9sion de notre \u00e9quipe dans un climat apais\u00e9, pour rassurer les St\u00e9phanois, les services et l\u2019opposition.\u00a0\u00bb<\/p>\n<p>Un vote \u00e0 bulletin secret en a pourtant d\u00e9cid\u00e9 autrement. Quinze voix ont d\u00e9sign\u00e9 Jean-Pierre Berger et 17 pour Marc Chassaub\u00e9n\u00e9, dont la voix du futur ancien maire. Une participation qui peut para\u00eetre bien surprenante mais qui n\u2019est pas ill\u00e9gale, l\u2019arr\u00eat\u00e9 de d\u00e9mission d\u2019office n\u2019ayant pas encore \u00e9t\u00e9 notifi\u00e9 par la pr\u00e9f\u00e8te.<\/p>\n<p>  Le premier adjoint a des partisans<\/p>\n<p>Jean-Pierre Berger ira-t-il au combat\u00a0? D\u2019apr\u00e8s nos informations, l\u2019homme serait tr\u00e8s marqu\u00e9 de ne pas avoir les faveurs de Ga\u00ebl Perdriau. Mardi matin, dans un communiqu\u00e9 envoy\u00e9 par l\u2019attach\u00e9 de presse du maire, le premier adjoint semble pourtant rendre les armes. Contraint et forc\u00e9\u00a0? \u00ab\u00a0\u00c0 la suite d\u2019\u00e9changes nourris et constructifs, la majorit\u00e9 municipale a d\u00e9sign\u00e9 lundi soir, Marc Chassaub\u00e9n\u00e9 pour \u00eatre le candidat de la majorit\u00e9 \u00e0 la fonction de maire de la Ville de Saint-Etienne.\u00a0\u00bb<\/p>\n<p>Les douze \u00e9lus soutenant pourtant sa candidature se rangeront-ils \u00e0 cet avis lors du conseil municipal de lundi 8\u00a0d\u00e9cembre, qui \u00e9lira le nouvel ex\u00e9cutif st\u00e9phanois\u00a0? Siham Labich a pr\u00e9vu de faire une d\u00e9claration qui risque d\u2019\u00eatre fracassante. \u00ab\u00a0Rien n\u2019est jou\u00e9\u00a0\u00bb, assure la deuxi\u00e8me adjointe, en guerre ouverte contre Marc Chassaub\u00e9n\u00e9, avec les municipales de 2026 en ligne de mire.<\/p>\n<p>Lionel Boucher, d\u00e9sormais dans l\u2019opposition, n\u2019exclut pas de voter pour Jean-Pierre Berger s\u2019il se pr\u00e9sentait. \u00ab\u00a0La solution la plus sage serait que le premier adjoint finisse le mandat. Je souhaite que cette p\u00e9riode de latence ne soit pas l\u2019occasion pour quelqu\u2019un de la majorit\u00e9 de faire campagne sur les deniers publics. La majorit\u00e9 ne peut plus faire comme si rien ne s\u2019\u00e9tait pass\u00e9, ils ne pourront pas se cacher derri\u00e8re leur honte\u00a0\u00bb, estime-t-il.<\/p>\n<p>  Nicole Peycelon candidate, pas la gauche<\/p>\n<p>Et si une autre voie \u00e9tait possible\u00a0? Nicole Peycelon, pr\u00e9sidente du groupe Saint-\u00c9tienne Avant tout, esp\u00e8re l\u2019incarner. \u00ab\u00a0On savait qu\u2019il y avait une guerre interne au sein de la majorit\u00e9, mais j\u2019ignorais qu\u2019elle allait \u00eatre \u00e9tal\u00e9e sur la place publique.\u00a0\u00bb Son groupe pr\u00e9sentera donc un candidat pour le poste de maire, Nicole Peycelon en personne. \u00ab\u00a0On ne peut pas voter pour un candidat qui a toujours \u00e9t\u00e9 dans la lign\u00e9e de Ga\u00ebl Perdriau et qui l\u2019a soutenu dans son d\u00e9ni. C\u2019est par principe. On peut offrir une autre vision, dans l\u2019int\u00e9r\u00eat de la ville.\u00a0\u00bb<\/p>\n<p>Les neuf \u00e9lus du groupe ont toujours demand\u00e9 le retrait du maire et <a href=\"https:\/\/www.leprogres.fr\/politique\/2024\/03\/24\/la-creation-d-un-nouveau-groupe-municipal-fait-naitre-des-tensions-dans-la-majorite\" target=\"_blank\" rel=\"noopener\">ont fini par quitter la majorit\u00e9 en mars\u00a02024<\/a>. \u00ab\u00a0Quand nous avons cr\u00e9\u00e9 notre groupe, on pensait que d\u2019autres coll\u00e8gues allaient nous suivre mais \u00e7a n\u2019a pas \u00e9t\u00e9 le cas.\u00a0\u00bb Et si ces \u00e9lus franchissaient le pas lundi prochain\u00a0?<\/p>\n<p>Une chose est s\u00fbre, la gauche et les \u00e9cologistes, eux, ne pr\u00e9senteront pas de candidat. \u00ab\u00a0Pour nous, le maire doit \u00eatre issu de la majorit\u00e9 \u00e9lue par les habitants. On ne veut pas profiter de cette affaire pour renverser la table et remettre en cause le vote de 2020. Mais on ne votera pas pour le candidat propos\u00e9 par la majorit\u00e9 parce que nous ne sommes pas d\u2019accord avec ce qui s\u2019est fait ces derni\u00e8res ann\u00e9es. L\u2019h\u00e9ritier du syst\u00e8me Perdriau sera forc\u00e9ment quelqu\u2019un qui a gard\u00e9 un silence complice sur ce qui s\u2019est pass\u00e9\u00a0\u00bb, explique Isabelle Dumestre, \u00e9lue du groupe Saint-\u00c9tienne Demain.<\/p>\n<p class=\"note\">* Les \u00e9lus appelant \u00e0 voter pour Jean-Pierre Berger\u00a0: Nora Berroukeche, Charles Dallara, Gabriel De Almeida, Fr\u00e9d\u00e9ric Durand, Catherine Grousson, Diarra Kane, Siham Labich, Cyrine Makhlouf, Brigitte Masson, Thierry Nitcheu, Anne-Sophie Riou, Fanny Rivey.<\/p>\n","protected":false},"excerpt":{"rendered":"Pitoyable jusqu\u2019au bout. Comme si la condamnation de Ga\u00ebl Perdriau ne suffisait pas, la majorit\u00e9 municipale se d\u00e9chire&hellip;\n","protected":false},"author":2,"featured_media":573215,"comment_status":"","ping_status":"","sticky":false,"template":"","format":"standard","meta":{"footnotes":""},"categories":[9653],"tags":[1111,11,2430,1984,7539,1777,674,107,1011,27,3367,12,316,25,4001,7538],"class_list":{"0":"post-573214","1":"post","2":"type-post","3":"status-publish","4":"format-standard","5":"has-post-thumbnail","7":"category-saint-etienne","8":"tag-actu","9":"tag-actualites","10":"tag-auvergne-rhone-alpes","11":"tag-conseil-municipal","12":"tag-edition-loire-sud","13":"tag-eu","14":"tag-europe","15":"tag-fil-info","16":"tag-fr","17":"tag-france","18":"tag-loire","19":"tag-news","20":"tag-politique","21":"tag-republique-francaise","22":"tag-saint-etienne","23":"tag-saint-etienne-ville"},"share_on_mastodon":{"url":"https:\/\/pubeurope.com\/@fr\/115650228803057498","error":""},"_links":{"self":[{"href":"https:\/\/www.europesays.com\/fr\/wp-json\/wp\/v2\/posts\/573214","targetHints":{"allow":["GET"]}}],"collection":[{"href":"https:\/\/www.europesays.com\/fr\/wp-json\/wp\/v2\/posts"}],"about":[{"href":"https:\/\/www.europesays.com\/fr\/wp-json\/wp\/v2\/types\/post"}],"author":[{"embeddable":true,"href":"https:\/\/www.europesays.com\/fr\/wp-json\/wp\/v2\/users\/2"}],"replies":[{"embeddable":true,"href":"https:\/\/www.europesays.com\/fr\/wp-json\/wp\/v2\/comments?post=573214"}],"version-history":[{"count":0,"href":"https:\/\/www.europesays.com\/fr\/wp-json\/wp\/v2\/posts\/573214\/revisions"}],"wp:featuredmedia":[{"embeddable":true,"href":"https:\/\/www.europesays.com\/fr\/wp-json\/wp\/v2\/media\/573215"}],"wp:attachment":[{"href":"https:\/\/www.europesays.com\/fr\/wp-json\/wp\/v2\/media?parent=573214"}],"wp:term":[{"taxonomy":"category","embeddable":true,"href":"https:\/\/www.europesays.com\/fr\/wp-json\/wp\/v2\/categories?post=573214"},{"taxonomy":"post_tag","embeddable":true,"href":"https:\/\/www.europesays.com\/fr\/wp-json\/wp\/v2\/tags?post=573214"}],"curies":[{"name":"wp","href":"https:\/\/api.w.org\/{rel}","templated":true}]}}