{"id":573220,"date":"2025-12-02T13:36:18","date_gmt":"2025-12-02T13:36:18","guid":{"rendered":"https:\/\/www.europesays.com\/fr\/573220\/"},"modified":"2025-12-02T13:36:18","modified_gmt":"2025-12-02T13:36:18","slug":"toulon-un-soir-a-lupv-et-nulle-part-ailleurs","status":"publish","type":"post","link":"https:\/\/www.europesays.com\/fr\/573220\/","title":{"rendered":"TOULON : Un Soir \u00e0 l\u2019UPV (et nulle part ailleurs)"},"content":{"rendered":"<p><b>Apr\u00e8s son succ\u00e8s parisien, l\u2019Union Patronale du Var accueille l\u2019exposition \u00ab mythique Abyssal\u00a0\u00bb\u00a0d\u2019Alison Bounce\u00a0pour une soir\u00e9e exceptionnelle.<\/b><\/p>\n<p><b>V\u00e9ronique Maurel, pr\u00e9sidente de l\u2019UPV,participe \u00e0 la 1\u1d49\u02b3\u1d49\u00a0\u00e9dition de\u00a0\u00ab Un soir \u00e0 l\u2019UPV \u00bb\u00a0<\/b>(et nulle part ailleurs).<\/p>\n<p>Un nouveau cycle de rencontres pens\u00e9 pour\u00a0alimenter la r\u00e9flexion, stimuler les \u00e9changes\u00a0et rassembler des dirigeants engag\u00e9s, anim\u00e9s par une m\u00eame ambition :\u00a0faire grandir leurs organisations tout en portant haut les valeurs humaines, sociales et culturelles qui fondent un leadership moderne et responsable.<\/p>\n<p><b>Le 15 d\u00e9cembre 2025 \u00e0 l\u2019UPV\u00a0\u00e0 19h<\/b><br \/>237 Place de la Libert\u00e9, 83000 Toulon \u2013\u00a0(accueil \u00e0 18h30)<br \/>Espace Libert\u00e9 \u2013 1er \u00e9tage<br \/><a id=\"m_-266788847769885087OWA56cc12ca-895b-a117-0038-aebf89b02be1\" href=\"https:\/\/upv.us3.list-manage.com\/track\/click?u=b0a7bb00600b4b89a298fa49f&amp;id=30f0f92b37&amp;e=2baa9abac3\" target=\"_blank\" rel=\"noopener\" data-saferedirecturl=\"https:\/\/www.google.com\/url?q=https:\/\/upv.us3.list-manage.com\/track\/click?u%3Db0a7bb00600b4b89a298fa49f%26id%3D30f0f92b37%26e%3D2baa9abac3&amp;source=gmail&amp;ust=1764752633709000&amp;usg=AOvVaw0wpgS46ZD44nKqrUI48jC6\">S\u2019y rendre<\/a><\/p>\n<p>Avec<b>\u00a0Alison Bounce,<\/b>\u00a0chef d\u2019entreprise et mandataire patronale engag\u00e9e, que nous mettrons \u00e0 l\u2019honneur.<\/p>\n<p><b>La soir\u00e9e sera rythm\u00e9e par :<\/b><\/p>\n<p>\u2013\u00a0<b>Un \u00e9change inspirant<\/b>\u00a0de 30 minutes :<br \/>\u00ab\u00a0Cr\u00e9er, diriger, s\u2019engager : la force d\u2019un leadership qui conjugue vision \u00e9conomique et sens artistique\u00a0\u00bb<br \/>\u2013\u00a0<b>Un temps de dialogue<\/b>\u00a0entre dirigeants<br \/>\u2013 Une\u00a0<b>exp\u00e9rience artistique<\/b>\u00a0exclusive \u00e0 la faveur de son exposition<\/p>\n<p>La rencontre se prolongera par un\u00a0cocktail \u00ab cr\u00e9atif, inattendu et antique\u00a0\u00bb !<br \/><b>Attention, nombre de places limit\u00e9s*<\/b><br \/><b>*Participation de 15\u20ac par personne \u2013 Offert aux adh\u00e9rents UPV<\/b><\/p>\n<p><a id=\"m_-266788847769885087OWAea9c63df-07e7-5b83-61af-811aa744181d\" title=\"Je m&#039;inscris !\" href=\"https:\/\/upv.us3.list-manage.com\/track\/click?u=b0a7bb00600b4b89a298fa49f&amp;id=3ba476b65f&amp;e=2baa9abac3\" target=\"_blank\" rel=\"noopener\" data-saferedirecturl=\"https:\/\/www.google.com\/url?q=https:\/\/upv.us3.list-manage.com\/track\/click?u%3Db0a7bb00600b4b89a298fa49f%26id%3D3ba476b65f%26e%3D2baa9abac3&amp;source=gmail&amp;ust=1764752633709000&amp;usg=AOvVaw2tgvIAjDnlbsoqOQZ5cU2D\">Je m\u2019inscris !<\/a><\/p>\n","protected":false},"excerpt":{"rendered":"Apr\u00e8s son succ\u00e8s parisien, l\u2019Union Patronale du Var accueille l\u2019exposition \u00ab mythique Abyssal\u00a0\u00bb\u00a0d\u2019Alison Bounce\u00a0pour une soir\u00e9e exceptionnelle. V\u00e9ronique&hellip;\n","protected":false},"author":2,"featured_media":484474,"comment_status":"","ping_status":"","sticky":false,"template":"","format":"standard","meta":{"footnotes":""},"categories":[9619],"tags":[1111,11,1777,674,1011,27,12,882,25,2310],"class_list":{"0":"post-573220","1":"post","2":"type-post","3":"status-publish","4":"format-standard","5":"has-post-thumbnail","7":"category-toulon","8":"tag-actu","9":"tag-actualites","10":"tag-eu","11":"tag-europe","12":"tag-fr","13":"tag-france","14":"tag-news","15":"tag-provence-alpes-cote-dazur","16":"tag-republique-francaise","17":"tag-toulon"},"share_on_mastodon":{"url":"https:\/\/pubeurope.com\/@fr\/115650244475625671","error":""},"_links":{"self":[{"href":"https:\/\/www.europesays.com\/fr\/wp-json\/wp\/v2\/posts\/573220","targetHints":{"allow":["GET"]}}],"collection":[{"href":"https:\/\/www.europesays.com\/fr\/wp-json\/wp\/v2\/posts"}],"about":[{"href":"https:\/\/www.europesays.com\/fr\/wp-json\/wp\/v2\/types\/post"}],"author":[{"embeddable":true,"href":"https:\/\/www.europesays.com\/fr\/wp-json\/wp\/v2\/users\/2"}],"replies":[{"embeddable":true,"href":"https:\/\/www.europesays.com\/fr\/wp-json\/wp\/v2\/comments?post=573220"}],"version-history":[{"count":0,"href":"https:\/\/www.europesays.com\/fr\/wp-json\/wp\/v2\/posts\/573220\/revisions"}],"wp:featuredmedia":[{"embeddable":true,"href":"https:\/\/www.europesays.com\/fr\/wp-json\/wp\/v2\/media\/484474"}],"wp:attachment":[{"href":"https:\/\/www.europesays.com\/fr\/wp-json\/wp\/v2\/media?parent=573220"}],"wp:term":[{"taxonomy":"category","embeddable":true,"href":"https:\/\/www.europesays.com\/fr\/wp-json\/wp\/v2\/categories?post=573220"},{"taxonomy":"post_tag","embeddable":true,"href":"https:\/\/www.europesays.com\/fr\/wp-json\/wp\/v2\/tags?post=573220"}],"curies":[{"name":"wp","href":"https:\/\/api.w.org\/{rel}","templated":true}]}}