{"id":573225,"date":"2025-12-02T13:42:11","date_gmt":"2025-12-02T13:42:11","guid":{"rendered":"https:\/\/www.europesays.com\/fr\/573225\/"},"modified":"2025-12-02T13:42:11","modified_gmt":"2025-12-02T13:42:11","slug":"solenciel-lassociation-qui-offre-une-nouvelle-vie-aux-victimes-de-la-prostitution","status":"publish","type":"post","link":"https:\/\/www.europesays.com\/fr\/573225\/","title":{"rendered":"Solenciel, l&rsquo;association qui offre une nouvelle vie aux victimes de la prostitution"},"content":{"rendered":"<p>Sarah, c\u2019est son vrai pr\u00e9nom. Et elle veut bien qu\u2019on l\u2019utilise pour donner de la force \u00e0 son t\u00e9moignage. Ce t\u00e9moignage, c\u2019est d\u2019ailleurs le premier qu\u2019elle livre depuis juillet\u00a02024, date \u00e0 laquelle elle a \u00e9t\u00e9 admise dans le \u201cParcours de sortie de prostitution et d\u2019aide \u00e0 l\u2019insertion sociale et professionnelle\u201d, g<a href=\"https:\/\/www.ledauphine.com\/social\/2022\/01\/18\/isere-grenoble-solenciel-l-association-qui-donne-un-avenir-aux-prostituees\" target=\"_blank\" rel=\"noopener\">r\u00e2ce \u00e0 l\u2019association nationale Solenciel, dont le si\u00e8ge est \u00e0 Grenoble<\/a>.<\/p>\n<p>Sarah, 39 ans, est une survivante. Elle fait du nettoyage et la plonge dans les restaurants. Elle a suivi des cours de fran\u00e7ais, de g\u00e9ographie, d\u2019histoire. Et aujourd\u2019hui elle est fi\u00e8re, tellement fi\u00e8re, de savoir chanter la Marseillaise.<\/p>\n<p>Par bribes et avec des retenues de r\u00e9flexes de protection, elle nous raconte ses&#8230;<\/p>\n","protected":false},"excerpt":{"rendered":"Sarah, c\u2019est son vrai pr\u00e9nom. Et elle veut bien qu\u2019on l\u2019utilise pour donner de la force \u00e0 son&hellip;\n","protected":false},"author":2,"featured_media":573226,"comment_status":"","ping_status":"","sticky":false,"template":"","format":"standard","meta":{"footnotes":""},"categories":[9566],"tags":[1111,11,2430,112,113,114,1777,674,6757,107,1011,27,2731,2732,1061,108,12,25,4604,106,801,104,1631],"class_list":{"0":"post-573225","1":"post","2":"type-post","3":"status-publish","4":"format-standard","5":"has-post-thumbnail","7":"category-grenoble","8":"tag-actu","9":"tag-actualites","10":"tag-auvergne-rhone-alpes","11":"tag-edition-grenoble-agglomeration","12":"tag-edition-gresivaudan-oisans","13":"tag-edition-voiron-saint-marcellin","14":"tag-eu","15":"tag-europe","16":"tag-feminisme","17":"tag-fil-info","18":"tag-fr","19":"tag-france","20":"tag-grenoble","21":"tag-grenoble-bassin","22":"tag-immigration","23":"tag-isere","24":"tag-news","25":"tag-republique-francaise","26":"tag-selection-abonne","27":"tag-selection-de-la-redaction-38","28":"tag-social","29":"tag-societe","30":"tag-vie-associative"},"share_on_mastodon":{"url":"https:\/\/pubeurope.com\/@fr\/115650267994755793","error":""},"_links":{"self":[{"href":"https:\/\/www.europesays.com\/fr\/wp-json\/wp\/v2\/posts\/573225","targetHints":{"allow":["GET"]}}],"collection":[{"href":"https:\/\/www.europesays.com\/fr\/wp-json\/wp\/v2\/posts"}],"about":[{"href":"https:\/\/www.europesays.com\/fr\/wp-json\/wp\/v2\/types\/post"}],"author":[{"embeddable":true,"href":"https:\/\/www.europesays.com\/fr\/wp-json\/wp\/v2\/users\/2"}],"replies":[{"embeddable":true,"href":"https:\/\/www.europesays.com\/fr\/wp-json\/wp\/v2\/comments?post=573225"}],"version-history":[{"count":0,"href":"https:\/\/www.europesays.com\/fr\/wp-json\/wp\/v2\/posts\/573225\/revisions"}],"wp:featuredmedia":[{"embeddable":true,"href":"https:\/\/www.europesays.com\/fr\/wp-json\/wp\/v2\/media\/573226"}],"wp:attachment":[{"href":"https:\/\/www.europesays.com\/fr\/wp-json\/wp\/v2\/media?parent=573225"}],"wp:term":[{"taxonomy":"category","embeddable":true,"href":"https:\/\/www.europesays.com\/fr\/wp-json\/wp\/v2\/categories?post=573225"},{"taxonomy":"post_tag","embeddable":true,"href":"https:\/\/www.europesays.com\/fr\/wp-json\/wp\/v2\/tags?post=573225"}],"curies":[{"name":"wp","href":"https:\/\/api.w.org\/{rel}","templated":true}]}}