{"id":573227,"date":"2025-12-02T13:43:29","date_gmt":"2025-12-02T13:43:29","guid":{"rendered":"https:\/\/www.europesays.com\/fr\/573227\/"},"modified":"2025-12-02T13:43:29","modified_gmt":"2025-12-02T13:43:29","slug":"la-facture-envoyee-au-gf38","status":"publish","type":"post","link":"https:\/\/www.europesays.com\/fr\/573227\/","title":{"rendered":"la facture envoy\u00e9e au GF38"},"content":{"rendered":"<p itemprop=\"description\"><strong>Vendredi dernier, le FC Annecy a tout perdu ou presque \u00e0 l&rsquo;occasion du 8e tour de Coupe de France.<\/strong><\/p>\n<p>D&rsquo;abord sur la pelouse, puisque c&rsquo;est le GF38 qui l&rsquo;a emport\u00e9, se qualifiant pour les 32e de finale de la comp\u00e9tition durant lesquels il affrontera Nancy.<br \/>Mais aussi dans les tribunes car les ultras grenoblois ont jet\u00e9 des fumig\u00e8nes et des p\u00e9tards sur la piste d&rsquo;athl\u00e9tisme toute neuve du Parc des Sports ann\u00e9cien.<\/p>\n<p>Ce qui a occasionn\u00e9 des d\u00e9g\u00e2ts, puisque le tartan a \u00e9t\u00e9 br\u00fbl\u00e9 par endroits.<\/p>\n<p>Furieuse, la mairie d&rsquo;Annecy a d\u00e9cid\u00e9 d&rsquo;envoyer la facture au GF38. Le co\u00fbt des r\u00e9parations est en cours d&rsquo;estimation avec une entreprise sp\u00e9cialis\u00e9e.<\/p>\n<p>De plus, la municipalit\u00e9 entend demander des comptes au FC Annecy et \u00e0 la pr\u00e9fecture de Haute-Savoie, estimant que les palpations \u00e0 l&rsquo;entr\u00e9e du stade n&rsquo;ont pas \u00e9t\u00e9 assez minutieuses.<\/p>\n<p>Pour le GF38, cette qualification s&rsquo;annonce donc on\u00e9reuse. Car outre la facture de la Ville d&rsquo;Annecy, la commission de discipline de la LFP devrait \u00e9galement sanctionner le club is\u00e9rois pour cette utilisation de fumig\u00e8nes, probablement d&rsquo;une amende.<\/p>\n","protected":false},"excerpt":{"rendered":"Vendredi dernier, le FC Annecy a tout perdu ou presque \u00e0 l&rsquo;occasion du 8e tour de Coupe de&hellip;\n","protected":false},"author":2,"featured_media":573228,"comment_status":"","ping_status":"","sticky":false,"template":"","format":"standard","meta":{"footnotes":""},"categories":[9566],"tags":[1111,11,2813,2430,1109,251,1112,2811,1777,674,118,1011,27,21780,2731,14004,1922,1110,1114,108,12,316,25,2812,517,800],"class_list":{"0":"post-573227","1":"post","2":"type-post","3":"status-publish","4":"format-standard","5":"has-post-thumbnail","7":"category-grenoble","8":"tag-actu","9":"tag-actualites","10":"tag-article","11":"tag-auvergne-rhone-alpes","12":"tag-breves","13":"tag-culture","14":"tag-depeches","15":"tag-economique","16":"tag-eu","17":"tag-europe","18":"tag-faits-divers","19":"tag-fr","20":"tag-france","21":"tag-gf38","22":"tag-grenoble","23":"tag-grenoblemag","24":"tag-info","25":"tag-informations","26":"tag-infos","27":"tag-isere","28":"tag-news","29":"tag-politique","30":"tag-republique-francaise","31":"tag-sociale","32":"tag-sport","33":"tag-transports"},"share_on_mastodon":{"url":"https:\/\/pubeurope.com\/@fr\/115650271971259755","error":""},"_links":{"self":[{"href":"https:\/\/www.europesays.com\/fr\/wp-json\/wp\/v2\/posts\/573227","targetHints":{"allow":["GET"]}}],"collection":[{"href":"https:\/\/www.europesays.com\/fr\/wp-json\/wp\/v2\/posts"}],"about":[{"href":"https:\/\/www.europesays.com\/fr\/wp-json\/wp\/v2\/types\/post"}],"author":[{"embeddable":true,"href":"https:\/\/www.europesays.com\/fr\/wp-json\/wp\/v2\/users\/2"}],"replies":[{"embeddable":true,"href":"https:\/\/www.europesays.com\/fr\/wp-json\/wp\/v2\/comments?post=573227"}],"version-history":[{"count":0,"href":"https:\/\/www.europesays.com\/fr\/wp-json\/wp\/v2\/posts\/573227\/revisions"}],"wp:featuredmedia":[{"embeddable":true,"href":"https:\/\/www.europesays.com\/fr\/wp-json\/wp\/v2\/media\/573228"}],"wp:attachment":[{"href":"https:\/\/www.europesays.com\/fr\/wp-json\/wp\/v2\/media?parent=573227"}],"wp:term":[{"taxonomy":"category","embeddable":true,"href":"https:\/\/www.europesays.com\/fr\/wp-json\/wp\/v2\/categories?post=573227"},{"taxonomy":"post_tag","embeddable":true,"href":"https:\/\/www.europesays.com\/fr\/wp-json\/wp\/v2\/tags?post=573227"}],"curies":[{"name":"wp","href":"https:\/\/api.w.org\/{rel}","templated":true}]}}