{"id":573235,"date":"2025-12-02T13:47:12","date_gmt":"2025-12-02T13:47:12","guid":{"rendered":"https:\/\/www.europesays.com\/fr\/573235\/"},"modified":"2025-12-02T13:47:12","modified_gmt":"2025-12-02T13:47:12","slug":"le-candidat-lfi-propose-une-entree-payante-pour-le-marche-de-noel-a-strasbourg","status":"publish","type":"post","link":"https:\/\/www.europesays.com\/fr\/573235\/","title":{"rendered":"le candidat LFI propose une entr\u00e9e payante pour le march\u00e9 de No\u00ebl \u00e0 Strasbourg"},"content":{"rendered":"<p>\n    Florian Kobryn propose que les personnes ext\u00e9rieures \u00e0 la m\u00e9tropole de Strasbourg payent 10 euros pour acc\u00e9der au march\u00e9 de No\u00ebl les jours de week-end, les plus fr\u00e9quent\u00e9s du march\u00e9, qui a attir\u00e9 3,4 millions de visiteurs l\u2019an dernier..<\/p>\n<p class=\"fig-paragraph\">Florian Kobryn, candidat insoumis aux municipales \u00e0\u00a0<a href=\"http:\/\/www.lefigaro.fr\/voyages\/guides\/strasbourg-top-depart-d-un-marche-de-noel-feerique-mais-sous-haute-surveillance-20251124\" data-fig-type=\"NewsFlash\" data-gtm-custom-categorie=\"navigation\" data-gtm-custom-action=\"crossclick\" data-gtm-custom-label=\"Contextuel\" data-gtm-event=\"customEventSPE\" data-fig-domain=\"LEFIGARO\" target=\"_blank\" rel=\"noopener\">Strasbourg<\/a>, souhaite rendre payant l&rsquo;acc\u00e8s au c\u00e9l\u00e8bre\u00a0<a href=\"https:\/\/video.lefigaro.fr\/figaro\/voyages\/face-au-surtourisme-les-villages-d-alsace-s-organisent-20251130\" data-fig-type=\"Video\" data-gtm-custom-categorie=\"navigation\" data-gtm-custom-action=\"crossclick\" data-gtm-custom-label=\"Contextuel\" data-gtm-event=\"customEventSPE\" data-fig-domain=\"LEFIGARO\" target=\"_blank\" rel=\"noopener\">march\u00e9 de No\u00ebl\u00a0<\/a>afin de lutter contre le surtourime et financer des places d&rsquo;h\u00e9bergement d&rsquo;urgence, a-t-il annonc\u00e9 mardi \u00e0 l&rsquo;AFP.<\/p>\n<p class=\"fig-paragraph\">Il propose que les personnes ext\u00e9rieures \u00e0 la m\u00e9tropole de Strasbourg payent 10 euros pour acc\u00e9der au march\u00e9 de No\u00ebl les jours de week-end, les plus fr\u00e9quent\u00e9s du march\u00e9, qui a attir\u00e9 3,4 millions de visiteurs l&rsquo;an dernier. \u00abLe\u00a0<a href=\"https:\/\/video.lefigaro.fr\/figaro\/surtourisme-les-montagnes-francaises-impactees-pendant-lete-2025-20250904\" data-fig-type=\"Video\" data-gtm-custom-categorie=\"navigation\" data-gtm-custom-action=\"crossclick\" data-gtm-custom-label=\"Contextuel\" data-gtm-event=\"customEventSPE\" data-fig-domain=\"LEFIGARO\" target=\"_blank\" rel=\"noopener\">surtourisme\u00a0<\/a> est d\u00e9j\u00e0 une r\u00e9alit\u00e9 et il nous faut agir\u00bb, a d\u00e9clar\u00e9 M. Kobryn, citant un \u00abcentre-ville impraticable pendant quatre semaines, surtout les week-ends\u00bb.<\/p>\n<p>                                            <a class=\"fig-a11y-skip\" href=\"#fig-a11y-skip-main-inarticle\" data-module=\"a11y-skip\" data-context=\"was @visible\"><br \/>\n    Passer la publicit\u00e9<br \/>\n<\/a>            <\/p>\n<p>                                            \u00abDes enfants qui dorment dehors \u00e0 quelques rues du Grand Sapin\u00bb<\/p>\n<p class=\"fig-paragraph\">Selon lui, la population du centre-ville \u00abdiminue chaque ann\u00e9e\u00bb et des centaines d&rsquo;appartements \u00abpassent du march\u00e9 locatif classique au march\u00e9 locatif touristique, notamment via les plateformes Airbnb\u00bb. \u00abIl y a un enjeu \u00e0 faire en sorte que notre ville ne devienne pas une ville-mus\u00e9e qui est vid\u00e9e de ses habitants\u00bb, a soulign\u00e9 la t\u00eate de liste de\u00a0<a href=\"http:\/\/www.lefigaro.fr\/actualite-france\/de-plus-en-plus-radicalises-les-jeunes-musulmans-constituent-un-vivier-electoral-pour-la-france-insoumise-20251117\" data-fig-type=\"Article\" data-gtm-custom-categorie=\"navigation\" data-gtm-custom-action=\"crossclick\" data-gtm-custom-label=\"Contextuel\" data-gtm-event=\"customEventSPE\" data-fig-domain=\"LEFIGARO\" target=\"_blank\" rel=\"noopener\">La France insoumise<\/a>\u00a0(LFI) aux municipales de Strasbourg. Il a cit\u00e9 l&rsquo;exemple des\u00a0<a href=\"https:\/\/www.lefigaro.fr\/flash-actu\/2018\/08\/01\/97001-20180801FILWWW00161-fetes-de-bayonne-l-acces-payant-sera-reconduit.php\" data-fig-type=\"NewsFlash\" data-gtm-custom-categorie=\"navigation\" data-gtm-custom-action=\"crossclick\" data-gtm-custom-label=\"Contextuel\" data-gtm-event=\"customEventSPE\" data-fig-domain=\"LEFIGARO\" target=\"_blank\" rel=\"noopener\">F\u00eates de Bayonne<\/a>, dont l&rsquo;acc\u00e8s du vendredi \u00e0 10h au dimanche \u00e0 minuit est devenu payant depuis 2018.<\/p>\n<p class=\"fig-paragraph\">\u00c0 Strasbourg, la v\u00e9rification des billets pourrait se faire aux points d&rsquo;acc\u00e8s au c\u0153ur historique de la ville qui sont d\u00e9j\u00e0 contr\u00f4l\u00e9s par des agents de s\u00e9curit\u00e9 aux heures d&rsquo;ouverture (11h30-21h00). L&rsquo;argent r\u00e9colt\u00e9 servirait \u00e0 financer des\u00a0<a href=\"http:\/\/www.lefigaro.fr\/lyon\/a-lyon-la-prefecture-veut-liberer-des-places-d-hebergement-d-urgence-pour-accueillir-des-familles-plus-vulnerables-20250228\" data-fig-type=\"NewsFlash\" data-gtm-custom-categorie=\"navigation\" data-gtm-custom-action=\"crossclick\" data-gtm-custom-label=\"Contextuel\" data-gtm-event=\"customEventSPE\" data-fig-domain=\"LEFIGARO\" target=\"_blank\" rel=\"noopener\">places d&rsquo;h\u00e9bergement d&rsquo;urgence<\/a>.<\/p>\n<p class=\"fig-paragraph\">\u00abOn est en mesure d&rsquo;accueillir le monde entier, mais on ne donne pas un toit \u00e0 des enfants et des familles qui dorment \u00e0 la rue\u00bb, d\u00e9plore le candidat de La France insoumise aux municipales de mars prochain, soulignant qu&rsquo;il y a \u00abdes enfants qui dorment dehors \u00e0 quelques rues du Grand Sapin\u00bb.Le march\u00e9 de No\u00ebl de Strasbourg a ouvert le 26 novembre et fermera le 24 d\u00e9cembre \u00e0 18h.<\/p>\n","protected":false},"excerpt":{"rendered":"Florian Kobryn propose que les personnes ext\u00e9rieures \u00e0 la m\u00e9tropole de Strasbourg payent 10 euros pour acc\u00e9der au&hellip;\n","protected":false},"author":2,"featured_media":573236,"comment_status":"","ping_status":"","sticky":false,"template":"","format":"standard","meta":{"footnotes":""},"categories":[2820],"tags":[1111,11,1777,674,1011,27,775,780,36053,12,25,640],"class_list":{"0":"post-573235","1":"post","2":"type-post","3":"status-publish","4":"format-standard","5":"has-post-thumbnail","7":"category-strasbourg","8":"tag-actu","9":"tag-actualites","10":"tag-eu","11":"tag-europe","12":"tag-fr","13":"tag-france","14":"tag-grand-est","15":"tag-lfi","16":"tag-marche-de-noel","17":"tag-news","18":"tag-republique-francaise","19":"tag-strasbourg"},"share_on_mastodon":{"url":"https:\/\/pubeurope.com\/@fr\/115650287831455161","error":""},"_links":{"self":[{"href":"https:\/\/www.europesays.com\/fr\/wp-json\/wp\/v2\/posts\/573235","targetHints":{"allow":["GET"]}}],"collection":[{"href":"https:\/\/www.europesays.com\/fr\/wp-json\/wp\/v2\/posts"}],"about":[{"href":"https:\/\/www.europesays.com\/fr\/wp-json\/wp\/v2\/types\/post"}],"author":[{"embeddable":true,"href":"https:\/\/www.europesays.com\/fr\/wp-json\/wp\/v2\/users\/2"}],"replies":[{"embeddable":true,"href":"https:\/\/www.europesays.com\/fr\/wp-json\/wp\/v2\/comments?post=573235"}],"version-history":[{"count":0,"href":"https:\/\/www.europesays.com\/fr\/wp-json\/wp\/v2\/posts\/573235\/revisions"}],"wp:featuredmedia":[{"embeddable":true,"href":"https:\/\/www.europesays.com\/fr\/wp-json\/wp\/v2\/media\/573236"}],"wp:attachment":[{"href":"https:\/\/www.europesays.com\/fr\/wp-json\/wp\/v2\/media?parent=573235"}],"wp:term":[{"taxonomy":"category","embeddable":true,"href":"https:\/\/www.europesays.com\/fr\/wp-json\/wp\/v2\/categories?post=573235"},{"taxonomy":"post_tag","embeddable":true,"href":"https:\/\/www.europesays.com\/fr\/wp-json\/wp\/v2\/tags?post=573235"}],"curies":[{"name":"wp","href":"https:\/\/api.w.org\/{rel}","templated":true}]}}