{"id":573253,"date":"2025-12-02T13:58:18","date_gmt":"2025-12-02T13:58:18","guid":{"rendered":"https:\/\/www.europesays.com\/fr\/573253\/"},"modified":"2025-12-02T13:58:18","modified_gmt":"2025-12-02T13:58:18","slug":"des-bouchons-aux-abords-de-lille","status":"publish","type":"post","link":"https:\/\/www.europesays.com\/fr\/573253\/","title":{"rendered":"des bouchons aux abords de Lille"},"content":{"rendered":"<p>                    Par<br \/>\n        <strong><br \/>\n            <a href=\"https:\/\/actu.fr\/auteur\/amandine-vachez\" title=\"Consulter tous les articles de Amandine Vachez\" target=\"_blank\" rel=\"noopener\">Amandine Vachez<\/a><br \/>\n                    <\/strong><\/p>\n<p>        Publi\u00e9 le<\/p>\n<p>            2 d\u00e9c. 2025 \u00e0 14h20<br \/>\n        ; mis \u00e0 jour le 2 d\u00e9c. 2025 \u00e0 14h50    <\/p>\n<p>Peu apr\u00e8s 14\u2009h ce <b>mardi 2\u00a0d\u00e9cembre 2025<\/b>, la cellule de vigilance routi\u00e8re de la pr\u00e9fecture du Nord alerte sur des <b>ralentissements, aux abords de Lille<\/b> (Nord). La cause\u2009: un <a href=\"https:\/\/actu.fr\/tag\/accident\" target=\"_blank\" rel=\"noopener\">accident<\/a>, survenu sur la <b>RN356<\/b> au niveau de<b> Mons-en-Bar\u0153ul.<\/b><\/p>\n<ul class=\" wall-content\">\n<li><b>ACTUALISATION \u00e0 14h49 : l\u2019accident est termin\u00e9, le bouchon est en cours de r\u00e9sorption.\u00a0<\/b><\/li>\n<\/ul>\n<p>Un bouchon vers Roubaix en augmentation<\/p>\n<p class=\" wall-content\">C\u2019est sur la RN356, dans le sens Lille vers Roubaix, que s\u2019est produit cet accident, impliquant un poids lourd et une voiture. \u00ab\u2009La voie du milieu et la voie de gauche sont neutralis\u00e9es. Un bouchon de 2\u00a0km, en augmentation, s\u2019est form\u00e9 en amont de cet accident\u2009\u00bb, d\u00e9taille la pr\u00e9fecture.<\/p>\n<p>Effet de curiosit\u00e9, dans le sens inverse<\/p>\n<p class=\" wall-content\">Dans l\u2019autre sens, un<b> <\/b>bouchon de 1\u00a0km s\u2019est form\u00e9 suite \u00e0 l\u2019effet de curiosit\u00e9.<\/p>\n<p class=\" wall-content\">Il est fortement recommand\u00e9 d\u2019\u00e9viter le secteur.<\/p>\n<p class=\" wall-content\">Personnalisez votre actualit\u00e9 en ajoutant vos villes et m\u00e9dias en favori avec <a href=\"https:\/\/moncompte.actu.fr\" title=\"D\u00e9couvez Mon Actu\" rel=\"nofollow noopener\" data-trk=\"{&quot;cta&quot;:{&quot;action&quot;:&quot;https:\\\/\\\/moncompte.actu.fr&quot;,&quot;category&quot;:&quot;mon compte&quot;,&quot;from&quot;:&quot;article footer&quot;,&quot;name&quot;:&quot;Mon actu&quot;,&quot;type&quot;:&quot;cta&quot;}}\" target=\"_blank\">Mon Actu<\/a>.<\/p>\n","protected":false},"excerpt":{"rendered":"Par Amandine Vachez Publi\u00e9 le 2 d\u00e9c. 2025 \u00e0 14h20 ; mis \u00e0 jour le 2 d\u00e9c. 2025&hellip;\n","protected":false},"author":2,"featured_media":573254,"comment_status":"","ping_status":"","sticky":false,"template":"","format":"standard","meta":{"footnotes":""},"categories":[2815],"tags":[119,1111,11,3542,1777,674,118,1011,27,811,1307,12,25],"class_list":{"0":"post-573253","1":"post","2":"type-post","3":"status-publish","4":"format-standard","5":"has-post-thumbnail","7":"category-lille","8":"tag-accident","9":"tag-actu","10":"tag-actualites","11":"tag-circulation","12":"tag-eu","13":"tag-europe","14":"tag-faits-divers","15":"tag-fr","16":"tag-france","17":"tag-hauts-de-france","18":"tag-lille","19":"tag-news","20":"tag-republique-francaise"},"share_on_mastodon":{"url":"","error":""},"_links":{"self":[{"href":"https:\/\/www.europesays.com\/fr\/wp-json\/wp\/v2\/posts\/573253","targetHints":{"allow":["GET"]}}],"collection":[{"href":"https:\/\/www.europesays.com\/fr\/wp-json\/wp\/v2\/posts"}],"about":[{"href":"https:\/\/www.europesays.com\/fr\/wp-json\/wp\/v2\/types\/post"}],"author":[{"embeddable":true,"href":"https:\/\/www.europesays.com\/fr\/wp-json\/wp\/v2\/users\/2"}],"replies":[{"embeddable":true,"href":"https:\/\/www.europesays.com\/fr\/wp-json\/wp\/v2\/comments?post=573253"}],"version-history":[{"count":0,"href":"https:\/\/www.europesays.com\/fr\/wp-json\/wp\/v2\/posts\/573253\/revisions"}],"wp:featuredmedia":[{"embeddable":true,"href":"https:\/\/www.europesays.com\/fr\/wp-json\/wp\/v2\/media\/573254"}],"wp:attachment":[{"href":"https:\/\/www.europesays.com\/fr\/wp-json\/wp\/v2\/media?parent=573253"}],"wp:term":[{"taxonomy":"category","embeddable":true,"href":"https:\/\/www.europesays.com\/fr\/wp-json\/wp\/v2\/categories?post=573253"},{"taxonomy":"post_tag","embeddable":true,"href":"https:\/\/www.europesays.com\/fr\/wp-json\/wp\/v2\/tags?post=573253"}],"curies":[{"name":"wp","href":"https:\/\/api.w.org\/{rel}","templated":true}]}}