{"id":573257,"date":"2025-12-02T14:00:22","date_gmt":"2025-12-02T14:00:22","guid":{"rendered":"https:\/\/www.europesays.com\/fr\/573257\/"},"modified":"2025-12-02T14:00:22","modified_gmt":"2025-12-02T14:00:22","slug":"a-marseille-palauma-global-group-a-lance-son-8eme-programme","status":"publish","type":"post","link":"https:\/\/www.europesays.com\/fr\/573257\/","title":{"rendered":"\u00c0 Marseille, Palauma Global Group a lanc\u00e9 son 8\u00e8me programme"},"content":{"rendered":"<p>                    <img loading=\"lazy\" decoding=\"async\" src=\"https:\/\/www.europesays.com\/fr\/wp-content\/uploads\/2025\/12\/0486043db695750158e27719267bdf.jpg\" class=\"img-responsive post-image\" width=\"680\" height=\"510\" alt=\"\u00c0 Marseille, Palauma (\u2026)\" title=\"\u00c0 Marseille, Palauma Global Group a lanc\u00e9 son 8\u00e8me programme\"\/><\/p>\n<p class=\"chapo\">Fort de 4 ann\u00e9es d\u2019existence et de projets sur l\u2019ensemble du territoire, Palauma Global Group a lanc\u00e9 son deuxi\u00e8me programme \u00e0 Marseille, le Gabriel.<\/p>\n<p>N\u00e9 \u00e0 Marseille en 2021 de la rencontre entre <strong>Philippe Bega<\/strong> et <strong>Eyal Bompuis,<\/strong> Palauma Global Group est un promoteur immobilier national et la direction immobili\u00e8re externalis\u00e9e du groupe SNEF. Riche de quatre ann\u00e9es de beaux et complexes projets (\u00e0 Marseille, Caen, Isola 2000, M\u00e2con, Meg\u00e8ve, Brignoles et Saint-Chaffrey), le promoteur pense ses programmes autrement selon le principe qu\u2019il nomme \u00ab\u00a0l\u2019intelligence immobili\u00e8re constructive\u00a0\u00bb. Un v\u00e9ritable mantra devenu signature pour celui qui ne r\u00e9alise plus aucun projet sans une phase pr\u00e9alable de contextualisation qui lui permet de mieux appr\u00e9hender le territoire et de mieux r\u00e9pondre aux attentes et besoins des usagers.<\/p>\n<p><strong>Cette ann\u00e9e, apr\u00e8s sept programmes lanc\u00e9s avec succ\u00e8s, Palauma Global Group a lanc\u00e9 son huiti\u00e8me programme, le deuxi\u00e8me \u00e0 Marseille <\/strong>\u00a0: le Gabriel. Ce projet, nich\u00e9 au coeur d\u2019une adresse exceptionnelle, propose 17 logements allant du studio au T5 dans un immeuble reconstruit dans le quartier embl\u00e9matique de P\u00e9rier. Le Gabriel est un programme qui repr\u00e9sente l\u2019intelligence immobili\u00e8re constructive selon Palauma Global Group. D\u2019abord par son emplacement mais aussi par l\u2019attention port\u00e9e aux logements, avec des prestations compl\u00e8tes (isolation thermique, installations domotiques, parking de v\u00e9los) et compl\u00e9mentaires allant jusqu\u2019\u00e0 l\u2019am\u00e9nagement des cuisines.<br class=\"texte\"\/><br \/>\nQu\u2019ils travaillent dans leur Sud d\u2019origine ou dans les territoires de montagnes, Palauma Global Group prend grand soin \u00e0 choisir ses partenaires et ce programme ne fait pas exception \u00e0 la r\u00e8gle. En plus du choix de partenaires du c\u00f4t\u00e9 des entreprises pour les travaux, Palauma Global Group a fait appel \u00e0 Smile Immobilier, un expert de la commercialisation en VEFA bas\u00e9 \u00e0 Marseille, pour s\u2019occuper du lancement commercial du programme Le Gabriel.<\/p>\n<p>Photo de Une\u00a0: \u00a9Palauma Global Group<\/p>\n","protected":false},"excerpt":{"rendered":"Fort de 4 ann\u00e9es d\u2019existence et de projets sur l\u2019ensemble du territoire, Palauma Global Group a lanc\u00e9 son&hellip;\n","protected":false},"author":2,"featured_media":573258,"comment_status":"","ping_status":"","sticky":false,"template":"","format":"standard","meta":{"footnotes":""},"categories":[2814],"tags":[1111,11,2408,1777,674,1011,27,884,12,882,25],"class_list":{"0":"post-573257","1":"post","2":"type-post","3":"status-publish","4":"format-standard","5":"has-post-thumbnail","7":"category-marseille","8":"tag-actu","9":"tag-actualites","10":"tag-appels-d","11":"tag-eu","12":"tag-europe","13":"tag-fr","14":"tag-france","15":"tag-marseille","16":"tag-news","17":"tag-provence-alpes-cote-dazur","18":"tag-republique-francaise"},"share_on_mastodon":{"url":"https:\/\/pubeurope.com\/@fr\/115650339570809944","error":""},"_links":{"self":[{"href":"https:\/\/www.europesays.com\/fr\/wp-json\/wp\/v2\/posts\/573257","targetHints":{"allow":["GET"]}}],"collection":[{"href":"https:\/\/www.europesays.com\/fr\/wp-json\/wp\/v2\/posts"}],"about":[{"href":"https:\/\/www.europesays.com\/fr\/wp-json\/wp\/v2\/types\/post"}],"author":[{"embeddable":true,"href":"https:\/\/www.europesays.com\/fr\/wp-json\/wp\/v2\/users\/2"}],"replies":[{"embeddable":true,"href":"https:\/\/www.europesays.com\/fr\/wp-json\/wp\/v2\/comments?post=573257"}],"version-history":[{"count":0,"href":"https:\/\/www.europesays.com\/fr\/wp-json\/wp\/v2\/posts\/573257\/revisions"}],"wp:featuredmedia":[{"embeddable":true,"href":"https:\/\/www.europesays.com\/fr\/wp-json\/wp\/v2\/media\/573258"}],"wp:attachment":[{"href":"https:\/\/www.europesays.com\/fr\/wp-json\/wp\/v2\/media?parent=573257"}],"wp:term":[{"taxonomy":"category","embeddable":true,"href":"https:\/\/www.europesays.com\/fr\/wp-json\/wp\/v2\/categories?post=573257"},{"taxonomy":"post_tag","embeddable":true,"href":"https:\/\/www.europesays.com\/fr\/wp-json\/wp\/v2\/tags?post=573257"}],"curies":[{"name":"wp","href":"https:\/\/api.w.org\/{rel}","templated":true}]}}