{"id":573269,"date":"2025-12-02T14:08:12","date_gmt":"2025-12-02T14:08:12","guid":{"rendered":"https:\/\/www.europesays.com\/fr\/573269\/"},"modified":"2025-12-02T14:08:12","modified_gmt":"2025-12-02T14:08:12","slug":"star-ac-et-chanson-de-noel-un-zenith-de-paris-plein-a-craquer-pour-ed-sheeran","status":"publish","type":"post","link":"https:\/\/www.europesays.com\/fr\/573269\/","title":{"rendered":"Star Ac&rsquo; et chanson de No\u00ebl : un Z\u00e9nith de Paris plein \u00e0 craquer pour Ed Sheeran"},"content":{"rendered":"<p class=\"mb-4 text-lg md:leading-8 break-words\">Entre Ed Sheeran et la France, c\u2019est une histoire qui dure. Il lui r\u00e9p\u00e8te \u00e0 chaque fois qu\u2019il le retrouve\u00a0: le public fran\u00e7ais est son pr\u00e9f\u00e9r\u00e9, lui qui l\u2019a profond\u00e9ment marqu\u00e9 par son engouement, le grondement de ses pieds qui tapent par milliers et sa passion pour le \u00ab\u00a0popolopopopo\u00a0\u00bb lors de <a href=\"https:\/\/www.parismatch.com\/Culture\/Musique\/Hier-soir-a-Paris-Ed-Sheeran-1819640\" rel=\"nofollow noopener\" target=\"_blank\" data-ylk=\"slk:son passage au Stade de France en 2022;elm:context_link;itc:0;sec:content-canvas\" class=\"link \">son passage au Stade de France en 2022<\/a>. Six mois seulement apr\u00e8s ses concerts lillois, l\u2019artiste a une nouvelle choisi ses fid\u00e8les fans fran\u00e7ais pour lancer avec eux son \u00ab\u00a0Loop Tour\u00a0\u00bb ce 1er\u00a0d\u00e9cembre \u00e0 Paris.<\/p>\n<p class=\"mb-4 text-lg md:leading-8 break-words\">Ce lundi soir, le Z\u00e9nith \u00e9tait plein \u00e0 craquer. Mais \u00e0 20\u00a0heures, c\u2019est vers les gradins que regards et t\u00e9l\u00e9phones \u00e9taient tourn\u00e9s pour tenter d\u2019apercevoir la rang\u00e9e d\u2019acad\u00e9miciens venus assister au concert. Les \u00e9l\u00e8ves de la \u00ab\u00a0Star Academy\u00a0\u00bb ont quitt\u00e9 leur ch\u00e2teau le temps d\u2019une soir\u00e9e pour soutenir leur camarade Anouk, l\u2019heureuse \u00e9lue du duo offert par <a href=\"https:\/\/www.parismatch.com\/People\/star-academy-les-parrains-de-la-saison-13-enfin-devoiles-256649\" rel=\"nofollow noopener\" target=\"_blank\" data-ylk=\"slk:Ed Sheeran, parrain tr\u00e8s investi de la promo de cette ann\u00e9e;elm:context_link;itc:0;sec:content-canvas\" class=\"link \">Ed Sheeran, parrain tr\u00e8s investi de la promo de cette ann\u00e9e<\/a>. Comme \u00e0 son habitude, c\u2019est pile \u00e0 l\u2019heure que le chanteur fait son entr\u00e9e en sc\u00e8ne, \u00e0 20h15 tapantes. Et comme \u00e0 son habitude, c\u2019est en toute d\u00e9contraction, en tee-shirt, pantalon baggy et baskets, guitare en main, qu\u2019il lance son concert sans introduction avec son titre \u00ab\u00a0Castle on the Hill\u00a0\u00bb.<\/p>\n<p class=\"mb-4 text-lg md:leading-8 break-words\">Image<\/p>\n<p><img alt=\"\" loading=\"lazy\" width=\"480\" height=\"320\" decoding=\"async\" data-nimg=\"1\" class=\"rounded-lg\" style=\"color:transparent\" src=\"https:\/\/www.europesays.com\/fr\/wp-content\/uploads\/2025\/12\/149178a07e2f4f8f8c87ee376f51031c.jpeg\"\/><\/p>\n<p class=\"mb-4 text-lg md:leading-8 break-words\"> Ed Sheeran lors de son concert au Z\u00e9nith de Paris le 1er d\u00e9cembre 2025.   \u00a9 Marine Corviole\/Paris Match <\/p>\n<p class=\"mb-4 text-lg md:leading-8 break-words\">Le public entre d\u2019embl\u00e9e dans l\u2019ambiance de ce \u00ab\u00a0t\u00eate-\u00e0-t\u00eates\u00a0\u00bb \u00e0 6000, chante en choeur sur les &#8230;<\/p>\n<p class=\"mb-4 text-lg md:leading-8 break-words\"><a href=\"https:\/\/www.parismatch.com\/culture\/musique\/star-ac-et-chanson-de-noel-un-zenith-de-paris-plein-a-craquer-pour-ed-sheeran-260994?at_medium=affiliate&amp;at_campaign=Yahoo\" rel=\"nofollow noopener\" target=\"_blank\" data-ylk=\"slk:Lire la suite sur ParisMatch;elm:context_link;itc:0;sec:content-canvas\" class=\"link \">Lire la suite sur ParisMatch<\/a><\/p>\n","protected":false},"excerpt":{"rendered":"Entre Ed Sheeran et la France, c\u2019est une histoire qui dure. Il lui r\u00e9p\u00e8te \u00e0 chaque fois qu\u2019il&hellip;\n","protected":false},"author":2,"featured_media":573270,"comment_status":"","ping_status":"","sticky":false,"template":"","format":"standard","meta":{"footnotes":""},"categories":[1888],"tags":[1111,1928,11,1927,9472,1777,674,1011,27,12,1926,626,1925,25],"class_list":{"0":"post-573269","1":"post","2":"type-post","3":"status-publish","4":"format-standard","5":"has-post-thumbnail","7":"category-paris","8":"tag-actu","9":"tag-actu-paris","10":"tag-actualites","11":"tag-actualites-paris","12":"tag-ed-sheeran","13":"tag-eu","14":"tag-europe","15":"tag-fr","16":"tag-france","17":"tag-news","18":"tag-news-paris","19":"tag-paris","20":"tag-paris-news","21":"tag-republique-francaise"},"share_on_mastodon":{"url":"https:\/\/pubeurope.com\/@fr\/115650371151114502","error":""},"_links":{"self":[{"href":"https:\/\/www.europesays.com\/fr\/wp-json\/wp\/v2\/posts\/573269","targetHints":{"allow":["GET"]}}],"collection":[{"href":"https:\/\/www.europesays.com\/fr\/wp-json\/wp\/v2\/posts"}],"about":[{"href":"https:\/\/www.europesays.com\/fr\/wp-json\/wp\/v2\/types\/post"}],"author":[{"embeddable":true,"href":"https:\/\/www.europesays.com\/fr\/wp-json\/wp\/v2\/users\/2"}],"replies":[{"embeddable":true,"href":"https:\/\/www.europesays.com\/fr\/wp-json\/wp\/v2\/comments?post=573269"}],"version-history":[{"count":0,"href":"https:\/\/www.europesays.com\/fr\/wp-json\/wp\/v2\/posts\/573269\/revisions"}],"wp:featuredmedia":[{"embeddable":true,"href":"https:\/\/www.europesays.com\/fr\/wp-json\/wp\/v2\/media\/573270"}],"wp:attachment":[{"href":"https:\/\/www.europesays.com\/fr\/wp-json\/wp\/v2\/media?parent=573269"}],"wp:term":[{"taxonomy":"category","embeddable":true,"href":"https:\/\/www.europesays.com\/fr\/wp-json\/wp\/v2\/categories?post=573269"},{"taxonomy":"post_tag","embeddable":true,"href":"https:\/\/www.europesays.com\/fr\/wp-json\/wp\/v2\/tags?post=573269"}],"curies":[{"name":"wp","href":"https:\/\/api.w.org\/{rel}","templated":true}]}}