{"id":573275,"date":"2025-12-02T14:11:14","date_gmt":"2025-12-02T14:11:14","guid":{"rendered":"https:\/\/www.europesays.com\/fr\/573275\/"},"modified":"2025-12-02T14:11:14","modified_gmt":"2025-12-02T14:11:14","slug":"guerre-en-ukraine-encore-un-coup-de-maitre-pour-les-ukainiens-impossible-de-deverrouiller-les-portes-ou-de-demarrer-le-moteur-des-centaines-de-porsche-tombent-en-panne-en-russie","status":"publish","type":"post","link":"https:\/\/www.europesays.com\/fr\/573275\/","title":{"rendered":"Guerre en Ukraine\u00a0: encore un coup de ma\u00eetre pour les Ukainiens\u00a0? Impossible de d\u00e9verrouiller les portes ou de d\u00e9marrer le moteur, des centaines de Porsche tombent en panne en Russie"},"content":{"rendered":"<p>\n                                                                Des centaines de v\u00e9hicules sont immobilis\u00e9s, n\u00e9cessitant un d\u00e9montage pour red\u00e9marrer. Un acte intentionnel\u00a0? La question reste ouverte.\n                            <\/p>\n<p>Au pilonnage quotidien de la Russie, l\u2019Ukraine r\u00e9pond par des comp\u00e9tences en mati\u00e8re de dronautique et des coups d\u2019\u00e9clat. Des op\u00e9rations savamment \u00e9labor\u00e9es qui lui permettent d\u2019exister et de contrarier l\u2019avanc\u00e9e russe qui semble inexorable.<\/p>\n<p>Depuis vendredi dernier, une myst\u00e9rieuse panne frappe des v\u00e9hicules de luxe de la marque Porsche en Russie. Impossible de d\u00e9verrouiller les portes ou de red\u00e9marrer leur moteur\u00a0: des centaines de v\u00e9hicules entre Moscou et Krasnodar sont \u00e0 l\u2019arr\u00eat, selon The Moscow Times, et possiblement\u00a0tous les v\u00e9hicules Porsche sur le territoire russe pourraient \u00eatre concern\u00e9s.<\/p>\n<p>D\u00e9montage<\/p>\n<p>Une panne dont l\u2019origine serait \u00ab\u00a0une perte de connexion avec les modules d\u2019alarme embarqu\u00e9s\u00a0et reli\u00e9s par satellite\u00a0\u00bb d\u2019apr\u00e8s Rolf, le plus grand groupe de concessions automobiles de Russie.<\/p>\n<p>Pour red\u00e9marrer le v\u00e9hicule, pas de solution miracle\u00a0: une r\u00e9initialisation manuelle du module d\u2019alarme est n\u00e9cessaire. Mais pour ce faire, il faut d\u2019abord d\u00e9monter la voiture. \u00ab\u00a0Certains conducteurs avaient r\u00e9tabli le fonctionnement en d\u00e9sactivant ou en red\u00e9marrant le VTS (module de s\u00e9curit\u00e9 embarqu\u00e9), tandis que d\u2019autres ont signal\u00e9 un succ\u00e8s apr\u00e8s avoir d\u00e9branch\u00e9 la batterie de leur voiture pendant une dur\u00e9e allant jusqu\u2019\u00e0 10\u00a0heures\u00a0\u00bb, poursuit le \u00ab\u00a0MT\u00a0\u00bb.<\/p>\n<p>Selon Rolf, \u00ab\u00a0il est possible que cela ait \u00e9t\u00e9 fait intentionnellement\u00a0\u00bb.<\/p>\n<p>Si les Ukrainiens sont derri\u00e8re \u00e7a, on ne parlera pas de coup d\u2019\u00e9clat, mais bien d\u2019un coup de ma\u00eetre.<\/p>\n","protected":false},"excerpt":{"rendered":"Des centaines de v\u00e9hicules sont immobilis\u00e9s, n\u00e9cessitant un d\u00e9montage pour red\u00e9marrer. Un acte intentionnel\u00a0? La question reste ouverte.&hellip;\n","protected":false},"author":2,"featured_media":573276,"comment_status":"","ping_status":"","sticky":false,"template":"","format":"standard","meta":{"footnotes":""},"categories":[1591],"tags":[1111,11,1887,131,14,12,1885,1886,132],"class_list":{"0":"post-573275","1":"post","2":"type-post","3":"status-publish","4":"format-standard","5":"has-post-thumbnail","7":"category-russie","8":"tag-actu","9":"tag-actualites","10":"tag-federation-de-russie","11":"tag-guerre-en-ukraine","12":"tag-international","13":"tag-news","14":"tag-russia","15":"tag-russian-federation","16":"tag-russie"},"share_on_mastodon":{"url":"https:\/\/pubeurope.com\/@fr\/115650382061569861","error":""},"_links":{"self":[{"href":"https:\/\/www.europesays.com\/fr\/wp-json\/wp\/v2\/posts\/573275","targetHints":{"allow":["GET"]}}],"collection":[{"href":"https:\/\/www.europesays.com\/fr\/wp-json\/wp\/v2\/posts"}],"about":[{"href":"https:\/\/www.europesays.com\/fr\/wp-json\/wp\/v2\/types\/post"}],"author":[{"embeddable":true,"href":"https:\/\/www.europesays.com\/fr\/wp-json\/wp\/v2\/users\/2"}],"replies":[{"embeddable":true,"href":"https:\/\/www.europesays.com\/fr\/wp-json\/wp\/v2\/comments?post=573275"}],"version-history":[{"count":0,"href":"https:\/\/www.europesays.com\/fr\/wp-json\/wp\/v2\/posts\/573275\/revisions"}],"wp:featuredmedia":[{"embeddable":true,"href":"https:\/\/www.europesays.com\/fr\/wp-json\/wp\/v2\/media\/573276"}],"wp:attachment":[{"href":"https:\/\/www.europesays.com\/fr\/wp-json\/wp\/v2\/media?parent=573275"}],"wp:term":[{"taxonomy":"category","embeddable":true,"href":"https:\/\/www.europesays.com\/fr\/wp-json\/wp\/v2\/categories?post=573275"},{"taxonomy":"post_tag","embeddable":true,"href":"https:\/\/www.europesays.com\/fr\/wp-json\/wp\/v2\/tags?post=573275"}],"curies":[{"name":"wp","href":"https:\/\/api.w.org\/{rel}","templated":true}]}}