{"id":57329,"date":"2025-04-27T17:34:08","date_gmt":"2025-04-27T17:34:08","guid":{"rendered":"https:\/\/www.europesays.com\/fr\/57329\/"},"modified":"2025-04-27T17:34:08","modified_gmt":"2025-04-27T17:34:08","slug":"bruno-retailleau-annonce-une-securite-renforcee-autour-des-mosquees-en-france","status":"publish","type":"post","link":"https:\/\/www.europesays.com\/fr\/57329\/","title":{"rendered":"Bruno Retailleau annonce une s\u00e9curit\u00e9 renforc\u00e9e autour des mosqu\u00e9es en France"},"content":{"rendered":"<p>Le ministre de l\u2019Int\u00e9rieur a \u00e9tendu la mesure prise vendredi dans le Gard \u00e0 tout le territoire apr\u00e8s le meurtre d\u2019un musulman dans une mosqu\u00e9e. Le suspect est consid\u00e9r\u00e9 comme dangereux et susceptible de repasser \u00e0 l\u2019acte.<\/p>\n<p class=\"fig-paragraph\">Bruno Retailleau a annonc\u00e9 dimanche un renforcement des mesures de s\u00e9curit\u00e9 autour de toutes les mosqu\u00e9es de France apr\u00e8s qu&rsquo;<a href=\"http:\/\/www.lefigaro.fr\/flash-actu\/nous-l-aurons-retailleau-affirme-que-les-enqueteurs-traquent-nuit-et-jour-le-meurtrier-d-un-musulman-dans-le-gard-20250427\" data-fig-type=\"NewsFlash\" data-gtm-custom-categorie=\"navigation\" data-gtm-custom-action=\"crossclick\" data-gtm-custom-label=\"Contextuel\" data-gtm-event=\"customEventSPE\" data-fig-domain=\"LEFIGARO\" target=\"_blank\" rel=\"noopener\">un fid\u00e8le a \u00e9t\u00e9 poignard\u00e9<\/a>\u00a0\u00e0 mort dans une mosqu\u00e9e du Gard vendredi par\u00a0<a href=\"http:\/\/www.lefigaro.fr\/faits-divers\/une-scene-d-une-extreme-violence-qui-est-olivier-h-auteur-presume-d-un-meurtre-dans-une-mosquee-du-gard-actuellement-en-cavale-20250427\" data-fig-type=\"NewsFlash\" data-gtm-custom-categorie=\"navigation\" data-gtm-custom-action=\"crossclick\" data-gtm-custom-label=\"Contextuel\" data-gtm-event=\"customEventSPE\" data-fig-domain=\"LEFIGARO\" target=\"_blank\" rel=\"noopener\">un homme toujours en fuite<\/a>.<\/p>\n<p class=\"fig-paragraph\">S&rsquo;exprimant sur BFMTV, le ministre de l&rsquo;Int\u00e9rieur a rappel\u00e9 que \u00abd\u00e8s vendredi\u00bb, il avait demand\u00e9 au pr\u00e9fet du Gard de renforcer les mesures de s\u00e9curit\u00e9 des lieux de culte dans ce d\u00e9partement. Il a affirm\u00e9 avoir depuis envoy\u00e9 un t\u00e9l\u00e9gramme \u00ab\u00e0 tous les pr\u00e9fets pour que toutes les mosqu\u00e9es en France soient davantage prot\u00e9g\u00e9es qu&rsquo;elles ne le sont\u00bb.<\/p>\n","protected":false},"excerpt":{"rendered":"Le ministre de l\u2019Int\u00e9rieur a \u00e9tendu la mesure prise vendredi dans le Gard \u00e0 tout le territoire apr\u00e8s&hellip;\n","protected":false},"author":2,"featured_media":57330,"comment_status":"","ping_status":"","sticky":false,"template":"","format":"standard","meta":{"footnotes":""},"categories":[4],"tags":[47,1058,1054,1059,1060,1055,11,1057,118,1011,27,1061,303,12,1062,25,656,104,1056,809],"class_list":{"0":"post-57329","1":"post","2":"type-post","3":"status-publish","4":"format-standard","5":"has-post-thumbnail","7":"category-france","8":"tag-actualite","9":"tag-actualite-education","10":"tag-actualite-france","11":"tag-actualite-justice","12":"tag-actualite-securite","13":"tag-actualite-societe","14":"tag-actualites","15":"tag-education","16":"tag-faits-divers","17":"tag-fr","18":"tag-france","19":"tag-immigration","20":"tag-justice","21":"tag-news","22":"tag-polemique","23":"tag-republique-francaise","24":"tag-securite","25":"tag-societe","26":"tag-societe-francaise","27":"tag-violence"},"share_on_mastodon":{"url":"https:\/\/pubeurope.com\/@fr\/114411134466915301","error":""},"_links":{"self":[{"href":"https:\/\/www.europesays.com\/fr\/wp-json\/wp\/v2\/posts\/57329","targetHints":{"allow":["GET"]}}],"collection":[{"href":"https:\/\/www.europesays.com\/fr\/wp-json\/wp\/v2\/posts"}],"about":[{"href":"https:\/\/www.europesays.com\/fr\/wp-json\/wp\/v2\/types\/post"}],"author":[{"embeddable":true,"href":"https:\/\/www.europesays.com\/fr\/wp-json\/wp\/v2\/users\/2"}],"replies":[{"embeddable":true,"href":"https:\/\/www.europesays.com\/fr\/wp-json\/wp\/v2\/comments?post=57329"}],"version-history":[{"count":0,"href":"https:\/\/www.europesays.com\/fr\/wp-json\/wp\/v2\/posts\/57329\/revisions"}],"wp:featuredmedia":[{"embeddable":true,"href":"https:\/\/www.europesays.com\/fr\/wp-json\/wp\/v2\/media\/57330"}],"wp:attachment":[{"href":"https:\/\/www.europesays.com\/fr\/wp-json\/wp\/v2\/media?parent=57329"}],"wp:term":[{"taxonomy":"category","embeddable":true,"href":"https:\/\/www.europesays.com\/fr\/wp-json\/wp\/v2\/categories?post=57329"},{"taxonomy":"post_tag","embeddable":true,"href":"https:\/\/www.europesays.com\/fr\/wp-json\/wp\/v2\/tags?post=57329"}],"curies":[{"name":"wp","href":"https:\/\/api.w.org\/{rel}","templated":true}]}}