{"id":573312,"date":"2025-12-02T14:39:26","date_gmt":"2025-12-02T14:39:26","guid":{"rendered":"https:\/\/www.europesays.com\/fr\/573312\/"},"modified":"2025-12-02T14:39:26","modified_gmt":"2025-12-02T14:39:26","slug":"cet-aliment-pourrait-rendre-le-traitement-contre-le-cancer-plus-efficace","status":"publish","type":"post","link":"https:\/\/www.europesays.com\/fr\/573312\/","title":{"rendered":"Cet aliment pourrait rendre le traitement contre le cancer plus efficace"},"content":{"rendered":"<p class=\"app_entry_lead\">\n<p>                    <a title=\"\u00a0\u00a9\u00a0RFBSIP - stock.adobe.com\" href=\"https:\/\/www.europesays.com\/fr\/wp-content\/uploads\/2025\/12\/83339171.jpg\" class=\"fancy\"><\/p>\n<p>                            <img loading=\"lazy\" decoding=\"async\" src=\"https:\/\/www.europesays.com\/fr\/wp-content\/uploads\/2025\/12\/83339171.jpg\" alt=\"Cet aliment pourrait rendre le traitement contre le cancer plus efficace\" width=\"1500\" height=\"1000\"\/><\/p>\n<p>                    <\/a><\/p>\n<p>                L&rsquo;alimentation joue un r\u00f4le majeur dans notre \u00e9tat de sant\u00e9, et notamment pendant les traitements contre le cancer.<\/p>\n<p>Bien manger nous aide \u00e0 \u00eatre en bonne sant\u00e9, et ce m\u00eame pendant le combat contre le cancer. L&rsquo;impact de l&rsquo;alimentation sur l&rsquo;efficacit\u00e9 des traitements anti-canc\u00e9reux fait ainsi l&rsquo;objet de plus en plus d&rsquo;\u00e9tudes. L&rsquo;une d&rsquo;elles, men\u00e9e par l&rsquo;Inserm et l&rsquo;Institut Curie et publi\u00e9e dans la revue <a class=\"cf0\" href=\"https:\/\/services.hosting.augure.com\/Response\/c5a8l\/%7Ba2017197-4aa4-4cfa-aa09-2283a03a2b49%7D\" target=\"_blank\" rel=\"noopener\">Nature Communications<\/a>, a montr\u00e9 des preuves prometteuses des bienfaits d&rsquo;un aliment sur l&rsquo;efficacit\u00e9 d&rsquo;un traitement. Il s&rsquo;agit de l&rsquo;immunoth\u00e9rapie, prescrite \u00e0 de nombreux patients.<\/p>\n<p>Les immunoth\u00e9rapies sont une approche th\u00e9rapeutique en plein essor en canc\u00e9rologie\u00a0: elles font d\u00e9sormais partie des traitements de r\u00e9f\u00e9rence, \u00e0 c\u00f4t\u00e9 de la chimioth\u00e9rapie et de la radioth\u00e9rapie. Mais \u00ab\u00a0au lieu de s&rsquo;attaquer directement aux cellules tumorales comme\u00a0\u00bb ces derni\u00e8res, l&rsquo;immunoth\u00e9rapie \u00ab\u00a0consiste \u00e0 activer le syst\u00e8me immunitaire du patient, pour l&rsquo;aider \u00e0 reconna\u00eetre les cellules canc\u00e9reuses\u00a0\u00bb et les d\u00e9truire, explique ainsi\u00a0<a class=\"cf0\" href=\"https:\/\/www.inserm.fr\/dossier\/immunotherapie-cancers\/\" target=\"_blank\" rel=\"noopener\">l&rsquo;Inserm<\/a>\u00a0ce 2 d\u00e9cembre. Elle est indiqu\u00e9e \u00e0 des patients souffrant d&rsquo;un cancer colorectal, r\u00e9nal, bronchique, ORL, hodgkinien, de la peau\u2026 Et si certains aliments pouvaient la rendre encore plus efficace\u00a0?<\/p>\n<p><img decoding=\"async\" alt=\"\" src=\"https:\/\/www.europesays.com\/fr\/wp-content\/uploads\/2025\/12\/83339172.jpg\"\/><\/p>\n<p>Des chercheurs de l&rsquo;Inserm et de l&rsquo;Institut Curie ont justement \u00e9tudi\u00e9 l&rsquo;impact d&rsquo;un nutriment tr\u00e8s pr\u00e9sent dans les l\u00e9gumes crucif\u00e8res (chou, brocolis, chou-fleur, cresson, navet, roquette, radis\u2026) sur l&rsquo;immunoth\u00e9rapie. Pour cela, ils ont donn\u00e9 deux r\u00e9gimes diff\u00e9rents \u00e0 des animaux\u00a0: l&rsquo;un contenait ce nutriment appel\u00e9 \u00ab\u00a0indole-3-carbinol\u00a0\u00bb, et l&rsquo;autre non. <\/p>\n<p>Le r\u00e9sultat \u00e9tait sans appel\u00a0: avec le r\u00e9gime \u00ab\u00a0sans\u00a0\u00bb, le traitement n&rsquo;\u00e9tait efficace que chez 20\u00a0% des animaux, contre 50\u00a0\u00e0 60\u00a0% chez ceux qui ont eu le r\u00e9gime avec le nutriment pr\u00e9sent dans les crucif\u00e8res. \u00ab\u00a0Lorsqu&rsquo;on enl\u00e8ve ce compos\u00e9 pr\u00e9sent dans les choux, il y a une diminution drastique de l&rsquo;efficacit\u00e9 de l&rsquo;immunoth\u00e9rapie\u00a0\u00bb, souligne la Dr Elodie Segura, directrice de recherche Inserm \u00e0 l&rsquo;Institut Curie.<\/p>\n<p>Au-del\u00e0 de leurs observations sur les animaux, les chercheurs ont \u00ab\u00a0r\u00e9ussi \u00e0 identifier les m\u00e9canismes d&rsquo;action de l&rsquo;indole-3-carbinol en jeu dans l&rsquo;immunoth\u00e9rapie\u00a0\u00bb, explique un communiqu\u00e9. Cette substance se lie \u00e0 un r\u00e9cepteur pr\u00e9sent sur les cellules du syst\u00e8me immunitaire, qui sont alors \u00ab\u00a0activ\u00e9es\u00a0\u00bb et peuvent s&rsquo;attaquer aux cellules canc\u00e9reuses. <\/p>\n<p>M\u00eame si d&rsquo;autres recherches doivent \u00eatre men\u00e9es sur l&rsquo;Homme pour confirmer ces r\u00e9sultats, la Dr Segura se r\u00e9jouit que ces \u00ab\u00a0travaux permettent de mieux comprendre le r\u00f4le des nutriments dans les r\u00e9ponses immunitaires antitumorales. Pour les patients, ces donn\u00e9es pourraient permettre d&rsquo;optimiser les r\u00e9gimes alimentaires afin d&rsquo;assurer l&rsquo;efficacit\u00e9 des traitements\u00a0\u00bb. Il pourrait alors bient\u00f4t \u00eatre conseill\u00e9 aux patients de manger plus de choux pendant un traitement contre le cancer\u00a0!<\/p>\n","protected":false},"excerpt":{"rendered":"L&rsquo;alimentation joue un r\u00f4le majeur dans notre \u00e9tat de sant\u00e9, et notamment pendant les traitements contre le cancer.&hellip;\n","protected":false},"author":2,"featured_media":573313,"comment_status":"","ping_status":"","sticky":false,"template":"","format":"standard","meta":{"footnotes":""},"categories":[10],"tags":[258,68769,51761,51763,1011,27,72,51979,51767,71],"class_list":{"0":"post-573312","1":"post","2":"type-post","3":"status-publish","4":"format-standard","5":"has-post-thumbnail","7":"category-sante","8":"tag-alimentation","9":"tag-cms-linternaute-9348431","10":"tag-controller-content","11":"tag-format-papier","12":"tag-fr","13":"tag-france","14":"tag-health","15":"tag-les-histoires-de-linternaute","16":"tag-parallaxeinfeed","17":"tag-sante"},"share_on_mastodon":{"url":"https:\/\/pubeurope.com\/@fr\/115650492951232143","error":""},"_links":{"self":[{"href":"https:\/\/www.europesays.com\/fr\/wp-json\/wp\/v2\/posts\/573312","targetHints":{"allow":["GET"]}}],"collection":[{"href":"https:\/\/www.europesays.com\/fr\/wp-json\/wp\/v2\/posts"}],"about":[{"href":"https:\/\/www.europesays.com\/fr\/wp-json\/wp\/v2\/types\/post"}],"author":[{"embeddable":true,"href":"https:\/\/www.europesays.com\/fr\/wp-json\/wp\/v2\/users\/2"}],"replies":[{"embeddable":true,"href":"https:\/\/www.europesays.com\/fr\/wp-json\/wp\/v2\/comments?post=573312"}],"version-history":[{"count":0,"href":"https:\/\/www.europesays.com\/fr\/wp-json\/wp\/v2\/posts\/573312\/revisions"}],"wp:featuredmedia":[{"embeddable":true,"href":"https:\/\/www.europesays.com\/fr\/wp-json\/wp\/v2\/media\/573313"}],"wp:attachment":[{"href":"https:\/\/www.europesays.com\/fr\/wp-json\/wp\/v2\/media?parent=573312"}],"wp:term":[{"taxonomy":"category","embeddable":true,"href":"https:\/\/www.europesays.com\/fr\/wp-json\/wp\/v2\/categories?post=573312"},{"taxonomy":"post_tag","embeddable":true,"href":"https:\/\/www.europesays.com\/fr\/wp-json\/wp\/v2\/tags?post=573312"}],"curies":[{"name":"wp","href":"https:\/\/api.w.org\/{rel}","templated":true}]}}