{"id":573318,"date":"2025-12-02T14:42:12","date_gmt":"2025-12-02T14:42:12","guid":{"rendered":"https:\/\/www.europesays.com\/fr\/573318\/"},"modified":"2025-12-02T14:42:12","modified_gmt":"2025-12-02T14:42:12","slug":"la-vie-na-peut-etre-pas-commence-ici","status":"publish","type":"post","link":"https:\/\/www.europesays.com\/fr\/573318\/","title":{"rendered":"la vie n\u2019a peut-\u00eatre pas commenc\u00e9 ici !"},"content":{"rendered":"<p>Comment l&rsquo;histoire de la vie a-t-elle commenc\u00e9 sur notre Plan\u00e8te\u2009? Cette question cruciale, les scientifiques tentent d&rsquo;y r\u00e9pondre depuis longtemps. Et parmi leurs hypoth\u00e8ses pr\u00e9f\u00e9r\u00e9es, celle d&rsquo;une origine extraterrestre. Non que de petits hommes verts auraient pu d\u00e9poser sur notre Terre des formes de vie, mais que des mol\u00e9cules dites <a href=\"https:\/\/www.futura-sciences.com\/sante\/definitions\/biologie-prebiotique-13305\/\" target=\"_blank\" rel=\"noopener\">pr\u00e9biotiques<\/a> y seraient arriv\u00e9es transport\u00e9es par des <a href=\"https:\/\/www.futura-sciences.com\/sciences\/questions-reponses\/comete-comete-meteorite-asteroide-etoile-filante-difference-6331\/\" title=\"Com\u00e8te, m\u00e9t\u00e9orite, ast\u00e9ro\u00efde, \u00e9toile filante : quelle est la diff\u00e9rence ?\" target=\"_blank\" rel=\"noopener\">ast\u00e9ro\u00efdes<\/a>. Certaines de ces mol\u00e9cules d\u00e9couvertes dans des \u00e9chantillons de m\u00e9t\u00e9orites semblent corroborer l&rsquo;hypoth\u00e8se. Difficile pourtant d&rsquo;\u00e9carter compl\u00e8tement la possibilit\u00e9 que ces \u00e9chantillons aient \u00e9t\u00e9 contamin\u00e9s par l&rsquo;environnement terrestre.<\/p>\n<p>Pour contourner cette difficult\u00e9, les <a href=\"https:\/\/www.futura-sciences.com\/formation\/metiers\/metiers-astronome-7\/\" target=\"_blank\" rel=\"noopener\">astronomes<\/a> r\u00eavaient d&rsquo;aller pr\u00e9lever des \u00e9chantillons directement sur un ast\u00e9ro\u00efde. Ils l&rsquo;ont fait &#8211; pour la deuxi\u00e8me fois &#8211;\u00a0en 2020. La Nasa a pos\u00e9 une sonde sur un ast\u00e9ro\u00efde nomm\u00e9 <a href=\"https:\/\/www.futura-sciences.com\/sciences\/actualites\/bennu-surprenante-decouverte-asteroide-bennu-viendrait-ancien-monde-oceanique-111385\/\" title=\"Surprenante d\u00e9couverte : l\u2019ast\u00e9ro\u00efde Bennu viendrait d\u2019un ancien monde oc\u00e9anique !\" target=\"_blank\" rel=\"noopener\">Bennu<\/a> et en a ramen\u00e9 sur notre Terre quelque 120\u00a0grammes d&rsquo;\u00e9chantillons. Des poussi\u00e8res rest\u00e9es quasiment intactes depuis la naissance de notre Syst\u00e8me solaire il y a environ 4,6\u00a0milliards d&rsquo;ann\u00e9es.<\/p>\n<blockquote class=\"twitter-tweet\" data-dnt=\"true\">\n<p lang=\"en\" dir=\"ltr\">Extraordinary. We are stardust.<\/p>\n<p>Asteroid Bennu contain all 5 of nucleobases that form DNA and RNA on Earth and 14 of 20 amino acids found in living organisms (though Bennu contains equal amounts of these structures and their right-handed counterparts). <a href=\"https:\/\/t.co\/kmTcpcmTKd\">https:\/\/t.co\/kmTcpcmTKd<\/a><\/p>\n<p>\u2014 Nicholas A. Christakis (@NAChristakis) <a href=\"https:\/\/twitter.com\/NAChristakis\/status\/1885659353006387245?ref_src=twsrc%5Etfw\" target=\"_blank\" rel=\"noopener\">February 1, 2025<\/a><\/p><\/blockquote>\n<p>Des acides amin\u00e9s sur un ast\u00e9ro\u00efde<\/p>\n<p>Les premi\u00e8res analyses ont r\u00e9v\u00e9l\u00e9 la pr\u00e9sence d&rsquo;<a href=\"https:\/\/www.futura-sciences.com\/sante\/actualites\/vieillissement-manger-moins-cet-acide-amine-pourrait-impacter-longevite-prise-poids-109702\/\" title=\"Manger moins de cet acide amin\u00e9 pourrait impacter la long\u00e9vit\u00e9 et la prise de poids\" target=\"_blank\" rel=\"noopener\">acides amin\u00e9s<\/a> qui, associ\u00e9s, sont capables de former des cha\u00eenes et finalement, ces <a href=\"https:\/\/www.futura-sciences.com\/sante\/definitions\/biologie-proteine-237\/\" target=\"_blank\" rel=\"noopener\">prot\u00e9ines<\/a> dont la vie a besoin pour se d\u00e9velopper. Ces analyses ont aussi mis au jour les <a href=\"https:\/\/www.futura-sciences.com\/sante\/definitions\/genetique-base-azotee-308\/\" target=\"_blank\" rel=\"noopener\">bases nucl\u00e9iques<\/a> communes dans notre <a href=\"https:\/\/www.futura-sciences.com\/sante\/definitions\/medecine-adn-87\/\" target=\"_blank\" rel=\"noopener\">ADN<\/a> et notre <a href=\"https:\/\/www.futura-sciences.com\/sante\/definitions\/genetique-arn-97\/\" target=\"_blank\" rel=\"noopener\">ARN<\/a>, ces mol\u00e9cules qui portent l&rsquo;information <a href=\"https:\/\/www.futura-sciences.com\/sante\/definitions\/genetique-genetique-152\/\" target=\"_blank\" rel=\"noopener\">g\u00e9n\u00e9tique<\/a>.<\/p>\n<p>Aujourd&rsquo;hui, des chercheurs du <a href=\"https:\/\/www.futura-sciences.com\/sciences\/definitions\/univers-goddard-space-flight-center-2557\/\" target=\"_blank\" rel=\"noopener\">Goddard Space Flight Center<\/a> (Nasa) publient dans les <a href=\"https:\/\/www.pnas.org\/doi\/10.1073\/pnas.2512461122\" title=\"Prebiotic organic compounds in samples of asteroid Bennu indicate heterogeneous aqueous alteration\" target=\"_blank\" rel=\"noopener\">Proceedings of the National Academy of Sciences<\/a> de nouveaux r\u00e9sultats qui confirment la pr\u00e9sence dans les \u00e9chantillons ramen\u00e9s de l&rsquo;ast\u00e9ro\u00efde Bennu des 14\u00a0<a href=\"https:\/\/www.futura-sciences.com\/sante\/definitions\/biologie-acide-amine-8\/\" target=\"_blank\" rel=\"noopener\">acides amin\u00e9s<\/a> &#8211;\u00a0sur les 20 essentiels \u00e0 la vie sur notre Terre &#8211;\u00a0d\u00e9j\u00e0 mentionn\u00e9s par leurs coll\u00e8gues dans les mois qui viennent de s&rsquo;\u00e9couler. Et m\u00eame probablement d&rsquo;un de plus. Puisqu&rsquo;ils \u00e9voquent des traces de <a href=\"https:\/\/www.futura-sciences.com\/sante\/definitions\/biologie-tryptophane-8604\/\" target=\"_blank\" rel=\"noopener\">tryptophane<\/a>.<\/p>\n<p>Des incontournables de la vie sur Bennu<\/p>\n<p>M\u00eame si ce n&rsquo;est qu&rsquo;un acide amin\u00e9 de plus, la d\u00e9couverte est loin d&rsquo;\u00eatre anecdotique. Car le tryptophane &#8211;\u00a0qui, accessoirement, participe \u00e0 la production de l&rsquo;<a href=\"https:\/\/www.futura-sciences.com\/sante\/questions-reponses\/bien-etre-augmentez-vos-hormones-bonheur-chaque-jour-ces-habitudes-simples-21457\/\" title=\"Augmentez vos hormones du bonheur chaque jour avec ces habitudes simples\" target=\"_blank\" rel=\"noopener\">hormone du bonheur<\/a>\u00a0&#8211;\u00a0est un acide amin\u00e9 non seulement complexe, mais aussi essentiel &#8211;\u00a0comprenez que le corps humain n&rsquo;est pas capable de le synth\u00e9tiser. Et si d&rsquo;autres avaient d\u00e9j\u00e0 \u00e9t\u00e9 d\u00e9couverts dans des \u00e9chantillons ramen\u00e9s d&rsquo;un autre ast\u00e9ro\u00efde, <a href=\"https:\/\/www.futura-sciences.com\/sciences\/definitions\/espace-ryugu-17417\/\" target=\"_blank\" rel=\"noopener\">Ryugu<\/a>, le tryptophane n&rsquo;avait encore jamais \u00e9t\u00e9 retrouv\u00e9 dans aucun \u00e9chantillon d&rsquo;ast\u00e9ro\u00efde ni m\u00eame aucune m\u00e9t\u00e9orite. La pr\u00e9sence de tryptophane dans les \u00e9chantillons de Bennu &#8211;\u00a0il faudra tout de m\u00eame encore le confirmer, car l&rsquo;\u00e9chantillon analys\u00e9 ne pesait pas plus de 50\u00a0milligrammes &#8211;\u00a0indique que ce type d&rsquo;ingr\u00e9dient essentiel \u00e0 la vie peut se former naturellement dans l&rsquo;espace. Qu&rsquo;il \u00e9tait pr\u00e9sent dans notre Syst\u00e8me solaire primitif\u2009! Et que la vie, donc, n&rsquo;est peut-\u00eatre pas apparue que sur notre Terre.<\/p>\n<p>Au total, ce sont 33\u00a0acides amin\u00e9s &#8211;\u00a0pas tous utilis\u00e9s par la vie &#8211;\u00a0qui ont d\u00e9j\u00e0 \u00e9t\u00e9 identifi\u00e9s dans les \u00e9chantillons ramen\u00e9s de Bennu, cet ast\u00e9ro\u00efde de 500\u00a0m\u00e8tres de diam\u00e8tre qui croisent r\u00e9guli\u00e8rement notre Terre. Mais aussi de l&rsquo;<a href=\"https:\/\/www.futura-sciences.com\/sciences\/definitions\/chimie-ammoniac-2959\/\" target=\"_blank\" rel=\"noopener\">ammoniac<\/a> et diff\u00e9rents <a href=\"https:\/\/www.futura-sciences.com\/maison\/definitions\/construction-maison-granulats-17943\/\" target=\"_blank\" rel=\"noopener\">min\u00e9raux<\/a>. Autant d&rsquo;\u00e9l\u00e9ments indispensables \u00e0 la formation des briques \u00e9l\u00e9mentaires de la vie. Et qui ne font que confirmer toujours plus l&rsquo;hypoth\u00e8se que les ast\u00e9ro\u00efdes ont livr\u00e9 sur notre Plan\u00e8te, une multitude de mol\u00e9cules.<\/p>\n<blockquote class=\"twitter-tweet\" data-dnt=\"true\">\n<p lang=\"fr\" dir=\"ltr\">Les 1\u00e8res analyses de l&rsquo;ast\u00e9ro\u00efde <a href=\"https:\/\/twitter.com\/hashtag\/Bennu?src=hash&amp;ref_src=twsrc%5Etfw\" target=\"_blank\" rel=\"noopener\">#Bennu<\/a> par <a href=\"https:\/\/twitter.com\/OSIRISREx?ref_src=twsrc%5Etfw\" target=\"_blank\" rel=\"noopener\">@OSIRISREx<\/a> sont sorties.<a href=\"https:\/\/twitter.com\/hashtag\/Bennu?src=hash&amp;ref_src=twsrc%5Etfw\" target=\"_blank\" rel=\"noopener\">#Bennu<\/a> contient des min\u00e9raux similaires \u00e0 ceux trouv\u00e9s sur la dorsale m\u00e9dio-atlantique sur Terre, ce qui indique que ce petit ast\u00e9ro\u00efde aurait autrefois fait partie d&rsquo;un monde plus vaste RICHE EN EAU !<\/p>\n<p>1\/2 <a href=\"https:\/\/t.co\/8V8BgdYnrx\">pic.twitter.com\/8V8BgdYnrx<\/a><\/p>\n<p>\u2014 Astropierre (@astropierre) <a href=\"https:\/\/twitter.com\/astropierre\/status\/1807109542632714399?ref_src=twsrc%5Etfw\" target=\"_blank\" rel=\"noopener\">June 29, 2024<\/a><\/p><\/blockquote>\n<p>Des acides amin\u00e9s form\u00e9s dans l\u2019eau<\/p>\n<p>Toutefois cela ne fait peut-\u00eatre que d\u00e9placer le probl\u00e8me. Celui de la question de l&rsquo;apparition de la vie. Mais les chercheurs voient dans la pr\u00e9sence d&rsquo;eau <a href=\"https:\/\/www.futura-sciences.com\/sciences\/definitions\/chimie-liquide-15334\/\" target=\"_blank\" rel=\"noopener\">liquide<\/a> au c\u0153ur de Bennu &#8211;\u00a0ou au moins de l&rsquo;ast\u00e9ro\u00efde dont il est issu &#8211;\u00a0au moins une partie de la r\u00e9ponse. Dans les \u00e9chantillons, ils ont en effet aussi d\u00e9couvert une abondance de <a href=\"https:\/\/www.futura-sciences.com\/planete\/definitions\/geologie-phyllosilicates-1577\/\" target=\"_blank\" rel=\"noopener\">phyllosilicates<\/a>, des min\u00e9raux argileux qui ne peuvent se former que lorsque la roche est expos\u00e9e \u00e0 l&rsquo;eau. Les chercheurs estiment que cette eau contenait probablement de l&rsquo;ammoniac, qui a agi comme <a href=\"https:\/\/www.futura-sciences.com\/sciences\/definitions\/chimie-catalyseur-676\/\" target=\"_blank\" rel=\"noopener\">catalyseur<\/a>, permettant la synth\u00e8se d&rsquo;acides amin\u00e9s et de bases nucl\u00e9otidiques \u00e0 partir de mat\u00e9riaux interstellaires plus simples.<\/p>\n<p>            <img decoding=\"async\" data-imgid=\"sm\" src=\"https:\/\/www.europesays.com\/fr\/wp-content\/uploads\/2025\/12\/asteroide-bennu-monde-oceanique.jpeg\" width=\"320\" height=\"320\" alt=\"Les derni\u00e8res analyses des \u00e9chantillons de l\u2019ast\u00e9ro\u00efde Bennu laissent penser qu\u2019il provient d\u2019un ancien monde oc\u00e9anique. \u00a9 AngrySun, Adobe Stock\" loading=\"lazy\"\/><\/p>\n<p>\n                Tags :<br \/>\n\tsciences\n<\/p>\n<p><a href=\"https:\/\/www.futura-sciences.com\/sciences\/actualites\/bennu-surprenante-decouverte-asteroide-bennu-viendrait-ancien-monde-oceanique-111385\/\" class=\"article-link\" target=\"_blank\" rel=\"noopener\"><\/p>\n<p>        Surprenante d\u00e9couverte : l\u2019ast\u00e9ro\u00efde Bennu viendrait d\u2019un ancien monde oc\u00e9anique !<\/p>\n<p><\/a><\/p>\n<p>        Lire l&rsquo;article <\/p>\n<p>\u00ab\u2009Nos d\u00e9couvertes renforcent l&rsquo;id\u00e9e que des mol\u00e9cules organiques pr\u00e9biotiques peuvent se former au sein de corps plan\u00e9taires primitifs en <a href=\"https:\/\/www.futura-sciences.com\/sciences\/definitions\/astronomie-accretion-13177\/\" target=\"_blank\" rel=\"noopener\">accr\u00e9tion<\/a> et qu&rsquo;elles pourraient avoir \u00e9t\u00e9 apport\u00e9es par des impacts sur la Terre primitive et d&rsquo;autres corps du Syst\u00e8me solaire, contribuant potentiellement \u00e0 l&rsquo;origine de la vie\u2009\u00bb, concluent les scientifiques.<\/p>\n<p><script async src=\"https:\/\/platform.twitter.com\/widgets.js\" charset=\"utf-8\"><\/script><\/p>\n","protected":false},"excerpt":{"rendered":"Comment l&rsquo;histoire de la vie a-t-elle commenc\u00e9 sur notre Plan\u00e8te\u2009? Cette question cruciale, les scientifiques tentent d&rsquo;y r\u00e9pondre&hellip;\n","protected":false},"author":2,"featured_media":573319,"comment_status":"","ping_status":"","sticky":false,"template":"","format":"standard","meta":{"footnotes":""},"categories":[7],"tags":[68776,68774,68771,68780,68772,68775,1011,27,68778,333,68770,68779,43,40,41,39,42,44,68777,68773],"class_list":{"0":"post-573318","1":"post","2":"type-post","3":"status-publish","4":"format-standard","5":"has-post-thumbnail","7":"category-sciences-et-technologies","8":"tag-acides-amines","9":"tag-apparition-de-la-vie-sur-terre","10":"tag-asteroides","11":"tag-base-nucleique","12":"tag-bennu","13":"tag-echantillons","14":"tag-fr","15":"tag-france","16":"tag-goddard-space-flight-center","17":"tag-nasa","18":"tag-origine-de-la-vie","19":"tag-phyllosilicates","20":"tag-science","21":"tag-science-and-technology","22":"tag-sciences","23":"tag-sciences-et-technologies","24":"tag-technologies","25":"tag-technology","26":"tag-tryptophane","27":"tag-vie-sur-terre"},"share_on_mastodon":{"url":"https:\/\/pubeurope.com\/@fr\/115650504731849734","error":""},"_links":{"self":[{"href":"https:\/\/www.europesays.com\/fr\/wp-json\/wp\/v2\/posts\/573318","targetHints":{"allow":["GET"]}}],"collection":[{"href":"https:\/\/www.europesays.com\/fr\/wp-json\/wp\/v2\/posts"}],"about":[{"href":"https:\/\/www.europesays.com\/fr\/wp-json\/wp\/v2\/types\/post"}],"author":[{"embeddable":true,"href":"https:\/\/www.europesays.com\/fr\/wp-json\/wp\/v2\/users\/2"}],"replies":[{"embeddable":true,"href":"https:\/\/www.europesays.com\/fr\/wp-json\/wp\/v2\/comments?post=573318"}],"version-history":[{"count":0,"href":"https:\/\/www.europesays.com\/fr\/wp-json\/wp\/v2\/posts\/573318\/revisions"}],"wp:featuredmedia":[{"embeddable":true,"href":"https:\/\/www.europesays.com\/fr\/wp-json\/wp\/v2\/media\/573319"}],"wp:attachment":[{"href":"https:\/\/www.europesays.com\/fr\/wp-json\/wp\/v2\/media?parent=573318"}],"wp:term":[{"taxonomy":"category","embeddable":true,"href":"https:\/\/www.europesays.com\/fr\/wp-json\/wp\/v2\/categories?post=573318"},{"taxonomy":"post_tag","embeddable":true,"href":"https:\/\/www.europesays.com\/fr\/wp-json\/wp\/v2\/tags?post=573318"}],"curies":[{"name":"wp","href":"https:\/\/api.w.org\/{rel}","templated":true}]}}