{"id":573320,"date":"2025-12-02T14:43:21","date_gmt":"2025-12-02T14:43:21","guid":{"rendered":"https:\/\/www.europesays.com\/fr\/573320\/"},"modified":"2025-12-02T14:43:21","modified_gmt":"2025-12-02T14:43:21","slug":"quelles-economies-en-roulant-a-le85","status":"publish","type":"post","link":"https:\/\/www.europesays.com\/fr\/573320\/","title":{"rendered":"quelles \u00e9conomies en roulant \u00e0 l&rsquo;E85 ?"},"content":{"rendered":"<p itemprop=\"description\">L&rsquo;avantage fiscal de l&rsquo;E85 sera<br \/>\nfinalement maintenu en 2026. Voyons quelles sont les \u00e9conomies que<br \/>\nvous pouvez faire en roulant avec.<\/p>\n<p>Bonne nouvelle ! La fiscalit\u00e9 du <strong>Super\u00e9thanol<br \/>\nE85<\/strong> sera maintenue pour 2026.<\/p>\n<p>Le super\u00e9thanol conserve son avantage fiscal<\/p>\n<p>Le projet de loi de finances pour 2026 pr\u00e9voyait diff\u00e9rents<br \/>\nchangements, dont <a href=\"https:\/\/www.autoplus.fr\/pratique\/prix-du-carburant-comment-sommes-taxes-538038.html\" target=\"_blank\" rel=\"noopener\"><br \/>\nune taxation plus \u00e9lev\u00e9e pour les biocarburants<\/a>, dont fait<br \/>\npartie le super\u00e9thanol E85. Cette mesure vient d\u00a0\u00bb\u00eatre<br \/>\n<strong>rejet\u00e9e par le S\u00e9nat<\/strong>, quelques jours apr\u00e8s avoir<br \/>\n\u00e9t\u00e9 abandonn\u00e9e \u00e9galement par les d\u00e9put\u00e9s \u00e0 l\u2019Assembl\u00e9e nationale, \u00e0<br \/>\nla majorit\u00e9 : 77% des votants s\u2019\u00e9taient exprim\u00e9s contre cette<br \/>\nnouvelle taxe.<\/p>\n<p>La fili\u00e8re des biocarburants a salu\u00e9 cette d\u00e9cision, rappelant<br \/>\nque \u00ab cette tentative de rel\u00e8vement des taxes a \u00e9t\u00e9 engag\u00e9e<br \/>\nsans concertation pr\u00e9alable \u00bb. Les biocarburants sont en<br \/>\neffets produits via la fili\u00e8re agricole fran\u00e7aise, et une hausse<br \/>\ndes taxes aurait donc menac\u00e9 de nombreux emplois. Le <a href=\"https:\/\/www.autoplus.fr\/pratique\/superethanol-e85-savoir-biocarburant-572117.html\" target=\"_blank\" rel=\"noopener\"><br \/>\nsuper\u00e9thanol<\/a> E85 conservera donc en 2026 son statut<br \/>\nparticulier, avec des tarifs plus avantageux \u00e0 la pompe. En<br \/>\ns\u2019affichant en moyenne \u00e0 <strong>0,77 euro\/litre<\/strong>, selon<br \/>\nles chiffres de Carbu.com, l&rsquo;E85 est le carburant le moins cher<br \/>\ndans nos contr\u00e9es. Il est disponible dans pr\u00e8s d\u2019une<br \/>\nstation-service sur deux : 42% le proposent en France.<\/p>\n<p>E85 : quelles \u00e9conomies \u00e0 l&rsquo;ann\u00e9e ?<\/p>\n<p>Le super\u00e9thanol E85 permet \u00e9galement de r\u00e9duire ses \u00e9missions de<br \/>\nCO2, mais c&rsquo;est surtout une meilleure ma\u00eetrise de leur budget<br \/>\ncarburant qui s\u00e9duit le plus les utilisateurs. En roulant avec de<br \/>\nl&rsquo;E85 toute l&rsquo;ann\u00e9e, vous pouvez en effet \u00e9conomiser pr\u00e8s de 700 \u20ac<br \/>\npar an pour 13 000 km parcourus, malgr\u00e9 la faible surconsommation<br \/>\ninduite par l&rsquo;<a href=\"https:\/\/www.autoplus.fr\/pratique\/ethanol-quil-faut-savoir-e85-549980.html\" target=\"_blank\" rel=\"noopener\">E85<\/a>.<br \/>\nDe plus, si vous effectuez 20 000 km par an, <strong>les \u00e9conomies<br \/>\npotentielles peuvent avoisiner les 1 000 \u20ac<\/strong> par rapport au<br \/>\nsans plomb SP95-E10, affich\u00e9 en moyenne \u00e0 1,717 euros par<br \/>\nlitre.<\/p>\n<p>De quoi rentabiliser rapidement l&rsquo;installation d&rsquo;un<br \/>\n<strong>bo\u00eetier de conversion homologu\u00e9<\/strong>, qui s&rsquo;affiche \u00e0<br \/>\nplusieurs centaines d\u2019euros, et parfois jusqu\u2019\u00e0 plus de 1 000 euros<br \/>\nselon les mod\u00e8les. Certains constructeurs proposent \u00e9galement dans<br \/>\nleur gamme des v\u00e9hicules d\u00e9j\u00e0 compatibles avec le super\u00e9thanol E85<br \/>\n: le constructeur am\u00e9ricain <a href=\"https:\/\/www.autoplus.fr\/marque\/ford\" target=\"_blank\" rel=\"noopener\">Ford<\/a>, par exemple,<br \/>\ncommercialise un Kuga Hybride FlexiFuel E85 (2.5 Duratec FHEV E85<br \/>\n180 chevaux Powershift) au prix de 39 990 euros.<\/p>\n<p>En conservant son avantage fiscal en 2026, l&rsquo;E85 devrait ainsi<br \/>\ncontinuer \u00e0 s\u00e9duire les automobilistes.<\/p>\n<p><img decoding=\"async\" src=\"https:\/\/www.europesays.com\/fr\/wp-content\/uploads\/2025\/12\/91-melanger-carburants-3-florian-grout-emas-750x410.jpg\" alt=\"SP 95, 98, E10, E85... Peut-on m\u00e9langer les carburants ?\" class=\"pinit-here\"\/><\/p>\n<p>\u00a9 Florian Grout \/ EMAS<\/p>\n<ul class=\"lists_legend\">\n<li class=\"active\">\n<p>SP 95, 98, E10, E85&#8230; Peut-on m\u00e9langer<br \/>\nles carburants ?<\/p>\n<p>Jusqu&rsquo;\u00e0 quel point les carburants<br \/>\nvont-ils continuer \u00e0 grimper ?<\/p>\n<\/li>\n<li class=\"\">\n<p>Biocarburant : ma voiture est-elle<br \/>\ncompatible ?<\/p>\n<\/li>\n<li class=\"\">\n<p>SP 95, 98, E10, E85&#8230; Peut-on m\u00e9langer<br \/>\nles carburants ?<\/p>\n<p><strong\/>&#8230; Mais attention \u00e0 ne pas<br \/>\nvous tromper, car tous les moteurs ne les acceptent pas, ou il<br \/>\nn&rsquo;est pas toujours possible de les m\u00e9langer.<\/p>\n<\/li>\n<li class=\"\">\n<p>SP 95, 98, E10, E85&#8230; Peut-on m\u00e9langer<br \/>\nles carburants ?<\/p>\n<p>L&rsquo;\u00e9thanol peut endommager \u00e0 long terme certaines pi\u00e8ces dont les<br \/>\ninjecteurs, pompes, et conduites. Notamment sur les anciennes<br \/>\nvoitures<\/p>\n<\/li>\n<li class=\"\">\n<p>SP 95, 98, E10, E85&#8230; Peut-on m\u00e9langer<br \/>\nles carburants ?<\/p>\n<p>Le gazole s\u2019est vendu la semaine derni\u00e8re \u00e0 1,6214 euro le litre<br \/>\nen moyenne<\/p>\n<\/li>\n<\/ul>\n<p>\n\ufeff<\/p>\n","protected":false},"excerpt":{"rendered":"L&rsquo;avantage fiscal de l&rsquo;E85 sera finalement maintenu en 2026. Voyons quelles sont les \u00e9conomies que vous pouvez faire&hellip;\n","protected":false},"author":2,"featured_media":573321,"comment_status":"","ping_status":"","sticky":false,"template":"","format":"standard","meta":{"footnotes":""},"categories":[6],"tags":[35,33,34,1011,27,1638],"class_list":{"0":"post-573320","1":"post","2":"type-post","3":"status-publish","4":"format-standard","5":"has-post-thumbnail","7":"category-economie","8":"tag-business","9":"tag-economie","10":"tag-economy","11":"tag-fr","12":"tag-france","13":"tag-has_diapo"},"share_on_mastodon":{"url":"https:\/\/pubeurope.com\/@fr\/115650509383745148","error":""},"_links":{"self":[{"href":"https:\/\/www.europesays.com\/fr\/wp-json\/wp\/v2\/posts\/573320","targetHints":{"allow":["GET"]}}],"collection":[{"href":"https:\/\/www.europesays.com\/fr\/wp-json\/wp\/v2\/posts"}],"about":[{"href":"https:\/\/www.europesays.com\/fr\/wp-json\/wp\/v2\/types\/post"}],"author":[{"embeddable":true,"href":"https:\/\/www.europesays.com\/fr\/wp-json\/wp\/v2\/users\/2"}],"replies":[{"embeddable":true,"href":"https:\/\/www.europesays.com\/fr\/wp-json\/wp\/v2\/comments?post=573320"}],"version-history":[{"count":0,"href":"https:\/\/www.europesays.com\/fr\/wp-json\/wp\/v2\/posts\/573320\/revisions"}],"wp:featuredmedia":[{"embeddable":true,"href":"https:\/\/www.europesays.com\/fr\/wp-json\/wp\/v2\/media\/573321"}],"wp:attachment":[{"href":"https:\/\/www.europesays.com\/fr\/wp-json\/wp\/v2\/media?parent=573320"}],"wp:term":[{"taxonomy":"category","embeddable":true,"href":"https:\/\/www.europesays.com\/fr\/wp-json\/wp\/v2\/categories?post=573320"},{"taxonomy":"post_tag","embeddable":true,"href":"https:\/\/www.europesays.com\/fr\/wp-json\/wp\/v2\/tags?post=573320"}],"curies":[{"name":"wp","href":"https:\/\/api.w.org\/{rel}","templated":true}]}}