{"id":573322,"date":"2025-12-02T14:44:12","date_gmt":"2025-12-02T14:44:12","guid":{"rendered":"https:\/\/www.europesays.com\/fr\/573322\/"},"modified":"2025-12-02T14:44:12","modified_gmt":"2025-12-02T14:44:12","slug":"donald-trump-accorde-des-sous-marins-atomiques-a-la-coree-du-sud-herissant-la-chine-et-la-coree-du-nord","status":"publish","type":"post","link":"https:\/\/www.europesays.com\/fr\/573322\/","title":{"rendered":"Donald Trump accorde des sous-marins atomiques \u00e0 la Cor\u00e9e du Sud, h\u00e9rissant la Chine et la Cor\u00e9e du Nord"},"content":{"rendered":"<p>\n    <strong>D\u00c9CRYPTAGE<\/strong> &#8211; Pyongyang et P\u00e9kin s\u2019inqui\u00e8tent du feu vert accord\u00e9 par le pr\u00e9sident am\u00e9ricain, avec Ta\u00efwan en ligne de mire.<\/p>\n<p class=\"fig-paragraph\">Quelques heures avant de rencontrer Xi Jinping \u00e0 Busan, le 30\u00a0octobre, Donald Trump a sem\u00e9 un petit caillou nucl\u00e9aire dans la chaussure du pr\u00e9sident chinois, en Cor\u00e9e du Sud. La veille, \u00e0 l\u2019issue d\u2019un d\u00eener d\u2019accueil offert par son h\u00f4te<a href=\"http:\/\/www.lefigaro.fr\/international\/un-grand-accord-pour-les-deux-parties-donald-trump-et-xi-jinping-en-quete-d-une-prolongation-de-leur-armistice-20251029\" data-fig-type=\"Article\" data-gtm-custom-categorie=\"navigation\" data-gtm-custom-action=\"crossclick\" data-gtm-custom-label=\"Contextuel\" data-gtm-event=\"customEventSPE\" data-fig-domain=\"LEFIGARO\" target=\"_blank\" rel=\"noopener\">\u00a0Lee Jae-myung \u00e0 Gyeongju, le champion de \u00ab\u00a0l\u2019Am\u00e9rique d\u2019abord\u00a0\u00bb a re\u00e7u en cadeau une couronne sertie d\u2019or<\/a>, r\u00e9plique d\u2019un tr\u00e9sor de la dynastie de Silla.<\/p>\n<p class=\"fig-paragraph\">Avant de c\u00e9der \u00e0 une demande insistante de cet alli\u00e9 aux avant-postes face \u00e0 la Cor\u00e9e du Nord et \u00e0 la Chine\u00a0: \u00ab\u00a0Je leur ai donn\u00e9 mon accord pour construire des sous-marins nucl\u00e9aires plut\u00f4t que ceux qu\u2019ils poss\u00e8dent actuellement, propuls\u00e9s au diesel, qui sont bien moins agiles\u00a0\u00bb, a \u00e9crit Trump sur son r\u00e9seau Truth Social. Une concession de derni\u00e8re minute en retour d\u2019une vaste promesse d\u2019investissements sud-cor\u00e9ens aux \u00c9tats-Unis de 350\u00a0milliards de dollars dont les contours restent tout aussi flous que la mise en \u0153uvre de ce \u00ab\u00a0deal\u00a0\u00bb sous-marin.<\/p>\n<p>                                            Fuite en avant de Kim Jong-un<\/p>\n<p class=\"fig-paragraph\">Une perc\u00e9e strat\u00e9gique pour S\u00e9oul, qui r\u00e9clame\u2026<\/p>\n<p class=\"fig-premium-paywall__infos\">\n        Cet article est r\u00e9serv\u00e9 aux abonn\u00e9s.        Il vous reste 87% \u00e0 d\u00e9couvrir.\n    <\/p>\n<p>                <img  data- alt=\"Le Figaro\" class=\"fig-img--complete fig-img\"\/><\/p>\n<p class=\"fig-premium-paywall__title\">Vous avez envie de lire la suite ?<\/p>\n<p class=\"fig-premium-paywall__subtitle\">D\u00e9bloquez tous les articles imm\u00e9diatement.<\/p>\n<p class=\"fig-premium-paywall__connect\">\n                D\u00e9j\u00e0 abonn\u00e9\u00a0?                <a class=\"fig-premium-paywall__connect-link\" href=\"https:\/\/connect.lefigaro.fr\/login?client=horizon_web&amp;type=main&amp;redirect_uri=https%3A%2F%2Fwww.lefigaro.fr%2Finternational%2Fdomino-nucleaire-trump-accorde-des-sous-marins-atomiques-a-la-coree-du-sud-herissant-la-chine-et-la-coree-du-nord-20251202\" data-js-gtm=\"{&quot;customCategorie&quot;: &quot;conversion&quot;, &quot;customAction&quot;: &quot;before_Landing_Connexion_paywall_auto&quot;, &quot;customLabel&quot;: &quot;bGVmaWdhcm8uZnJfXzFmMGNiNzM0LTVlYzctNjMxMC04MmU2LWQ5YTE2ODBhMDVhOF9fQXJ0aWNsZQ==_\u00abDomino nucl\u00e9aire\u00bb\u00a0: Donald Trump accorde des sous-marins atomiques \u00e0 la Cor\u00e9e du Sud, h\u00e9rissant la Chine et la Cor\u00e9e du Nord_39&quot;, &quot;customIDSPE&quot;: &quot;bGVmaWdhcm8uZnJfXzFmMGNiNzM0LTVlYzctNjMxMC04MmU2LWQ5YTE2ODBhMDVhOF9fQXJ0aWNsZQ==&quot;, &quot;event&quot;: &quot;customEventSPE&quot;}\" target=\"_blank\" rel=\"noopener\"><br \/>\n                    Connectez-vous<br \/>\n                <\/a>\n            <\/p>\n","protected":false},"excerpt":{"rendered":"D\u00c9CRYPTAGE &#8211; Pyongyang et P\u00e9kin s\u2019inqui\u00e8tent du feu vert accord\u00e9 par le pr\u00e9sident am\u00e9ricain, avec Ta\u00efwan en ligne&hellip;\n","protected":false},"author":2,"featured_media":573323,"comment_status":"","ping_status":"","sticky":false,"template":"","format":"standard","meta":{"footnotes":""},"categories":[5],"tags":[11,309,13987,5640,75,1011,27,14,12,28],"class_list":{"0":"post-573322","1":"post","2":"type-post","3":"status-publish","4":"format-standard","5":"has-post-thumbnail","7":"category-international","8":"tag-actualites","9":"tag-chine","10":"tag-coree-du-nord","11":"tag-coree-du-sud","12":"tag-donald-trump","13":"tag-fr","14":"tag-france","15":"tag-international","16":"tag-news","17":"tag-world"},"share_on_mastodon":{"url":"https:\/\/pubeurope.com\/@fr\/115650511843068079","error":""},"_links":{"self":[{"href":"https:\/\/www.europesays.com\/fr\/wp-json\/wp\/v2\/posts\/573322","targetHints":{"allow":["GET"]}}],"collection":[{"href":"https:\/\/www.europesays.com\/fr\/wp-json\/wp\/v2\/posts"}],"about":[{"href":"https:\/\/www.europesays.com\/fr\/wp-json\/wp\/v2\/types\/post"}],"author":[{"embeddable":true,"href":"https:\/\/www.europesays.com\/fr\/wp-json\/wp\/v2\/users\/2"}],"replies":[{"embeddable":true,"href":"https:\/\/www.europesays.com\/fr\/wp-json\/wp\/v2\/comments?post=573322"}],"version-history":[{"count":0,"href":"https:\/\/www.europesays.com\/fr\/wp-json\/wp\/v2\/posts\/573322\/revisions"}],"wp:featuredmedia":[{"embeddable":true,"href":"https:\/\/www.europesays.com\/fr\/wp-json\/wp\/v2\/media\/573323"}],"wp:attachment":[{"href":"https:\/\/www.europesays.com\/fr\/wp-json\/wp\/v2\/media?parent=573322"}],"wp:term":[{"taxonomy":"category","embeddable":true,"href":"https:\/\/www.europesays.com\/fr\/wp-json\/wp\/v2\/categories?post=573322"},{"taxonomy":"post_tag","embeddable":true,"href":"https:\/\/www.europesays.com\/fr\/wp-json\/wp\/v2\/tags?post=573322"}],"curies":[{"name":"wp","href":"https:\/\/api.w.org\/{rel}","templated":true}]}}