{"id":573327,"date":"2025-12-02T14:47:14","date_gmt":"2025-12-02T14:47:14","guid":{"rendered":"https:\/\/www.europesays.com\/fr\/573327\/"},"modified":"2025-12-02T14:47:14","modified_gmt":"2025-12-02T14:47:14","slug":"saint-etienne-dans-une-scene-surrealiste-elle-deboule-en-ville-avec-deux-femmes-accrochees-au-capot-de-sa-voiture","status":"publish","type":"post","link":"https:\/\/www.europesays.com\/fr\/573327\/","title":{"rendered":"Saint-\u00c9tienne. Dans une sc\u00e8ne surr\u00e9aliste, elle d\u00e9boule en ville avec deux femmes accroch\u00e9es au capot de sa voiture"},"content":{"rendered":"<p>Samedi 29\u00a0novembre, place Jean-Jaur\u00e8s \u00e0 Saint-Etienne, des passants ont \u00e9t\u00e9 les t\u00e9moins d\u2019une sc\u00e8ne ubuesque. La conductrice d\u2019un v\u00e9hicule a \u00e9t\u00e9 prise \u00e0 partie par une deuxi\u00e8me femme derri\u00e8re elle, et les civilit\u00e9s entre usagers de la route ont vol\u00e9 en \u00e9clats.<\/p>\n<p>Insultes, griffures et coups\u00a0: rien n\u2019a \u00e9t\u00e9 \u00e9pargn\u00e9. Dans ce d\u00e9cha\u00eenement de violence, et alors que deux femmes s\u2019\u00e9taient assises sur le capot de sa voiture, la premi\u00e8re a d\u00e9cid\u00e9 d\u2019embrayer. La Volkswagen Golf a effectu\u00e9 une vir\u00e9e en zigzag et \u00e0 vive allure jusqu\u2019\u00e0 hauteur de la pr\u00e9fecture.<\/p>\n<p>Le coup de frein a fait \u00ab\u00a0sauter\u00a0\u00bb les femmes qui s\u2019\u00e9taient accroch\u00e9es au v\u00e9hicule et la conductrice a fil\u00e9 \u00e0 l\u2019anglaise. Elle sera poursuivie jusqu\u2019au golf de Saint-Etienne par une troisi\u00e8me femme.<\/p>\n<p>  Exploitation de la vid\u00e9o, expertise psychiatrique pour \u00e9toffer le dossier<\/p>\n<p>C\u2019est ce sc\u00e9nario rocambolesque que devait juger, lundi 1 er \u00a0d\u00e9cembre, les magistrats du tribunal correctionnel de Saint-Etienne. Face \u00e0 des \u00ab\u00a0faits d\u2019une gravit\u00e9 extr\u00eame\u00a0\u00bb, le pr\u00e9sident et ses assesseurs ont demand\u00e9 un suppl\u00e9ment d\u2019informations (exploitation de la vid\u00e9osurveillance, interrogation de t\u00e9moins, expertise psychiatrique de la conductrice) avant de pouvoir se prononcer sur ce dossier.<\/p>\n<p>La mise en cause \u00e0 l\u2019\u00e9vocation des faits a soulign\u00e9\u00a0: \u00ab\u00a0J\u2019ai l\u2019impression que l\u2019on n\u2019a pas v\u00e9cu la m\u00eame\u00a0\u00bb. Si elle reconna\u00eet qu\u2019elle n\u2019aurait pas d\u00fb charger ces deux femmes sur sa voiture, elle dit avoir subi un coup de pression. \u00ab\u00a0Elles m\u2019ont dit bouge ta caisse o\u00f9 on va te crever toi et ta gamine\u00a0\u00bb.<\/p>\n<p>L\u2019affaire a \u00e9t\u00e9 renvoy\u00e9e au mois de janvier.<\/p>\n","protected":false},"excerpt":{"rendered":"Samedi 29\u00a0novembre, place Jean-Jaur\u00e8s \u00e0 Saint-Etienne, des passants ont \u00e9t\u00e9 les t\u00e9moins d\u2019une sc\u00e8ne ubuesque. La conductrice d\u2019un&hellip;\n","protected":false},"author":2,"featured_media":573328,"comment_status":"","ping_status":"","sticky":false,"template":"","format":"standard","meta":{"footnotes":""},"categories":[9653],"tags":[1111,11,2430,271,272,7539,1777,674,274,1011,27,3367,12,25,4001,7538],"class_list":{"0":"post-573327","1":"post","2":"type-post","3":"status-publish","4":"format-standard","5":"has-post-thumbnail","7":"category-saint-etienne","8":"tag-actu","9":"tag-actualites","10":"tag-auvergne-rhone-alpes","11":"tag-crime","12":"tag-delit-et-contravention","13":"tag-edition-loire-sud","14":"tag-eu","15":"tag-europe","16":"tag-faits-divers-justice","17":"tag-fr","18":"tag-france","19":"tag-loire","20":"tag-news","21":"tag-republique-francaise","22":"tag-saint-etienne","23":"tag-saint-etienne-ville"},"share_on_mastodon":{"url":"https:\/\/pubeurope.com\/@fr\/115650523598665289","error":""},"_links":{"self":[{"href":"https:\/\/www.europesays.com\/fr\/wp-json\/wp\/v2\/posts\/573327","targetHints":{"allow":["GET"]}}],"collection":[{"href":"https:\/\/www.europesays.com\/fr\/wp-json\/wp\/v2\/posts"}],"about":[{"href":"https:\/\/www.europesays.com\/fr\/wp-json\/wp\/v2\/types\/post"}],"author":[{"embeddable":true,"href":"https:\/\/www.europesays.com\/fr\/wp-json\/wp\/v2\/users\/2"}],"replies":[{"embeddable":true,"href":"https:\/\/www.europesays.com\/fr\/wp-json\/wp\/v2\/comments?post=573327"}],"version-history":[{"count":0,"href":"https:\/\/www.europesays.com\/fr\/wp-json\/wp\/v2\/posts\/573327\/revisions"}],"wp:featuredmedia":[{"embeddable":true,"href":"https:\/\/www.europesays.com\/fr\/wp-json\/wp\/v2\/media\/573328"}],"wp:attachment":[{"href":"https:\/\/www.europesays.com\/fr\/wp-json\/wp\/v2\/media?parent=573327"}],"wp:term":[{"taxonomy":"category","embeddable":true,"href":"https:\/\/www.europesays.com\/fr\/wp-json\/wp\/v2\/categories?post=573327"},{"taxonomy":"post_tag","embeddable":true,"href":"https:\/\/www.europesays.com\/fr\/wp-json\/wp\/v2\/tags?post=573327"}],"curies":[{"name":"wp","href":"https:\/\/api.w.org\/{rel}","templated":true}]}}