{"id":573329,"date":"2025-12-02T14:48:18","date_gmt":"2025-12-02T14:48:18","guid":{"rendered":"https:\/\/www.europesays.com\/fr\/573329\/"},"modified":"2025-12-02T14:48:18","modified_gmt":"2025-12-02T14:48:18","slug":"on-a-besoin-dun-soutien-energique-pour-relancer-leconomie-locale","status":"publish","type":"post","link":"https:\/\/www.europesays.com\/fr\/573329\/","title":{"rendered":"\u00ab\u00a0On a besoin d\u2019un soutien \u00e9nergique pour relancer l\u2019\u00e9conomie locale\u00a0\u00bb"},"content":{"rendered":"<p>L\u2019affaire de la sextape vient de trouver son \u00e9pilogue judiciaire. Une affaire qui, pendant plus de trois ans, entachait pour beaucoup l\u2019image de Saint-\u00c9tienne et de tout un territoire. Ce dossier qui mettait en cause le maire de Saint-\u00c9tienne et pr\u00e9sident de Saint-\u00c9tienne M\u00e9tropole, Ga\u00ebl Perdriau, avait \u00e9galement secou\u00e9 le monde \u00e9conomique.<\/p>\n<p>Tr\u00e8s vite, apr\u00e8s les r\u00e9v\u00e9lations de Mediapart, en ao\u00fbt\u00a02022, par un communiqu\u00e9 commun, le Medef, la CPME, U2P, la Chambre de commerce et d\u2019industrie, la Chambre des m\u00e9tiers et de l\u2019artisanat et la Chambre d\u2019agriculture, avaient mis en garde. <a href=\"https:\/\/www.leprogres.fr\/economie\/2022\/09\/19\/les-entreprises-ne-doivent-pas-etre-victimes-de-la-situation-actuelle-a-metropole\" target=\"_blank\" rel=\"noopener\">Ils craignaient des r\u00e9percussions n\u00e9fastes pour les entreprises<\/a> et l\u2019\u00e9conomie du territoire.<\/p>\n<p>  \u00ab\u00a0Ce dossier a alt\u00e9r\u00e9 le fonctionnement des institutions\u00a0\u00bb<\/p>\n<p>Philippe Rascle, pr\u00e9sident du Medef Loire, est d\u00e9sormais soulag\u00e9\u00a0: \u00ab\u00a0Nous avons souffert de l\u2019image renvoy\u00e9e. Il suffit d\u2019interroger les chefs d\u2019entreprise. Lorsqu\u2019ils re\u00e7oivent leurs clients, leurs fournisseurs fran\u00e7ais ou \u00e9trangers, ils leur parlent forc\u00e9ment de cette histoire. Le plus grave est que ce dossier a alt\u00e9r\u00e9 le fonctionnement des institutions que ce soit la M\u00e9tropole ou la municipalit\u00e9 st\u00e9phanoise. Quand la t\u00eate de l\u2019ex\u00e9cutif est mise en cause, \u00e7a ne peut pas bien fonctionner. \u00bb<\/p>\n<p>Il insiste\u00a0: \u00ab\u00a0D\u00e9j\u00e0 au niveau national, on souffre du d\u00e9faut de budget, la politique internationale avec la guerre en Ukraine, les droits de douane impos\u00e9s par les \u00c9tats-Unis ne nous facilitent pas la t\u00e2che\u2026 Si m\u00eame le niveau local s\u2019en m\u00eale, \u00e7a devient compliqu\u00e9. L&rsquo;\u00e9conomie, c\u2019est de la confiance, quand la gouvernance politique se d\u00e9grade \u00e0 tous les niveaux, les entreprises sont impact\u00e9es. L\u2019entreprise reste un endroit o\u00f9 les choses vont \u00e0 peu pr\u00e8s bien\u00a0: le dialogue social est globalement apais\u00e9, on tient le coup m\u00eame si la conjoncture est difficile. C\u2019est rassurant. Je rappelle quand m\u00eame qu\u2019une \u00e9tude r\u00e9cente montre que 73\u00a0% des personnes ont confiance dans la parole des chefs d\u2019entreprise. \u00bb<\/p>\n<p>  \u00ab\u00a0Il faut que les choses se d\u00e9cantent vite \u00e0 la mairie de Saint-\u00c9tienne\u00a0\u00bb<\/p>\n<p>Philippe Rascle, comme Didier Brosse, pr\u00e9sident de la f\u00e9d\u00e9ration du BTP Loire, parlent d\u2019une m\u00eame voix\u00a0: \u00ab\u00a0Aujourd\u2019hui, il est temps de tourner la page et que l\u2019investissement reprenne sur notre territoire. Un investissement de 1,2\u00a0milliard d\u2019euros a \u00e9t\u00e9 promis sur ce mandat au niveau de la M\u00e9tropole. Aujourd\u2019hui, m\u00eame revenus \u00e0\u00a0800\u00a0millions d\u2019euros, les conseillers reconnaissent que ce n\u2019\u00e9tait pas finan\u00e7able. On est clairement victimes des divisions au sein de la M\u00e9tropole. Cette situation politique, o\u00f9 personne n\u2019est d\u2019accord sur rien, est tr\u00e8s n\u00e9faste \u00e0 l\u2019\u00e9conomie du territoire. \u00bb<\/p>\n<p>Ils concluent\u00a0: \u00ab\u00a0Maintenant, il faut rapidement tourner la page, le monde \u00e9conomique n\u2019a pas le choix. Il faut que les choses se d\u00e9cantent vite \u00e0 la mairie de Saint-\u00c9tienne pour que des d\u00e9bats non pollu\u00e9s puissent permettre de voir \u00e9merger des d\u00e9cisions favorables au monde \u00e9conomique.\u00a0On a besoin d\u2019un soutien \u00e9nergique pour relancer l&rsquo;\u00e9conomie et le commerce. \u00bb<\/p>\n","protected":false},"excerpt":{"rendered":"L\u2019affaire de la sextape vient de trouver son \u00e9pilogue judiciaire. Une affaire qui, pendant plus de trois ans,&hellip;\n","protected":false},"author":2,"featured_media":573330,"comment_status":"","ping_status":"","sticky":false,"template":"","format":"standard","meta":{"footnotes":""},"categories":[9653],"tags":[1111,11,42797,1477,2430,4749,271,272,33,7539,1777,674,274,1011,27,693,3367,12,25,4001,7538],"class_list":{"0":"post-573329","1":"post","2":"type-post","3":"status-publish","4":"format-standard","5":"has-post-thumbnail","7":"category-saint-etienne","8":"tag-actu","9":"tag-actualites","10":"tag-affaire-perdriau","11":"tag-artisanat","12":"tag-auvergne-rhone-alpes","13":"tag-btp-et-chantiers","14":"tag-crime","15":"tag-delit-et-contravention","16":"tag-economie","17":"tag-edition-loire-sud","18":"tag-eu","19":"tag-europe","20":"tag-faits-divers-justice","21":"tag-fr","22":"tag-france","23":"tag-industrie","24":"tag-loire","25":"tag-news","26":"tag-republique-francaise","27":"tag-saint-etienne","28":"tag-saint-etienne-ville"},"share_on_mastodon":{"url":"https:\/\/pubeurope.com\/@fr\/115650527548632602","error":""},"_links":{"self":[{"href":"https:\/\/www.europesays.com\/fr\/wp-json\/wp\/v2\/posts\/573329","targetHints":{"allow":["GET"]}}],"collection":[{"href":"https:\/\/www.europesays.com\/fr\/wp-json\/wp\/v2\/posts"}],"about":[{"href":"https:\/\/www.europesays.com\/fr\/wp-json\/wp\/v2\/types\/post"}],"author":[{"embeddable":true,"href":"https:\/\/www.europesays.com\/fr\/wp-json\/wp\/v2\/users\/2"}],"replies":[{"embeddable":true,"href":"https:\/\/www.europesays.com\/fr\/wp-json\/wp\/v2\/comments?post=573329"}],"version-history":[{"count":0,"href":"https:\/\/www.europesays.com\/fr\/wp-json\/wp\/v2\/posts\/573329\/revisions"}],"wp:featuredmedia":[{"embeddable":true,"href":"https:\/\/www.europesays.com\/fr\/wp-json\/wp\/v2\/media\/573330"}],"wp:attachment":[{"href":"https:\/\/www.europesays.com\/fr\/wp-json\/wp\/v2\/media?parent=573329"}],"wp:term":[{"taxonomy":"category","embeddable":true,"href":"https:\/\/www.europesays.com\/fr\/wp-json\/wp\/v2\/categories?post=573329"},{"taxonomy":"post_tag","embeddable":true,"href":"https:\/\/www.europesays.com\/fr\/wp-json\/wp\/v2\/tags?post=573329"}],"curies":[{"name":"wp","href":"https:\/\/api.w.org\/{rel}","templated":true}]}}