{"id":573336,"date":"2025-12-02T14:52:14","date_gmt":"2025-12-02T14:52:14","guid":{"rendered":"https:\/\/www.europesays.com\/fr\/573336\/"},"modified":"2025-12-02T14:52:14","modified_gmt":"2025-12-02T14:52:14","slug":"transferts-top-14-judicael-cancoriet-la-rochelle-daccord-pour-rejoindre-toulon-des-la-saison-prochaine","status":"publish","type":"post","link":"https:\/\/www.europesays.com\/fr\/573336\/","title":{"rendered":"Transferts. \/ Top 14 \u2013 Judica\u00ebl Cancoriet (La\u00a0Rochelle) d\u2019accord pour rejoindre Toulon d\u00e8s la saison prochaine"},"content":{"rendered":"<p>\n                En fin de contrat \u00e0 l\u2019issue de la saison, Judica\u00ebl Cancoriet aurait choisi sa prochaine destination. Le troisi\u00e8me ligne serait tomb\u00e9 d\u2019accord avec un autre club de Top 14.\n            <\/p>\n<p><strong><a href=\"https:\/\/www.rugbyrama.fr\/equipe\/rugby-club-toulonnais\/\" target=\"_self\" rel=\"noopener\">Toulon <\/a><\/strong>commence \u00e0 se renforcer pour la saison prochaine. Selon nos confr\u00e8res de L\u2019\u00c9quipe, le troisi\u00e8me ligne rochelais Judica\u00ebl Cancoriet devrait prendre la direction de la Rade \u00e0 partir de la saison prochaine. Arriv\u00e9 \u00e0 La\u00a0Rochelle en 2023 en provenance de <strong><a href=\"https:\/\/www.rugbyrama.fr\/equipe\/asm-clermont\/\" target=\"_self\" rel=\"noopener\">Clermont<\/a><\/strong>,le joueur form\u00e9 \u00e0 Massy\u00a0avait commenc\u00e9 difficilement son aventure chez les <strong><a href=\"https:\/\/www.rugbyrama.fr\/equipe\/stade-rochelais\/\" target=\"_self\" rel=\"noopener\">Maritimes <\/a><\/strong>mais \u00e9tait mont\u00e9 en r\u00e9gime au fil des rencontres.\u00a0Il a fini la saison 2024-2025 avec 23 matchs disput\u00e9s dont 16 dans la peau d\u2019un titulaire.<\/p>\n<p>Une prolongation qui tardait<\/p>\n<p>C\u2019est donc un renfort de qualit\u00e9 qu\u2019enregistrerait Pierre Mignoni pour le prochain exercice. D\u2019autant qu\u2019une prolongation n\u2019\u00e9tait pas \u00e0 exclure du c\u00f4t\u00e9 de La\u00a0Rochelle, mais les n\u00e9gociations tra\u00eenaient et le troisi\u00e8me ligne a donc choisi Toulon. Actuellement, bless\u00e9 Judica\u00ebl Cancoriet n\u2019a disput\u00e9 que cinq matchs cette saison.<\/p>\n","protected":false},"excerpt":{"rendered":"En fin de contrat \u00e0 l\u2019issue de la saison, Judica\u00ebl Cancoriet aurait choisi sa prochaine destination. Le troisi\u00e8me&hellip;\n","protected":false},"author":2,"featured_media":573337,"comment_status":"","ping_status":"","sticky":false,"template":"","format":"standard","meta":{"footnotes":""},"categories":[9619],"tags":[1111,11,1777,674,1011,27,12,882,25,2310,10662],"class_list":{"0":"post-573336","1":"post","2":"type-post","3":"status-publish","4":"format-standard","5":"has-post-thumbnail","7":"category-toulon","8":"tag-actu","9":"tag-actualites","10":"tag-eu","11":"tag-europe","12":"tag-fr","13":"tag-france","14":"tag-news","15":"tag-provence-alpes-cote-dazur","16":"tag-republique-francaise","17":"tag-toulon","18":"tag-transferts"},"share_on_mastodon":{"url":"https:\/\/pubeurope.com\/@fr\/115650543314495730","error":""},"_links":{"self":[{"href":"https:\/\/www.europesays.com\/fr\/wp-json\/wp\/v2\/posts\/573336","targetHints":{"allow":["GET"]}}],"collection":[{"href":"https:\/\/www.europesays.com\/fr\/wp-json\/wp\/v2\/posts"}],"about":[{"href":"https:\/\/www.europesays.com\/fr\/wp-json\/wp\/v2\/types\/post"}],"author":[{"embeddable":true,"href":"https:\/\/www.europesays.com\/fr\/wp-json\/wp\/v2\/users\/2"}],"replies":[{"embeddable":true,"href":"https:\/\/www.europesays.com\/fr\/wp-json\/wp\/v2\/comments?post=573336"}],"version-history":[{"count":0,"href":"https:\/\/www.europesays.com\/fr\/wp-json\/wp\/v2\/posts\/573336\/revisions"}],"wp:featuredmedia":[{"embeddable":true,"href":"https:\/\/www.europesays.com\/fr\/wp-json\/wp\/v2\/media\/573337"}],"wp:attachment":[{"href":"https:\/\/www.europesays.com\/fr\/wp-json\/wp\/v2\/media?parent=573336"}],"wp:term":[{"taxonomy":"category","embeddable":true,"href":"https:\/\/www.europesays.com\/fr\/wp-json\/wp\/v2\/categories?post=573336"},{"taxonomy":"post_tag","embeddable":true,"href":"https:\/\/www.europesays.com\/fr\/wp-json\/wp\/v2\/tags?post=573336"}],"curies":[{"name":"wp","href":"https:\/\/api.w.org\/{rel}","templated":true}]}}