{"id":573346,"date":"2025-12-02T14:57:19","date_gmt":"2025-12-02T14:57:19","guid":{"rendered":"https:\/\/www.europesays.com\/fr\/573346\/"},"modified":"2025-12-02T14:57:19","modified_gmt":"2025-12-02T14:57:19","slug":"grenoble-une-centaine-de-personnes-mobilisees-pour-les-salaires-place-de-verdun","status":"publish","type":"post","link":"https:\/\/www.europesays.com\/fr\/573346\/","title":{"rendered":"Grenoble. Une centaine de personnes mobilis\u00e9es\u00a0pour les salaires place de Verdun"},"content":{"rendered":"<p>Environ une centaine de personnes sont rassembl\u00e9es place de Verdun pour r\u00e9clamer une hausse des salaires et protester contre l\u2019aust\u00e9rit\u00e9, \u00e0 l\u2019appel des organisations syndicales.<\/p>\n<p>Cette gr\u00e8ve interprofessionnelle r\u00e9unit des salari\u00e9s du public comme du priv\u00e9. Nicolas Benoit, secr\u00e9taire d\u00e9partemental de la CGT, d\u00e9clare : \u00ab Nous voulons un budget qui prenne en compte les besoins sociaux et environnementaux. \u00bb<\/p>\n<p>Parmi les manifestants, Claire, travailleuse au CHU de Grenoble, dit \u00eatre venue \u00ab parce que tout augmente sauf nos salaires. On veut juste pouvoir vivre dignement de notre travail \u00bb.<\/p>\n","protected":false},"excerpt":{"rendered":"Environ une centaine de personnes sont rassembl\u00e9es place de Verdun pour r\u00e9clamer une hausse des salaires et protester&hellip;\n","protected":false},"author":2,"featured_media":573347,"comment_status":"","ping_status":"","sticky":false,"template":"","format":"standard","meta":{"footnotes":""},"categories":[9566],"tags":[1111,11,2430,9671,112,341,1777,674,107,1011,27,2731,108,1985,12,2922,25],"class_list":{"0":"post-573346","1":"post","2":"type-post","3":"status-publish","4":"format-standard","5":"has-post-thumbnail","7":"category-grenoble","8":"tag-actu","9":"tag-actualites","10":"tag-auvergne-rhone-alpes","11":"tag-conflit-social","12":"tag-edition-grenoble-agglomeration","13":"tag-emploi","14":"tag-eu","15":"tag-europe","16":"tag-fil-info","17":"tag-fr","18":"tag-france","19":"tag-grenoble","20":"tag-isere","21":"tag-metropole-de-grenoble","22":"tag-news","23":"tag-pouvoir-dachat","24":"tag-republique-francaise"},"share_on_mastodon":{"url":"https:\/\/pubeurope.com\/@fr\/115650562894586858","error":""},"_links":{"self":[{"href":"https:\/\/www.europesays.com\/fr\/wp-json\/wp\/v2\/posts\/573346","targetHints":{"allow":["GET"]}}],"collection":[{"href":"https:\/\/www.europesays.com\/fr\/wp-json\/wp\/v2\/posts"}],"about":[{"href":"https:\/\/www.europesays.com\/fr\/wp-json\/wp\/v2\/types\/post"}],"author":[{"embeddable":true,"href":"https:\/\/www.europesays.com\/fr\/wp-json\/wp\/v2\/users\/2"}],"replies":[{"embeddable":true,"href":"https:\/\/www.europesays.com\/fr\/wp-json\/wp\/v2\/comments?post=573346"}],"version-history":[{"count":0,"href":"https:\/\/www.europesays.com\/fr\/wp-json\/wp\/v2\/posts\/573346\/revisions"}],"wp:featuredmedia":[{"embeddable":true,"href":"https:\/\/www.europesays.com\/fr\/wp-json\/wp\/v2\/media\/573347"}],"wp:attachment":[{"href":"https:\/\/www.europesays.com\/fr\/wp-json\/wp\/v2\/media?parent=573346"}],"wp:term":[{"taxonomy":"category","embeddable":true,"href":"https:\/\/www.europesays.com\/fr\/wp-json\/wp\/v2\/categories?post=573346"},{"taxonomy":"post_tag","embeddable":true,"href":"https:\/\/www.europesays.com\/fr\/wp-json\/wp\/v2\/tags?post=573346"}],"curies":[{"name":"wp","href":"https:\/\/api.w.org\/{rel}","templated":true}]}}