{"id":573348,"date":"2025-12-02T14:58:12","date_gmt":"2025-12-02T14:58:12","guid":{"rendered":"https:\/\/www.europesays.com\/fr\/573348\/"},"modified":"2025-12-02T14:58:12","modified_gmt":"2025-12-02T14:58:12","slug":"la-photographie-une-reponse-militante-a-la-violence-du-djihadisme","status":"publish","type":"post","link":"https:\/\/www.europesays.com\/fr\/573348\/","title":{"rendered":"La photographie, une r\u00e9ponse militante \u00e0 la violence du djihadisme ?"},"content":{"rendered":"<p>\u00ab C\u2019est la photo qui est venue vers moi, je n\u2019ai jamais souhait\u00e9 \u00eatre photographe \u00bb. Fasky, photographe burkinab\u00e9, se pr\u00e9sente comme un \u00ab photogrActiviste \u00bb, n\u00e9ologisme qu\u2019il porte fi\u00e8rement tel un flambeau. Son objectif : faire en sorte que les enfants des d\u00e9plac\u00e9s internes racontent leur propre histoire \u00e0 travers la photographie. Il se situe entre revendiquer et trouver des solutions par la photographie, l\u2019apport personnel de ses sujets, leur regard.<\/p>\n<p>Ce projet, qu\u2019il qualifie \u00ab d\u2019humain \u00bb. Fasky le porte au-del\u00e0 de sa ville, Bobo-Dioulasso. \u00c0 travers le Photot\u2019\u00c2ge Lab, projet interculturel entre Bobo-Dioulasso, Bamako et Grenoble, il initie dix jeunes burkinab\u00e9s \u00e0 la photographie. \u00ab Personne ne peut raconter leur histoire \u00e0 leur place \u00bb. Cette initiative leur offre la possibilit\u00e9 de manier, de manipuler et de figer ce qui les entoure, ce qu\u2019ils veulent montrer. A travers ces clich\u00e9s, ce sont la joie et la gaiet\u00e9 qui s\u2019expriment, en contraste avec l\u2019atmosph\u00e8re de crise dans laquelle ils vivent.<\/p>\n<p>Face \u00e0 l\u2019avanc\u00e9e du terrorisme djihadiste en Afrique, et en particulier au Burkina Faso, plusieurs villages du nord du pays subissent en effet l\u2019invasion peu ou prou r\u00e9guli\u00e8re de groupes arm\u00e9s.<\/p>\n<p>Ces histoires \u00e0 raconter se dessinent derri\u00e8re les clich\u00e9s pris par les \u00e9l\u00e8ves. Le r\u00e9sultat impressionne. Ainsi, Yassine, 1er prix du concours de photographie de Faso Tourisme 2025. Ce prix s\u2019inscrit dans ce que le photographe appelle la \u00ab culture par la photographie \u00bb, qui porte l\u2019ambition de la valorisation de cet art, pour en faire le porte-flambeau d\u2019une culture burkinab\u00e9 internationalis\u00e9e pour devenir africaine, voire mondiale.<\/p>\n<p> Une r\u00e9ponse cr\u00e9ative \u00e0 la crise djihadiste <\/p>\n<p>Les sujets dont traite l\u2019art de Fasky peuvent \u00eatre d\u00e9licats : terrorisme, d\u00e9placement interne, vuln\u00e9rabilit\u00e9s individuelles et communautaires. Dans ce cadre, bien que r\u00e9guli\u00e8rement appel\u00e9 \u00e0 rencontrer les autorit\u00e9s politiques ou culturelles de son pays, Fasky lutte contre toute r\u00e9cup\u00e9ration politique. A ce propos, il dira \u00ab arriv\u00e9 \u00e0 un moment, on devient des solutionneurs. On a revendiqu\u00e9 beaucoup de choses, aujourd\u2019hui on doit solutionner \u00bb !<\/p>\n<p>Et pour lui, la photographie y contribue grandement lorsqu\u2019il affirme que \u00ab photographier, pour exposer les situations et les probl\u00e8mes contribue \u00e0 susciter des solutions \u00bb.<\/p>\n<p> Humain, espoir, courage <\/p>\n<p>En pleine crise du coronavirus, Fasky participe \u00e0 la r\u00e9alisation de l\u2019exposition \u00ab Les carnets confinements \u00bb, projet port\u00e9 par un collectif d\u2019artistes photographes franco-burkinab\u00e9s qui projettent les r\u00e9alit\u00e9s v\u00e9cues durant la p\u00e9riode de confinement en France et de couvre-feu au Burkina-Faso.<\/p>\n<p>Gr\u00e2ce \u00e0 ce projet, Fasky fait la rencontre de Gilles Galoyer, photographe grenoblois tr\u00e8s exp\u00e9riment\u00e9. Au-del\u00e0 des opportunit\u00e9s professionnelles de cette rencontre, \u00ab c\u2019est aussi une histoire personnelle. On se comprend \u00e0 demi-mot et c\u2019est l\u2019aventure aussi qui nous lie \u00bb, confie Gilles. Lorsqu\u2019il en parle, Fasky dit \u00ab on a le m\u00eame regard, le partage, le don de soi qui nous lie \u00bb.<\/p>\n<p>Ce lien est si fort que lorsqu\u2019il d\u00e9crit les projets qu\u2019ils portent \u00e0 deux, Fasky \u00e9voque trois mots : \u00ab Humain, espoir, courage \u00bb.<\/p>\n","protected":false},"excerpt":{"rendered":"\u00ab C\u2019est la photo qui est venue vers moi, je n\u2019ai jamais souhait\u00e9 \u00eatre photographe \u00bb. Fasky, photographe&hellip;\n","protected":false},"author":2,"featured_media":573349,"comment_status":"","ping_status":"","sticky":false,"template":"","format":"standard","meta":{"footnotes":""},"categories":[9566],"tags":[1111,11,2430,1777,674,1011,27,2731,12,25],"class_list":{"0":"post-573348","1":"post","2":"type-post","3":"status-publish","4":"format-standard","5":"has-post-thumbnail","7":"category-grenoble","8":"tag-actu","9":"tag-actualites","10":"tag-auvergne-rhone-alpes","11":"tag-eu","12":"tag-europe","13":"tag-fr","14":"tag-france","15":"tag-grenoble","16":"tag-news","17":"tag-republique-francaise"},"share_on_mastodon":{"url":"https:\/\/pubeurope.com\/@fr\/115650566868007529","error":""},"_links":{"self":[{"href":"https:\/\/www.europesays.com\/fr\/wp-json\/wp\/v2\/posts\/573348","targetHints":{"allow":["GET"]}}],"collection":[{"href":"https:\/\/www.europesays.com\/fr\/wp-json\/wp\/v2\/posts"}],"about":[{"href":"https:\/\/www.europesays.com\/fr\/wp-json\/wp\/v2\/types\/post"}],"author":[{"embeddable":true,"href":"https:\/\/www.europesays.com\/fr\/wp-json\/wp\/v2\/users\/2"}],"replies":[{"embeddable":true,"href":"https:\/\/www.europesays.com\/fr\/wp-json\/wp\/v2\/comments?post=573348"}],"version-history":[{"count":0,"href":"https:\/\/www.europesays.com\/fr\/wp-json\/wp\/v2\/posts\/573348\/revisions"}],"wp:featuredmedia":[{"embeddable":true,"href":"https:\/\/www.europesays.com\/fr\/wp-json\/wp\/v2\/media\/573349"}],"wp:attachment":[{"href":"https:\/\/www.europesays.com\/fr\/wp-json\/wp\/v2\/media?parent=573348"}],"wp:term":[{"taxonomy":"category","embeddable":true,"href":"https:\/\/www.europesays.com\/fr\/wp-json\/wp\/v2\/categories?post=573348"},{"taxonomy":"post_tag","embeddable":true,"href":"https:\/\/www.europesays.com\/fr\/wp-json\/wp\/v2\/tags?post=573348"}],"curies":[{"name":"wp","href":"https:\/\/api.w.org\/{rel}","templated":true}]}}