{"id":57335,"date":"2025-04-27T17:37:07","date_gmt":"2025-04-27T17:37:07","guid":{"rendered":"https:\/\/www.europesays.com\/fr\/57335\/"},"modified":"2025-04-27T17:37:07","modified_gmt":"2025-04-27T17:37:07","slug":"les-resultats-des-barrages-les-affiches-des-8es-et-le-programme-de-la-phase-finale","status":"publish","type":"post","link":"https:\/\/www.europesays.com\/fr\/57335\/","title":{"rendered":"les r\u00e9sultats des barrages, les affiches des 8es et le programme de la phase finale"},"content":{"rendered":"<p>            Par<br \/>\n        <strong><br \/>\n            <a href=\"https:\/\/actu.fr\/auteur\/lucas-bertolotto\" title=\"Consulter tous les articles de Lucas Bertolotto\" target=\"_blank\" rel=\"noopener\">Lucas Bertolotto<\/a><br \/>\n        <\/strong><\/p>\n<p>        Publi\u00e9 le<\/p>\n<p>            27 avr. 2025 \u00e0 17h38        <\/p>\n<p>Division la plus \u00e9lev\u00e9e du <a href=\"https:\/\/actu.fr\/rugby\/amateurs\" target=\"_blank\" rel=\"noopener\">rugby amateur<\/a>, la F\u00e9d\u00e9rale 1 en a d\u00e9sormais fini avec son \u00e9cr\u00e9mage et va pouvoir rentrer dans sa derni\u00e8re ligne droite apr\u00e8s les barrages qui se sont disput\u00e9s ce 27 avril. D\u00e9couvrez donc sur <a href=\"https:\/\/actu.fr\/rugby\/\" target=\"_blank\" rel=\"noopener\">Actu Rugby<\/a> tous les <strong>r\u00e9sultats des matchs de barrage de F\u00e9d\u00e9rale 1<\/strong>, les <strong>affiches des 8es de finale<\/strong> et le programme complet de la phase finale.<\/p>\n<p>F\u00e9d\u00e9rale 1 : les r\u00e9sultats des matchs de barrage<\/p>\n<ul class=\" wall-content\">\n<li>B1 : Saint-M\u00e9dard-en-Jalles \u2013 Barbezieux\/Jonzac : 35-34<\/li>\n<li>B2 : Sarlat \u2013 Oloron : 25-20<\/li>\n<li>B3 : Montm\u00e9lian \u2013 C\u00e9ret : 17-21<\/li>\n<li>B4 : Saint-Sulpice-sur-L\u00e8ze \u2013 Ch\u00e2teaurenard : 20-6<\/li>\n<li>B5 : Gaillac \u2013 Nuits-Saint-Georges : 31-18<\/li>\n<li>B6 : La Seyne-sur-Mer \u2013 Mazamet : 28-10<\/li>\n<li>B7 : Limoges \u2013 Nafarroa : 19-18<\/li>\n<li>B8 : Peyrehorade \u2013 Courbevoie : 30-20<\/li>\n<\/ul>\n<p>F\u00e9d\u00e9rale 1 : les affiches des 8es de finale<\/p>\n<p class=\" wall-content\">Les 8es de finale se disputeront en matchs allers-retours, la seconde manche ayant lieu chez les \u00e9quipes les mieux class\u00e9es. En l\u2019occurrence, celles qui s\u2019\u00e9taient qualifi\u00e9es directement pour cette phase en finissant \u00e0 la 1\u00e8re ou \u00e0 la 2e place de leur poule.<\/p>\n<p class=\" wall-content\">Ces 8es de finale se tiendront le 4 mai pour les matchs allers et le 11 mai pour les matchs retours. En voici les affiches (ici dans l\u2019ordre des retours) :<\/p>\n<ul class=\" wall-content\">\n<li>Drancy\/Saint-Denis \u2013 Saint-M\u00e9dard-en-Jalles<\/li>\n<li>Bagn\u00e8res-de-Bigorre \u2013 Sarlat<\/li>\n<li>L\u2019Isle-Jourdain \u2013 C\u00e9ret<\/li>\n<li>Annonay \u2013 Saint-Sulpice-sur-L\u00e8ze<\/li>\n<li>Pierrelatte \u2013 Gaillac<\/li>\n<li>Blagnac \u2013 La Seyne-sur-Mer<\/li>\n<li>Tyrosse \u2013 Limoges<\/li>\n<li>Issoire \u2013 Peyrehorade<\/li>\n<\/ul>\n<p>F\u00e9d\u00e9rale 1 : le programme de la phase finale<\/p>\n<p class=\" wall-content\">En suivant les 8es, les quarts de finale auront \u00e9galement lieu sur deux week-ends avec des rencontres allers-retours les 18 et 25 mai. L\u00e0 encore, les \u00e9quipes les mieux class\u00e9es de la phase qualificative recevront le match retour.\u00a0<\/p>\n<p>Vid\u00e9os : en ce moment sur Actu<\/p>\n<p class=\" wall-content\">Pr\u00e9vues le 8 juin, les demi-finales se joueront ensuite sur terrain neutre, tout comme la finale le 15 juin.<\/p>\n<p class=\" wall-content\">Sous r\u00e9serve d\u2019acceptation par la FFR, les \u00e9quipes qui auront acc\u00e9d\u00e9 au dernier carr\u00e9 seront promues en Nationale 2.<\/p>\n<p class=\" wall-content\">Suivez toute l\u2019actualit\u00e9 de vos villes et m\u00e9dias favoris en vous inscrivant \u00e0 <a href=\"https:\/\/moncompte.actu.fr\" title=\"D\u00e9couvez Mon Actu\" rel=\"nofollow noopener\" data-trk=\"{&quot;cta&quot;:{&quot;action&quot;:&quot;https:\\\/\\\/moncompte.actu.fr&quot;,&quot;category&quot;:&quot;mon compte&quot;,&quot;from&quot;:&quot;article footer&quot;,&quot;name&quot;:&quot;Mon actu&quot;,&quot;type&quot;:&quot;cta&quot;}}\" target=\"_blank\">Mon Actu<\/a>.<\/p>\n","protected":false},"excerpt":{"rendered":"Par Lucas Bertolotto Publi\u00e9 le 27 avr. 2025 \u00e0 17h38 Division la plus \u00e9lev\u00e9e du rugby amateur, la&hellip;\n","protected":false},"author":2,"featured_media":57336,"comment_status":"","ping_status":"","sticky":false,"template":"","format":"standard","meta":{"footnotes":""},"categories":[1416],"tags":[5592,4127,1011,27,479,4126,1468,60],"class_list":{"0":"post-57335","1":"post","2":"type-post","3":"status-publish","4":"format-standard","5":"has-post-thumbnail","7":"category-rugby","8":"tag-amateurs","9":"tag-federale","10":"tag-fr","11":"tag-france","12":"tag-rugby","13":"tag-rugby-amateur","14":"tag-rugby-football","15":"tag-sports"},"share_on_mastodon":{"url":"https:\/\/pubeurope.com\/@fr\/114411146093579055","error":""},"_links":{"self":[{"href":"https:\/\/www.europesays.com\/fr\/wp-json\/wp\/v2\/posts\/57335","targetHints":{"allow":["GET"]}}],"collection":[{"href":"https:\/\/www.europesays.com\/fr\/wp-json\/wp\/v2\/posts"}],"about":[{"href":"https:\/\/www.europesays.com\/fr\/wp-json\/wp\/v2\/types\/post"}],"author":[{"embeddable":true,"href":"https:\/\/www.europesays.com\/fr\/wp-json\/wp\/v2\/users\/2"}],"replies":[{"embeddable":true,"href":"https:\/\/www.europesays.com\/fr\/wp-json\/wp\/v2\/comments?post=57335"}],"version-history":[{"count":0,"href":"https:\/\/www.europesays.com\/fr\/wp-json\/wp\/v2\/posts\/57335\/revisions"}],"wp:featuredmedia":[{"embeddable":true,"href":"https:\/\/www.europesays.com\/fr\/wp-json\/wp\/v2\/media\/57336"}],"wp:attachment":[{"href":"https:\/\/www.europesays.com\/fr\/wp-json\/wp\/v2\/media?parent=57335"}],"wp:term":[{"taxonomy":"category","embeddable":true,"href":"https:\/\/www.europesays.com\/fr\/wp-json\/wp\/v2\/categories?post=57335"},{"taxonomy":"post_tag","embeddable":true,"href":"https:\/\/www.europesays.com\/fr\/wp-json\/wp\/v2\/tags?post=57335"}],"curies":[{"name":"wp","href":"https:\/\/api.w.org\/{rel}","templated":true}]}}