{"id":573350,"date":"2025-12-02T14:59:11","date_gmt":"2025-12-02T14:59:11","guid":{"rendered":"https:\/\/www.europesays.com\/fr\/573350\/"},"modified":"2025-12-02T14:59:11","modified_gmt":"2025-12-02T14:59:11","slug":"le-groupe-dinformatique-brestois-asten-installe-une-agence-a-rennes","status":"publish","type":"post","link":"https:\/\/www.europesays.com\/fr\/573350\/","title":{"rendered":"Le groupe d\u2019informatique brestois Asten installe une agence \u00e0 Rennes"},"content":{"rendered":"<p>Le <a href=\"https:\/\/www.letelegramme.fr\/economie\/on-est-une-start-up-depuis-30-ans-a-brest-le-groupe-asten-prepare-deja-lavenir-6842528.php\" target=\"_blank\" rel=\"noopener\">Groupe Asten, sp\u00e9cialiste des services informatiques aux entreprises et collectivit\u00e9s<\/a>, poursuit sa croissance \u00e0 l\u2019Est. L\u2019entreprise brestoise a d\u00e9cid\u00e9 d\u2019installer une agence \u00e0 Rennes, dans le quartier de la gare, et a nomm\u00e9 Fran\u00e7ois Gaignard comme responsable commercial. Il sera charg\u00e9 de piloter cette pr\u00e9sence dans la capitale bretonne et de d\u00e9velopper l\u2019\u00e9quipe locale. Un poste d\u2019ing\u00e9nieur commercial Cloud est \u00e0 pourvoir \u00e0 Rennes, et l\u2019un des ing\u00e9nieurs brestois \u00ab\u00a0a d\u2019ores et d\u00e9j\u00e0 exprim\u00e9 son souhait de d\u00e9m\u00e9nager \u00e0 Rennes. Nous disposons d\u00e9j\u00e0 d\u2019une \u00e9quipe bas\u00e9e \u00e0 Paris. L\u2019ouverture de cette agence \u00e0 Rennes s\u2019inscrit dans notre volont\u00e9 de renforcer notre maillage territorial\u00a0\u00bb, indique Jean-Christophe Cagnard, pr\u00e9sident du Groupe Asten.<\/p>\n","protected":false},"excerpt":{"rendered":"Le Groupe Asten, sp\u00e9cialiste des services informatiques aux entreprises et collectivit\u00e9s, poursuit sa croissance \u00e0 l\u2019Est. L\u2019entreprise brestoise&hellip;\n","protected":false},"author":2,"featured_media":573351,"comment_status":"","ping_status":"","sticky":false,"template":"","format":"standard","meta":{"footnotes":""},"categories":[2821],"tags":[1111,11,3450,829,33,765,257,1777,674,1011,27,12,584,25],"class_list":{"0":"post-573350","1":"post","2":"type-post","3":"status-publish","4":"format-standard","5":"has-post-thumbnail","7":"category-rennes","8":"tag-actu","9":"tag-actualites","10":"tag-brest","11":"tag-bretagne","12":"tag-economie","13":"tag-en-continu","14":"tag-entreprise","15":"tag-eu","16":"tag-europe","17":"tag-fr","18":"tag-france","19":"tag-news","20":"tag-rennes","21":"tag-republique-francaise"},"share_on_mastodon":{"url":"https:\/\/pubeurope.com\/@fr\/115650570842784538","error":""},"_links":{"self":[{"href":"https:\/\/www.europesays.com\/fr\/wp-json\/wp\/v2\/posts\/573350","targetHints":{"allow":["GET"]}}],"collection":[{"href":"https:\/\/www.europesays.com\/fr\/wp-json\/wp\/v2\/posts"}],"about":[{"href":"https:\/\/www.europesays.com\/fr\/wp-json\/wp\/v2\/types\/post"}],"author":[{"embeddable":true,"href":"https:\/\/www.europesays.com\/fr\/wp-json\/wp\/v2\/users\/2"}],"replies":[{"embeddable":true,"href":"https:\/\/www.europesays.com\/fr\/wp-json\/wp\/v2\/comments?post=573350"}],"version-history":[{"count":0,"href":"https:\/\/www.europesays.com\/fr\/wp-json\/wp\/v2\/posts\/573350\/revisions"}],"wp:featuredmedia":[{"embeddable":true,"href":"https:\/\/www.europesays.com\/fr\/wp-json\/wp\/v2\/media\/573351"}],"wp:attachment":[{"href":"https:\/\/www.europesays.com\/fr\/wp-json\/wp\/v2\/media?parent=573350"}],"wp:term":[{"taxonomy":"category","embeddable":true,"href":"https:\/\/www.europesays.com\/fr\/wp-json\/wp\/v2\/categories?post=573350"},{"taxonomy":"post_tag","embeddable":true,"href":"https:\/\/www.europesays.com\/fr\/wp-json\/wp\/v2\/tags?post=573350"}],"curies":[{"name":"wp","href":"https:\/\/api.w.org\/{rel}","templated":true}]}}