{"id":573352,"date":"2025-12-02T15:00:17","date_gmt":"2025-12-02T15:00:17","guid":{"rendered":"https:\/\/www.europesays.com\/fr\/573352\/"},"modified":"2025-12-02T15:00:17","modified_gmt":"2025-12-02T15:00:17","slug":"ilan-kebbal-a-rennes-le-coup-de-folie-du-mercato-dhiver","status":"publish","type":"post","link":"https:\/\/www.europesays.com\/fr\/573352\/","title":{"rendered":"Ilan Kebbal \u00e0 Rennes, le coup de folie du mercato d&rsquo;hiver"},"content":{"rendered":"<p><b>Rennes souhaite \u00eatre actif lors du prochain mercato hivernal. Le club breton aimerait faire partir Fofana et Blas et cible Kebbal.<\/b><\/p>\n<p>En crise au d\u00e9but de la saison, le <a href=\"https:\/\/www.foot01.com\/rennes\/rennes-brice-samba-attend-le-psg-de-pied-ferme\" target=\"_self\" rel=\"noopener\">Stade Rennais<\/a> s\u2019est redress\u00e9 de mani\u00e8re spectaculaire. L\u2019\u00e9quipe d\u2019Habib Beye vient d\u2019encha\u00eener un match nul et quatre victoires, une impressionnante s\u00e9rie qui lui a permis de revenir \u00e0 la 5e place du classement. Malgr\u00e9 ce retour en forme, Rennes a toujours l\u2019intention de modifier certaines choses au sein de son effectif lors du mercato hivernal. Ludovic Blas et Seko Fofana ne sont par exemple plus en odeur de saintet\u00e9.<\/p>\n<p>Une tendance confirm\u00e9e par l\u2019insider @jonathan35001, sp\u00e9cialis\u00e9 sur X sur l\u2019actualit\u00e9 du Stade Rennais. Selon lui, ces deux d\u00e9parts pourraient \u00eatre compens\u00e9s par une arriv\u00e9e inattendue au Roazhon Park, celle d\u2019Ilan Kebbal, le ma\u00eetre \u00e0 jouer du <a href=\"https:\/\/www.foot01.com\/parisfc\" title=\"Paris FC\" target=\"_blank\" rel=\"noopener\">Paris FC<\/a>. \u00ab Rumeur assez persistante depuis quelques semaines: Fofana et Blas seraient sur le d\u00e9part. Ca parlerait d\u2019une offre d\u2019un club autour de 15 ME pour ce dernier. Et Ilan Kebbal serait appr\u00e9ci\u00e9 (il l\u2019\u00e9tait d\u00e9j\u00e0 cet \u00e9t\u00e9)\u00a0\u00bb a post\u00e9 sur X le sp\u00e9cialiste du Stade Rennais, pr\u00e9cisant que le club qui s\u2019int\u00e9resse \u00e0 Ludovic Blas serait \u00ab\u00a0sudiste et joue la Ligue des Champions\u00a0\u00bb.Rennes veut vendre Blas et acheter Kebbal<\/p>\n<p>Des informations qui confirment que l\u2019Olympique de Marseille est int\u00e9ress\u00e9 par la perspective de faire venir l\u2019ancien joueur du FC Nantes, comme cela a \u00e9t\u00e9 indiqu\u00e9 \u00e0 plusieurs reprises ces derni\u00e8res semaines. Reste maintenant \u00e0 voir si Rennes parviendra \u00e0 boucler les d\u00e9parts de Fofana et de Blas afin de lib\u00e9rer de la place au sein de son effectif pour un joueur tel que Kebbal. Une chose est en tout cas certaine, le milieu de terrain alg\u00e9rien du Paris FC ne ferait pas t\u00e2che dans l\u2019effectif d\u2019Habib Beye, grand fan du gaucher de 28 ans. La question est aussi de savoir si le club francilien acceptera de se s\u00e9parer de Kebbal en cas de proposition \u00e0 hauteur de 15 millions d\u2019euros alors que le natif de Marseille est encore sous contrat avec le club parisien jusqu\u2019en 2028.<\/p>\n","protected":false},"excerpt":{"rendered":"Rennes souhaite \u00eatre actif lors du prochain mercato hivernal. Le club breton aimerait faire partir Fofana et Blas&hellip;\n","protected":false},"author":2,"featured_media":573353,"comment_status":"","ping_status":"","sticky":false,"template":"","format":"standard","meta":{"footnotes":""},"categories":[2821],"tags":[1111,11,829,1777,674,1011,27,66,12,445,584,25],"class_list":{"0":"post-573352","1":"post","2":"type-post","3":"status-publish","4":"format-standard","5":"has-post-thumbnail","7":"category-rennes","8":"tag-actu","9":"tag-actualites","10":"tag-bretagne","11":"tag-eu","12":"tag-europe","13":"tag-fr","14":"tag-france","15":"tag-ligue-1","16":"tag-news","17":"tag-paris-fc","18":"tag-rennes","19":"tag-republique-francaise"},"share_on_mastodon":{"url":"https:\/\/pubeurope.com\/@fr\/115650574667518249","error":""},"_links":{"self":[{"href":"https:\/\/www.europesays.com\/fr\/wp-json\/wp\/v2\/posts\/573352","targetHints":{"allow":["GET"]}}],"collection":[{"href":"https:\/\/www.europesays.com\/fr\/wp-json\/wp\/v2\/posts"}],"about":[{"href":"https:\/\/www.europesays.com\/fr\/wp-json\/wp\/v2\/types\/post"}],"author":[{"embeddable":true,"href":"https:\/\/www.europesays.com\/fr\/wp-json\/wp\/v2\/users\/2"}],"replies":[{"embeddable":true,"href":"https:\/\/www.europesays.com\/fr\/wp-json\/wp\/v2\/comments?post=573352"}],"version-history":[{"count":0,"href":"https:\/\/www.europesays.com\/fr\/wp-json\/wp\/v2\/posts\/573352\/revisions"}],"wp:featuredmedia":[{"embeddable":true,"href":"https:\/\/www.europesays.com\/fr\/wp-json\/wp\/v2\/media\/573353"}],"wp:attachment":[{"href":"https:\/\/www.europesays.com\/fr\/wp-json\/wp\/v2\/media?parent=573352"}],"wp:term":[{"taxonomy":"category","embeddable":true,"href":"https:\/\/www.europesays.com\/fr\/wp-json\/wp\/v2\/categories?post=573352"},{"taxonomy":"post_tag","embeddable":true,"href":"https:\/\/www.europesays.com\/fr\/wp-json\/wp\/v2\/tags?post=573352"}],"curies":[{"name":"wp","href":"https:\/\/api.w.org\/{rel}","templated":true}]}}