{"id":573354,"date":"2025-12-02T15:02:12","date_gmt":"2025-12-02T15:02:12","guid":{"rendered":"https:\/\/www.europesays.com\/fr\/573354\/"},"modified":"2025-12-02T15:02:12","modified_gmt":"2025-12-02T15:02:12","slug":"lfi-propose-une-entree-payante-les-week-ends","status":"publish","type":"post","link":"https:\/\/www.europesays.com\/fr\/573354\/","title":{"rendered":"LFI propose une entr\u00e9e payante les week-ends"},"content":{"rendered":"<p>\u00ab\u00a0\u00c9videmment, l\u2019\u00e9v\u00e9nement Capitale de No\u00ebl est un moment embl\u00e9matique pour la ville mais avec un d\u00e9veloppement, au fil des ann\u00e9es, qui a modifi\u00e9 beaucoup sa nature\u00a0\u00bb, d\u00e9marre <a href=\"https:\/\/www.dna.fr\/p\/florian-kobryn\" target=\"_blank\" rel=\"noopener\">Florian Kobryn<\/a>. \u00ab\u00a0Le paradoxe est dans le partage de ce moment avec des touristes du monde entier alors m\u00eame que des enfants dorment dans la rue.\u00a0\u00bb<\/p>\n<p>Pour le volet <a href=\"https:\/\/www.dna.fr\/culture-loisirs\/2024\/11\/07\/strasbourg-le-probleme-de-la-surfrequentation-des-week-ends\" target=\"_blank\" rel=\"noopener\">surtourisme<\/a> de ce diagnostic, le candidat de La France insoumise \u00e9voque la question de l\u2019acceptation de l\u2019\u00e9v\u00e9nement par la population \u00ab\u00a0avec un centre-ville qui devient impraticable, l\u2019augmentation du trafic a\u00e9rien g\u00e9n\u00e9r\u00e9e sur le territoire et l\u2019accentuation de la crise du logement qui d\u00e9coule \u00e9galement de cette situation\u00a0\u00bb.<\/p>\n<p>  \u00ab Une course au chiffre sur le dos habitants \u00bb <\/p>\n<p>\u00ab\u00a0Environ 200 \u00e0 300 logements par an disparaissent pour les locataires, notamment \u00e9tudiants, au profit des plateformes type Airbnb\u00a0\u00bb, affirme Florian Kobryn. \u00c0 ce rythme l\u00e0, \u00ab\u00a0on risque de finir en ville-mus\u00e9e\u00a0\u00bb.<\/p>\n<p>Pour le volet social de la question, \u00ab\u00a0l\u2019expulsion <a href=\"https:\/\/www.dna.fr\/societe\/2025\/12\/01\/un-appel-a-une-aide-inconditionnelle-pour-toutes-les-personnes-a-la-rue-est-lance\" target=\"_blank\" rel=\"noopener\">des sans-abri<\/a> de l\u2019hypercentre avant et pendant l\u2019\u00e9v\u00e9nement, l\u2019indiff\u00e9rence \u00e0 leur situation, sont en contradiction totale avec l\u2019esprit de No\u00ebl\u00a0\u00bb. \u00ab\u00a0La d\u00e9faillance massive de l\u2019\u00c9tat en mati\u00e8re d\u2019h\u00e9bergement d\u2019urgence ne doit pas \u00eatre un pr\u00e9texte \u00e0 l\u2019inaction pour la ville\u00a0\u00bb.<\/p>\n<p>Sur ces deux pr\u00e9occupations \u00ab\u00a0on assiste \u00e0 une croissance infinie du march\u00e9 de No\u00ebl dans un monde fini\u00a0\u00bb. \u00ab\u00a0Une course au chiffre qui se fait sur le dos des habitantes et des habitants\u00a0\u00bb, poursuit le candidat. Bref, \u00ab\u00a0un probl\u00e8me qui n\u00e9cessite une r\u00e9ponse politique forte, quitte \u00e0 faire d\u00e9bat\u00a0\u00bb.<\/p>\n<p>\u00ab\u00a0 Un ticket \u00e0 10 euros\u00a0\u00bb<\/p>\n<p>Le rem\u00e8de pr\u00e9conis\u00e9 consiste pour la liste LFI \u00ab\u00a0\u00e0 mettre en place une entr\u00e9e payante le week-end pour les visiteurs hors Eurom\u00e9tropole de Strasbourg\u00a0\u00bb. \u00ab\u00a0Un ticket \u00e0 10\u00a0euros au tarif plein valable pour toute la dur\u00e9e du march\u00e9, qui permettrait \u00e0 la fois la r\u00e9gulation de l\u2019affluence et de d\u00e9gager un peu de marge budg\u00e9taire qu\u2019on pourrait reverser dans l\u2019h\u00e9bergement d\u2019urgence\u00a0\u00bb. Sachant que les moins de 18 ans b\u00e9n\u00e9ficieraient toujours de la gratuit\u00e9.<\/p>\n<p>D\u2019un point de vue pratique, \u00ab\u00a0on s\u2019appuierait sur le dispositif de s\u00e9curit\u00e9 existant en ajoutant une billetterie aux points d\u2019entr\u00e9e dans la Grande Ile\u00a0\u00bb. \u00ab\u00a0C\u2019est une proposition simple et n\u00e9cessaire pour permettre la r\u00e9appropriation de ce march\u00e9 par toutes et tous\u00a0\u00bb, conclut le candidat.<\/p>\n<p>Reste \u00e0 voir ce qu\u2019en diront des commer\u00e7ants qui font un gros mois de chiffre d\u2019affaires avec les 3,4\u00a0millions de visiteurs. Quant au quidam qui, touriste ou Strasbourgeois, a mis les pieds dans la Grande Ile au hasard ce samedi et a subi l\u2019engorgement de certaines rues et places, peut-\u00eatre sera-t-il int\u00e9ress\u00e9 par des mesures d\u2019\u00e9talement futur de la foule.<\/p>\n","protected":false},"excerpt":{"rendered":"\u00ab\u00a0\u00c9videmment, l\u2019\u00e9v\u00e9nement Capitale de No\u00ebl est un moment embl\u00e9matique pour la ville mais avec un d\u00e9veloppement, au fil&hellip;\n","protected":false},"author":2,"featured_media":573355,"comment_status":"","ping_status":"","sticky":false,"template":"","format":"standard","meta":{"footnotes":""},"categories":[2820],"tags":[1111,11,4406,130,33,2880,5949,4188,1777,674,107,1011,27,775,12,316,25,640,2879,602],"class_list":{"0":"post-573354","1":"post","2":"type-post","3":"status-publish","4":"format-standard","5":"has-post-thumbnail","7":"category-strasbourg","8":"tag-actu","9":"tag-actualites","10":"tag-commerce-et-services","11":"tag-consommation","12":"tag-economie","13":"tag-edition-strasbourg","14":"tag-elections","15":"tag-elections-municipales","16":"tag-eu","17":"tag-europe","18":"tag-fil-info","19":"tag-fr","20":"tag-france","21":"tag-grand-est","22":"tag-news","23":"tag-politique","24":"tag-republique-francaise","25":"tag-strasbourg","26":"tag-strasbourg-ville","27":"tag-tourisme"},"share_on_mastodon":{"url":"https:\/\/pubeurope.com\/@fr\/115650582976715667","error":""},"_links":{"self":[{"href":"https:\/\/www.europesays.com\/fr\/wp-json\/wp\/v2\/posts\/573354","targetHints":{"allow":["GET"]}}],"collection":[{"href":"https:\/\/www.europesays.com\/fr\/wp-json\/wp\/v2\/posts"}],"about":[{"href":"https:\/\/www.europesays.com\/fr\/wp-json\/wp\/v2\/types\/post"}],"author":[{"embeddable":true,"href":"https:\/\/www.europesays.com\/fr\/wp-json\/wp\/v2\/users\/2"}],"replies":[{"embeddable":true,"href":"https:\/\/www.europesays.com\/fr\/wp-json\/wp\/v2\/comments?post=573354"}],"version-history":[{"count":0,"href":"https:\/\/www.europesays.com\/fr\/wp-json\/wp\/v2\/posts\/573354\/revisions"}],"wp:featuredmedia":[{"embeddable":true,"href":"https:\/\/www.europesays.com\/fr\/wp-json\/wp\/v2\/media\/573355"}],"wp:attachment":[{"href":"https:\/\/www.europesays.com\/fr\/wp-json\/wp\/v2\/media?parent=573354"}],"wp:term":[{"taxonomy":"category","embeddable":true,"href":"https:\/\/www.europesays.com\/fr\/wp-json\/wp\/v2\/categories?post=573354"},{"taxonomy":"post_tag","embeddable":true,"href":"https:\/\/www.europesays.com\/fr\/wp-json\/wp\/v2\/tags?post=573354"}],"curies":[{"name":"wp","href":"https:\/\/api.w.org\/{rel}","templated":true}]}}