{"id":573362,"date":"2025-12-02T15:06:18","date_gmt":"2025-12-02T15:06:18","guid":{"rendered":"https:\/\/www.europesays.com\/fr\/573362\/"},"modified":"2025-12-02T15:06:18","modified_gmt":"2025-12-02T15:06:18","slug":"derniere-etape-de-ce-projet-denvergure","status":"publish","type":"post","link":"https:\/\/www.europesays.com\/fr\/573362\/","title":{"rendered":"Derni\u00e8re \u00e9tape de ce projet d&rsquo;envergure"},"content":{"rendered":"<p>                    Par<br \/>\n        <strong><br \/>\n            <a href=\"https:\/\/actu.fr\/auteur\/marion-vallee\" title=\"Consulter tous les articles de Marion Vall\u00e9e\" target=\"_blank\" rel=\"noopener\">Marion Vall\u00e9e<\/a><br \/>\n                    <\/strong><\/p>\n<p>        Publi\u00e9 le<\/p>\n<p>            2 d\u00e9c. 2025 \u00e0 15h35        <\/p>\n<p>Annonc\u00e9e initialement le <b>28 novembre 2025,<\/b> apr\u00e8s quatre ans de travaux<b>, <\/b>la route d\u00e9partementale vient de rouvrir compl\u00e8tement \u00e0 la circulation, t\u00f4t ce matin du<b> 2 d\u00e9cembre 2025<\/b>. Soit avec un<b> jour ouvr\u00e9<\/b> de retard. Un retard point\u00e9 du doigt par Gabriel Bouteiller, le g\u00e9rant de l\u2019h\u00f4tel restaurant l\u2019Auberge du pays de Retz, sur sa page <b>Facebook. <\/b><\/p>\n<blockquote class=\"ac-article-quote wall-content\">\n<p>\u00ab\u00a0Et la bretelle d\u2019acc\u00e8s au restaurant ? Ferm\u00e9e. Encore. Tout cela sans aucune information, ni pour nous commer\u00e7ants, ni pour les artisans, ni pour les h\u00f4teliers situ\u00e9s au bord de la RD751. Comment accueillir nos clients si on n\u2019est jamais pr\u00e9venus ?\u00a0\u00bb<\/p>\n<p>Gabriel Bouteiller, g\u00e9rant de l\u2019Auberge du pays de Retz<\/p><\/blockquote>\n<p>    <a href=\"https:\/\/www.facebook.com\/plugins\/post.php?href=https%3A%2F%2Fwww.facebook.com%2FAubergePaysdeRetz%2Fposts%2Fpfbid07nHZ5mPNuFCyzeQFMVmBQ5TFG7wddC2ohDzLaF9LvhReuaEzwvrJ3QJTpYFc3fBzl&amp;show_text=true&amp;width=350\" title=\"Ouvrie le lien\" target=\"_blank\" rel=\"noopener\">Cliquez ici pour visualiser le contenu<\/a><\/p>\n<p class=\" wall-content\">Gabriel Bouteiller, le g\u00e9rant de cet h\u00f4tel restaurant, situ\u00e9 \u00e0 proximit\u00e9 de la RD751 \u00e0 Port Saint-P\u00e8re, avait d\u00e9j\u00e0 pouss\u00e9 un \u00ab\u00a0<b>coup de gueule\u00a0\u00bb <\/b>en faisant part de ses difficult\u00e9s face \u00e0 la dur\u00e9e des travaux sur cette portion de 2\u00d72 voies, partie int\u00e9grante de l\u2019<b>itin\u00e9raire Nantes \u2013 Pornic<\/b>, et au manque de communication.<\/p>\n<p>\u00ab\u00a0Phase finale\u00a0\u00bb<\/p>\n<p class=\" wall-content\">Le <b>D\u00e9partement de Loire-Atlantique<\/b> lui avait alors r\u00e9pondu : \u00a0\u00bb Le chantier de la mise \u00e0 2\u00d72 voies de la d\u00e9viation de Port-Saint-P\u00e8re s\u2019est d\u00e9roul\u00e9 selon un planning conforme \u00e0 celui annonc\u00e9 en 2021, et il entre d\u00e9sormais dans sa phase finale. La fin des travaux est annonc\u00e9e pour la fin de l\u2019ann\u00e9e sous r\u00e9serve des conditions m\u00e9t\u00e9orologiques. \u00ab\u00a0<\/p>\n<p>Vid\u00e9os : en ce moment sur Actu<\/p>\n<p class=\" wall-content\"><b>Ce mardi 2 d\u00e9cembre 2025<\/b>, c\u2019est chose faite ! Les \u00e9quipes du D\u00e9partement de Loire-Atlantique viennent donc d\u2019ouvrir \u00e0 la circulation cette section de 2\u00d72 voies de la d\u00e9viation de Port-Saint-P\u00e8re.<\/p>\n<blockquote class=\"ac-article-quote wall-content\">\n<p>Cette op\u00e9ration majeure a consist\u00e9 \u00e0 mettre \u00e0 2\u00d72 voies la\u00a0 RD 751 entre l\u2019\u00e9changeur de la Haute Galerie (\u00e0 l\u2019extr\u00e9mit\u00e9\u00a0de la section pr\u00e9c\u00e9demment am\u00e9nag\u00e9e) et l\u2019\u00e9changeur de\u00a0la RD 758 (route de Noirmoutier) \u00e0 Port-Saint-P\u00e8re. Soit une\u00a0longueur totale de 4,3 km.<\/p>\n<p>D\u00e9partement Loire-Atlantique<\/p><\/blockquote>\n<p>Votre r\u00e9gion, votre actu !<\/p>\n<p>Recevez chaque jour les infos qui comptent pour vous.<\/p>\n<p>\t<a href=\"https:\/\/actu.fr\/newsletter\" class=\"ac-btn ac-btn--corner ac-btn--medium ac-btn--blue800\" target=\"_blank\" rel=\"noopener\">S&rsquo;incrire<\/a><br \/>\n\u00ab\u00a0Derni\u00e8re \u00e9tape de ce projet d\u2019envergure\u00a0\u00bb<\/p>\n<p class=\" wall-content\">Apr\u00e8s la r\u00e9alisation du nouveau viaduc sur l\u2019Acheneau, les derniers travaux pour raccorder les nouvelles voies sur les\u00a0voiries existantes viennent de s\u2019achever. C\u2019\u00e9tait la derni\u00e8re \u00e9tape de ce projet d\u2019envergure.<\/p>\n<blockquote class=\"ac-article-quote wall-content\">\n<p>\u00ab\u00a0Le co\u00fbt total de l\u2019op\u00e9ration est estim\u00e9 \u00e0 28,9 millions d\u2019euros, avec une participation financi\u00e8re de la R\u00e9gion des Pays de la Loire \u00e0 hauteur de 4,473 millions d\u2019euros. Ce chantier d\u00e9but\u00e9 en 2021 arrive \u00e0 son terme, conform\u00e9ment au calendrier initial.\u00a0\u00bb<\/p>\n<p>D\u00e9partement Loire-Atlantique<\/p><\/blockquote>\n<p>Rappel des grandes \u00e9tapes de l\u2019op\u00e9ration<\/p>\n<p class=\" wall-content\">\u25a0 Travaux d\u2019\u00e9largissement \u00e0 l\u2019Est de l\u2019Acheneau sur la commune de Saint-L\u00e9ger-les-Vignes (2021 \u2013 2023).<\/p>\n<p class=\" wall-content\">\u25a0 Construction d\u2019un second viaduc pour franchir l\u2019Acheneau (2022 \u2013 2024).<\/p>\n<p class=\" wall-content\">\u25a0 Travaux d\u2019\u00e9largissement \u00e0 l\u2019ouest de l\u2019Acheneau (2024 \u2013 2025).<\/p>\n<p class=\" wall-content\">\u25a0 Confortement du viaduc existant (\u00e9t\u00e9 2025).<\/p>\n<p class=\" wall-content\">\u25a0 Raccordement des nouvelles voies sur la voiries existantes (automne 2025).<\/p>\n<p>Informations en temps r\u00e9el sur les conditions de circulation sur les routes\u00a0d\u00e9partementales, le pont de Saint-Nazaire, les bacs de Loire : inforoutes.loire-atlantique.fr<\/p>\n<p class=\" wall-content\">Personnalisez votre actualit\u00e9 en ajoutant vos villes et m\u00e9dias en favori avec <a href=\"https:\/\/moncompte.actu.fr\" title=\"D\u00e9couvez Mon Actu\" rel=\"nofollow noopener\" data-trk=\"{&quot;cta&quot;:{&quot;action&quot;:&quot;https:\\\/\\\/moncompte.actu.fr&quot;,&quot;category&quot;:&quot;mon compte&quot;,&quot;from&quot;:&quot;article footer&quot;,&quot;name&quot;:&quot;Mon actu&quot;,&quot;type&quot;:&quot;cta&quot;}}\" target=\"_blank\">Mon Actu<\/a>.<\/p>\n","protected":false},"excerpt":{"rendered":"Par Marion Vall\u00e9e Publi\u00e9 le 2 d\u00e9c. 2025 \u00e0 15h35 Annonc\u00e9e initialement le 28 novembre 2025, apr\u00e8s quatre&hellip;\n","protected":false},"author":2,"featured_media":573363,"comment_status":"","ping_status":"","sticky":false,"template":"","format":"standard","meta":{"footnotes":""},"categories":[2818],"tags":[1111,11,1777,674,1011,27,766,12,2636,25,104,2803],"class_list":{"0":"post-573362","1":"post","2":"type-post","3":"status-publish","4":"format-standard","5":"has-post-thumbnail","7":"category-nantes","8":"tag-actu","9":"tag-actualites","10":"tag-eu","11":"tag-europe","12":"tag-fr","13":"tag-france","14":"tag-nantes","15":"tag-news","16":"tag-pays-de-la-loire","17":"tag-republique-francaise","18":"tag-societe","19":"tag-transport"},"share_on_mastodon":{"url":"https:\/\/pubeurope.com\/@fr\/115650598247522930","error":""},"_links":{"self":[{"href":"https:\/\/www.europesays.com\/fr\/wp-json\/wp\/v2\/posts\/573362","targetHints":{"allow":["GET"]}}],"collection":[{"href":"https:\/\/www.europesays.com\/fr\/wp-json\/wp\/v2\/posts"}],"about":[{"href":"https:\/\/www.europesays.com\/fr\/wp-json\/wp\/v2\/types\/post"}],"author":[{"embeddable":true,"href":"https:\/\/www.europesays.com\/fr\/wp-json\/wp\/v2\/users\/2"}],"replies":[{"embeddable":true,"href":"https:\/\/www.europesays.com\/fr\/wp-json\/wp\/v2\/comments?post=573362"}],"version-history":[{"count":0,"href":"https:\/\/www.europesays.com\/fr\/wp-json\/wp\/v2\/posts\/573362\/revisions"}],"wp:featuredmedia":[{"embeddable":true,"href":"https:\/\/www.europesays.com\/fr\/wp-json\/wp\/v2\/media\/573363"}],"wp:attachment":[{"href":"https:\/\/www.europesays.com\/fr\/wp-json\/wp\/v2\/media?parent=573362"}],"wp:term":[{"taxonomy":"category","embeddable":true,"href":"https:\/\/www.europesays.com\/fr\/wp-json\/wp\/v2\/categories?post=573362"},{"taxonomy":"post_tag","embeddable":true,"href":"https:\/\/www.europesays.com\/fr\/wp-json\/wp\/v2\/tags?post=573362"}],"curies":[{"name":"wp","href":"https:\/\/api.w.org\/{rel}","templated":true}]}}