{"id":573368,"date":"2025-12-02T15:09:14","date_gmt":"2025-12-02T15:09:14","guid":{"rendered":"https:\/\/www.europesays.com\/fr\/573368\/"},"modified":"2025-12-02T15:09:14","modified_gmt":"2025-12-02T15:09:14","slug":"retour-de-la-voiture-videosurveillance-deratisation-les-propositions-de-philippe-dessertine-candidat-a-bordeaux","status":"publish","type":"post","link":"https:\/\/www.europesays.com\/fr\/573368\/","title":{"rendered":"Retour de la voiture, vid\u00e9osurveillance, d\u00e9ratisation&#8230; Les propositions de Philippe Dessertine candidat \u00e0 Bordeaux"},"content":{"rendered":"<p>\n    \u00c0 Bordeaux, Philippe Dessertine a pr\u00e9sent\u00e9 les grandes orientations de son programme, ce mardi. L\u2019\u00e9conomiste se base sur un triptyque d\u00e9j\u00e0 port\u00e9 par l\u2019opposition\u00a0: ins\u00e9curit\u00e9, insalubrit\u00e9, embouteillages.<\/p>\n<p class=\"fig-paragraph\">\u00abJe veux faire de Bordeaux la ville la plus s\u00fbre, la plus belle et la plus propre de France.\u00bb Voici la promesse de Philippe Dessertine, candidat aux prochaines \u00e9lections municipales \u00e0 Bordeaux, qui a pr\u00e9sent\u00e9 les grandes lignes de son programme ce mardi. L\u2019\u00e9conomiste a mis en avant \u00abla rigueur dans les comptes comme la seule solution\u00bb pour continuer \u00e0 d\u00e9velopper la ville, malgr\u00e9 l\u2019<a href=\"http:\/\/www.lefigaro.fr\/bordeaux\/ou-sont-les-resultats-a-bordeaux-l-opposition-denonce-l-explosion-de-la-dette-sous-la-mandature-ecologiste-20251106\" data-fig-type=\"NewsFlash\" data-gtm-custom-categorie=\"navigation\" data-gtm-custom-action=\"crossclick\" data-gtm-custom-label=\"Contextuel\" data-gtm-event=\"customEventSPE\" data-fig-domain=\"LEFIGARO\" target=\"_blank\" rel=\"noopener\">explosion de la dette<\/a>\u00a0sous la mandature de la majorit\u00e9 \u00e9cologiste sortante. Il base l\u2019essentiel de sa campagne sur le triptyque \u00e9galement port\u00e9 par l\u2019opposition depuis le d\u00e9but du mandat de Pierre Hurmic\u00a0: s\u00e9curit\u00e9, propret\u00e9, circulation.<\/p>\n<p>                                            Bordeaux, \u00abtol\u00e9rance z\u00e9ro face aux crimes\u00bb<\/p>\n<p class=\"fig-paragraph\">Le sexag\u00e9naire partage avec Nathalie Delattre (Parti radical) ou Thomas Cazenave (Renaissance) le constat d\u2019une ins\u00e9curit\u00e9 croissante \u00e0 Bordeaux. Dans son prospectus de campagne, il assure ainsi que \u00able risque d\u2019\u00eatre victime d\u2019un crime ou d\u2019un d\u00e9lit est plus \u00e9lev\u00e9 de 60% \u00e0 Bordeaux que dans les villes fran\u00e7aises de taille similaire\u00bb. Une estimation qu\u2019il impute au manque de moyens accord\u00e9s par la municipalit\u00e9 \u00e9cologiste \u00e0 la lutte contre l\u2019ins\u00e9curit\u00e9. D\u2019apr\u00e8s les chiffres pr\u00e9sent\u00e9s par son \u00e9quipe, la ville de Bordeaux dispose de 202 cam\u00e9ras de surveillance pour 49,36 km\u00b2, soit deux fois moins que la ville limitrophe de M\u00e9rignac qui dispose de 436 cam\u00e9ras pour une surface similaire de 48,17 km\u00b2. \u00abIl va falloir rattraper ce retard. Partout o\u00f9 les villes sont plus s\u00fbres, les cam\u00e9ras de vid\u00e9osurveillance jouent un r\u00f4le fondamental. Surtout si elles sont \u00e9quip\u00e9es d\u2019un outil d\u2019intelligence artificielle pour exploiter les images\u00bb, d\u00e9clare-t-il.<\/p>\n<p>                                            <a class=\"fig-a11y-skip\" href=\"#fig-a11y-skip-main-inarticle\" data-module=\"a11y-skip\" data-context=\"was @visible\"><br \/>\n    Passer la publicit\u00e9<br \/>\n<\/a>            <\/p>\n<p class=\"fig-paragraph\">Pour le professeur \u00e0 l\u2019universit\u00e9 de La Sorbonne \u00e0 Paris, \u00abl\u2019acc\u00e9l\u00e9ration des probl\u00e9matiques li\u00e9es aux stup\u00e9fiants\u00bb exige une mont\u00e9e en puissance de la r\u00e9action municipale. \u00abEn 2026, un maire doit voir que la situation fran\u00e7aise face au\u00a0<a href=\"http:\/\/www.lefigaro.fr\/marseille\/dossier\/la-belle-affaire-a-marseille-le-fiasco-de-l-operation-trident-contre-le-narcotrafic\" data-fig-type=\"Topic\" data-gtm-custom-categorie=\"navigation\" data-gtm-custom-action=\"crossclick\" data-gtm-custom-label=\"Contextuel\" data-gtm-event=\"customEventSPE\" data-fig-domain=\"LEFIGARO\" target=\"_blank\" rel=\"noopener\">narcotrafic<\/a> \u00a0est extr\u00eamement pr\u00e9occupante et comprendre que l\u2019\u00c9tat ne pourra pas tout\u00bb, juge ainsi l\u2019\u00e9conomiste. Un tacle discret \u00e0\u00a0<a href=\"http:\/\/www.lefigaro.fr\/bordeaux\/c-est-le-grand-silence-xxl-le-maire-de-bordeaux-deplore-le-mutisme-de-l-etat-sur-le-contrat-de-securite-integree-20240405\" data-fig-type=\"NewsFlash\" data-gtm-custom-categorie=\"navigation\" data-gtm-custom-action=\"crossclick\" data-gtm-custom-label=\"Contextuel\" data-gtm-event=\"customEventSPE\" data-fig-domain=\"LEFIGARO\" target=\"_blank\" rel=\"noopener\">Pierre Hurmic<\/a>, qui bien que \u00abtr\u00e8s pr\u00e9occup\u00e9 par le ph\u00e9nom\u00e8ne de d\u00e9linquance li\u00e9 au trafic de stup\u00e9fiants\u00bb, rappelait dans nos colonnes en avril 2024 que \u00abcette lutte est une responsabilit\u00e9 de l\u2019\u00c9tat\u00bb. Une vision loin de satisfaire Philippine Dessertine.<\/p>\n<blockquote class=\"fig-quote&#10;    \">\n<p class=\"fig-quote__text\">Il va falloir passer du bleu visible dans les rues \u00e0 l\u2019action<\/p>\n<p>            Philippe Dessertine, candidat aux \u00e9lections municipales \u00e0 Bordeaux\n    <\/p><\/blockquote>\n<p class=\"fig-paragraph\">Le candidat promet ainsi une \u00abtol\u00e9rance z\u00e9ro face aux crimes, d\u00e9lits et incivilit\u00e9s du quotidien\u00bb et il souhaite donc accro\u00eetre les effectifs de la police municipale. \u00abIl ne s\u2019agit pas d\u2019inventer le fil \u00e0 couper le beurre&#8230; Typiquement, la police municipale passe tr\u00e8s souvent cours Victor Hugo et pourtant, il y a un\u00a0<a href=\"http:\/\/www.lefigaro.fr\/bordeaux\/a-bordeaux-l-eglise-sainte-eulalie-cernee-par-des-dealers-des-drogues-et-des-squatteurs-20250122\" data-fig-type=\"NewsFlash\" data-gtm-custom-categorie=\"navigation\" data-gtm-custom-action=\"crossclick\" data-gtm-custom-label=\"Contextuel\" data-gtm-event=\"customEventSPE\" data-fig-domain=\"LEFIGARO\" target=\"_blank\" rel=\"noopener\">point de deal<\/a> \u00a0\u00e0 20 m\u00e8tres de l\u00e0, dans la rue Saint Faure, o\u00f9 elle ne passe jamais. Il va falloir passer du bleu visible dans les rues \u00e0 l\u2019action.\u00bb Pour mettre en pratique cette id\u00e9e, il entend quintupler le budget accord\u00e9 \u00e0 la s\u00e9curit\u00e9 pour le porter \u00e0 80 millions d\u2019euros par an, contre 16 millions d\u2019euros aujourd\u2019hui.<\/p>\n<p>                                            Bordeaux, une ville propre et \u00abpimpante\u00bb<\/p>\n<p class=\"fig-paragraph\">Quartier par quartier, le candidat issu de la soci\u00e9t\u00e9 civile veut aussi rendre la ville plus propre, plus belle, plus \u00abpimpante\u00bb. Il propose donc de nettoyer les rues avec l\u2019eau stock\u00e9e par les collecteurs des parkings souterrains. Il annonce aussi sa volont\u00e9 de d\u00e9sherber les trottoirs, lutter contre les moustiques et d\u00e9ratiser les souterrains de la ville, \u00e0 l\u2019inverse des \u00e9cologistes. \u00abLes rats ne sont pas nos amis sous pr\u00e9texte de biodiversit\u00e9. Le patrimoine de Bordeaux dont nous avons la charge est exceptionnel\u00bb, insiste-t-il.<\/p>\n<p>                                            Bordeaux, \u00abune fausse ville cycliste\u00bb<\/p>\n<p class=\"fig-paragraph\">Alors que Bordeaux est devenue en 2025 la\u00a0<a href=\"http:\/\/www.lefigaro.fr\/bordeaux\/bordeaux-detrone-paris-et-devient-la-ville-la-plus-embouteillee-de-france-20250108\" data-fig-type=\"NewsFlash\" data-gtm-custom-categorie=\"navigation\" data-gtm-custom-action=\"crossclick\" data-gtm-custom-label=\"Contextuel\" data-gtm-event=\"customEventSPE\" data-fig-domain=\"LEFIGARO\" target=\"_blank\" rel=\"noopener\">ville la plus embouteill\u00e9e de France devant Paris<\/a>, Philippe Dessertine veut inverser la vapeur et redonner de l\u2019espace \u00e0 la voiture en centre-ville. Au menu\u00a0: cr\u00e9ation de places stationnement \u00abessentielles aux habitants, aux artisans et aux commerces\u00bb, soutien \u00e0 la r\u00e9novation du r\u00e9seau de Transports de Bordeaux M\u00e9tropole (TBM) exploit\u00e9 en r\u00e9gie par Keolis ou encore s\u00e9curisation des pistes cyclables. \u00abBordeaux est une fausse ville cycliste o\u00f9 le respect du code de la rue, par tous, doit devenir un imp\u00e9ratif\u00bb, annonce le candidat. Pour \u00abd\u00e9congestionner\u00bb la ville, Philippe Dessertine veut aussi prioriser le d\u00e9veloppement du transport fluvial sur la Garonne, \u00e0 l\u2019image de la\u00a0<a href=\"http:\/\/www.lefigaro.fr\/lyon\/112-ans-apres-lyon-retrouve-sa-navette-fluviale-gratuite-pour-les-abonnes-tcl-20250618\" data-fig-type=\"NewsFlash\" data-gtm-custom-categorie=\"navigation\" data-gtm-custom-action=\"crossclick\" data-gtm-custom-label=\"Contextuel\" data-gtm-event=\"customEventSPE\" data-fig-domain=\"LEFIGARO\" target=\"_blank\" rel=\"noopener\">ville de Lyon qui a r\u00e9habilit\u00e9 sa navette fluviale<\/a>\u00a0en juin.<\/p>\n<p>                                            Bordeaux, la ville connect\u00e9e<\/p>\n<p class=\"fig-paragraph\">Pour inscrire Bordeaux dans le futur, Philippe Dessertine d\u00e9sire que celle-ci devienne pionni\u00e8re dans le secteur du num\u00e9rique, qui draine de nombreuses retomb\u00e9es \u00e9conomiques. Il entend donc cr\u00e9er une \u00e9cole de codage et des m\u00e9tiers de la tech, qui serait install\u00e9e dans les cit\u00e9s des Aubiers et de Ginko et qui serait \u00abgratuite\u00bb pour les \u00e9tudiants. \u00c0 Bordeaux-Nord, le candidat voudrait installer un grand data center, des entreprises contribuant au \u00abd\u00e9veloppement de l\u2019ordinateur quantique\u00bb et \u00e0 de \u00abmultiples initiatives en intelligence artificielle.\u00bb<\/p>\n<p>                                            <a class=\"fig-a11y-skip\" href=\"#fig-a11y-skip-main-inarticle_mtf\" data-module=\"a11y-skip\" data-context=\"was @visible\"><br \/>\n    Passer la publicit\u00e9<br \/>\n<\/a>            <\/p>\n<p>                                            Bordeaux ville de l\u2019eau<\/p>\n<p class=\"fig-paragraph\">L\u2019\u00e9conomiste estime enfin que\u00a0<a href=\"http:\/\/www.lefigaro.fr\/bordeaux\/pourquoi-bordeaux-est-elle-aussi-baptisee-le-port-de-la-lune-20240203\" data-fig-type=\"NewsFlash\" data-gtm-custom-categorie=\"navigation\" data-gtm-custom-action=\"crossclick\" data-gtm-custom-label=\"Contextuel\" data-gtm-event=\"customEventSPE\" data-fig-domain=\"LEFIGARO\" target=\"_blank\" rel=\"noopener\">le Port de la Lune<\/a>\u00a0doit redevenir la ville de l\u2019eau. Un d\u00e9sir qui induit selon lui de revoir la \u00abmauvaise gestion\u00bb de ce bien par\u00a0<a href=\"http:\/\/www.lefigaro.fr\/bordeaux\/on-a-deja-tous-des-gourdes-chez-nous-a-bordeaux-le-prix-des-futures-carafes-de-la-regie-de-l-eau-passe-mal-20250514\" data-fig-type=\"NewsFlash\" data-gtm-custom-categorie=\"navigation\" data-gtm-custom-action=\"crossclick\" data-gtm-custom-label=\"Contextuel\" data-gtm-event=\"customEventSPE\" data-fig-domain=\"LEFIGARO\" target=\"_blank\" rel=\"noopener\">la r\u00e9gie<\/a>. Il estime ainsi le prix du m\u00e8tre cube trop cher (3,99 \u20ac\/m3 \u00e0 Bordeaux, contre 1,75 \u20ac\/m3 \u00e0 Strasbourg) ou encore que les fuites dans le r\u00e9seau gaspillent trop d\u2019eau. Le candidat souhaite aussi \u00abs\u2019inspirer des experts, tels que les N\u00e9erlandais ou les Isra\u00e9liens\u00bb pour face \u00e0 \u00abl\u2019in\u00e9vitable mont\u00e9e des eaux\u00bb dans certains \u00abquartiers mar\u00e9cageux\u00bb tels que les quartiers nord de Bordeaux.<\/p>\n","protected":false},"excerpt":{"rendered":"\u00c0 Bordeaux, Philippe Dessertine a pr\u00e9sent\u00e9 les grandes orientations de son programme, ce mardi. L\u2019\u00e9conomiste se base sur&hellip;\n","protected":false},"author":2,"featured_media":573369,"comment_status":"","ping_status":"","sticky":false,"template":"","format":"standard","meta":{"footnotes":""},"categories":[2817],"tags":[1111,11,1997,1777,674,1011,27,2825,7372,12,2219,316,25],"class_list":{"0":"post-573368","1":"post","2":"type-post","3":"status-publish","4":"format-standard","5":"has-post-thumbnail","7":"category-bordeaux","8":"tag-actu","9":"tag-actualites","10":"tag-bordeaux","11":"tag-eu","12":"tag-europe","13":"tag-fr","14":"tag-france","15":"tag-insecurite","16":"tag-mairie-de-bordeaux","17":"tag-news","18":"tag-nouvelle-aquitaine","19":"tag-politique","20":"tag-republique-francaise"},"share_on_mastodon":{"url":"https:\/\/pubeurope.com\/@fr\/115650610113675641","error":""},"_links":{"self":[{"href":"https:\/\/www.europesays.com\/fr\/wp-json\/wp\/v2\/posts\/573368","targetHints":{"allow":["GET"]}}],"collection":[{"href":"https:\/\/www.europesays.com\/fr\/wp-json\/wp\/v2\/posts"}],"about":[{"href":"https:\/\/www.europesays.com\/fr\/wp-json\/wp\/v2\/types\/post"}],"author":[{"embeddable":true,"href":"https:\/\/www.europesays.com\/fr\/wp-json\/wp\/v2\/users\/2"}],"replies":[{"embeddable":true,"href":"https:\/\/www.europesays.com\/fr\/wp-json\/wp\/v2\/comments?post=573368"}],"version-history":[{"count":0,"href":"https:\/\/www.europesays.com\/fr\/wp-json\/wp\/v2\/posts\/573368\/revisions"}],"wp:featuredmedia":[{"embeddable":true,"href":"https:\/\/www.europesays.com\/fr\/wp-json\/wp\/v2\/media\/573369"}],"wp:attachment":[{"href":"https:\/\/www.europesays.com\/fr\/wp-json\/wp\/v2\/media?parent=573368"}],"wp:term":[{"taxonomy":"category","embeddable":true,"href":"https:\/\/www.europesays.com\/fr\/wp-json\/wp\/v2\/categories?post=573368"},{"taxonomy":"post_tag","embeddable":true,"href":"https:\/\/www.europesays.com\/fr\/wp-json\/wp\/v2\/tags?post=573368"}],"curies":[{"name":"wp","href":"https:\/\/api.w.org\/{rel}","templated":true}]}}