{"id":573374,"date":"2025-12-02T15:12:12","date_gmt":"2025-12-02T15:12:12","guid":{"rendered":"https:\/\/www.europesays.com\/fr\/573374\/"},"modified":"2025-12-02T15:12:12","modified_gmt":"2025-12-02T15:12:12","slug":"lille-une-vente-exceptionnelle-de-vaisselle-de-grands-restaurants-organisee-tout-le-week-end","status":"publish","type":"post","link":"https:\/\/www.europesays.com\/fr\/573374\/","title":{"rendered":"Lille. Une vente exceptionnelle de vaisselle de grands restaurants organis\u00e9e tout le week-end"},"content":{"rendered":"<p>                    Par<br \/>\n        <strong><br \/>\n            <a href=\"https:\/\/actu.fr\/auteur\/hervine-mahaud\" title=\"Consulter tous les articles de Hervine Mahaud\" target=\"_blank\" rel=\"noopener\">Hervine Mahaud<\/a><br \/>\n                    <\/strong><\/p>\n<p>        Publi\u00e9 le<\/p>\n<p>            2 d\u00e9c. 2025 \u00e0 15h56        <\/p>\n<p>C\u2019est un \u00e9v\u00e9nement in\u00e9dit qui s\u2019appr\u00eate \u00e0 d\u00e9barquer \u00e0 <a href=\"https:\/\/actu.fr\/lille\/\" target=\"_blank\" rel=\"noopener\">Lille<\/a>. Les 6 et 7\u00a0d\u00e9cembre 2025, le Garage Les Lillois accueillera la <b>premi\u00e8re \u00e9dition lilloise de La Vaisselle des Chefs<\/b>, une <b>grande vente \u00e9co-solidaire<\/b> qui permet d\u2019acqu\u00e9rir, \u00e0 <b>prix accessibles<\/b>, la <b>vaisselle<\/b> et les<b> pi\u00e8ces d\u2019art de la table<\/b> issues de <b>restaurants<\/b> renomm\u00e9s. Un rendez-vous qui promet autant aux passionn\u00e9s de <a href=\"https:\/\/actu.fr\/tag\/gastronomie\" target=\"_blank\" rel=\"noopener\">gastronomie<\/a> qu\u2019aux amateurs de <a href=\"https:\/\/actu.fr\/tag\/seconde-main\" target=\"_blank\" rel=\"noopener\">seconde main<\/a>\u2026 et qui tombe \u00e0 pic \u00e0 l\u2019approche des f\u00eates.<\/p>\n<p>L\u2019\u00e9v\u00e9nement, d\u00e9j\u00e0 culte \u00e0 Lyon, Paris ou Bordeaux, d\u00e9barque pour la premi\u00e8re fois \u00e0 Lille<\/p>\n<p class=\" wall-content\">Depuis 15\u00a0ans, La Vaisselle des Chefs s\u2019est impos\u00e9e comme le grand rendez-vous fran\u00e7ais d\u00e9di\u00e9 \u00e0 l\u2019art de la table de seconde main. L\u2019\u00e9v\u00e9nement est n\u00e9 avec une ambition\u2009: <b>donner une seconde vie au mat\u00e9riel utilis\u00e9 dans les cuisines et salles des grandes maisons<\/b>, tout en soutenant un projet solidaire.<\/p>\n<p class=\" wall-content\">Plus de <b>120 chefs<\/b> ont d\u00e9j\u00e0 particip\u00e9 aux \u00e9ditions de Lyon, Bordeaux, Strasbourg ou Paris. Lille rejoint cette ann\u00e9e la liste, avec une premi\u00e8re \u00e9dition particuli\u00e8rement attendue.<\/p>\n<p>Plus de 10\u2009000\u00a0pi\u00e8ces \u00e0 chiner, entre histoire et haute gastronomie<\/p>\n<p class=\" wall-content\">Pour cette \u00e9dition lilloise, plus de <b>10\u2009000\u00a0pi\u00e8ces<\/b> seront mises en vente\u2009: assiettes, couverts, verrerie, argenterie, accessoires\u2026 toutes issues des cuisines ou des salles de restaurants embl\u00e9matiques.<\/p>\n<p class=\" wall-content\"><a href=\"https:\/\/www.instagram.com\/p\/DF-J2iTqkjf\/embed\" title=\"Ouvrir le lien sur Instagram\" target=\"_blank\" rel=\"noopener\">Visualiser le contenu sur Instagram<\/a><\/p>\n<p class=\" wall-content\">Les visiteurs pourront repartir avec des pi\u00e8ces ayant appartenu\u2009:<\/p>\n<ul class=\" wall-content\">\n<li>au <b>Club Marot<\/b>, men\u00e9 par Augustin et Antoine Marot,<\/li>\n<li>au restaurant <a href=\"https:\/\/actu.fr\/hauts-de-france\/marquette-lez-lille_59386\/resto-bar-et-scene-d-humour-aux-enfants-terribles-le-nouveau-lieu-de-vie-pres-de-lille_56153781.html\" target=\"_blank\" rel=\"noopener\">Aux Enfants Terribles<\/a>,<\/li>\n<li>\u00e0 <a href=\"https:\/\/actu.fr\/hauts-de-france\/lille_59350\/coup-de-main-restaurant-et-cave-a-vins-prend-la-releve-du-vagabond-dans-le-vieux-lille_60669511.html\" target=\"_blank\" rel=\"noopener\">Coup de Main<\/a>, du chef Victor Berthe et du sommelier Cl\u00e9ment Delecluse,<\/li>\n<li>\u00e0 l\u2019ancien \u00e9tablissement de <b>Marc Meurin<\/b>, chef \u00e9toil\u00e9 du Ch\u00e2teau de Beaulieu,<\/li>\n<li>ou encore au <b>Mori Venice Bar<\/b>, c\u00e9l\u00e8bre adresse parisienne.<\/li>\n<\/ul>\n<p class=\" wall-content\">Parmi les objets les plus attendus\u2009: une <b>assiette comm\u00e9morative du Bocuse d\u2019Or<\/b>, v\u00e9ritable pi\u00e8ce de collection pour les passionn\u00e9s de cuisine. L\u2019\u00e9v\u00e9nement r\u00e9unira aussi plusieurs maisons iconiques de l\u2019art de la table\u2009: <b>Jars C\u00e9ramistes<\/b>, <b>Couzon<\/b>, <b>Garnier-Thiebaut<\/b>, ou encore <b>KFH La Maison<\/b>, sp\u00e9cialiste de la vaisselle vintage.<\/p>\n<p>Votre r\u00e9gion, votre actu !<\/p>\n<p>Recevez chaque jour les infos qui comptent pour vous.<\/p>\n<p>\t<a href=\"https:\/\/actu.fr\/newsletter\" class=\"ac-btn ac-btn--corner ac-btn--medium ac-btn--blue800\" target=\"_blank\" rel=\"noopener\">S&rsquo;incrire<\/a><br \/>\nD\u00e9mo culinaires, rencontres et ambiance gourmande<\/p>\n<p class=\" wall-content\">Au-del\u00e0 de la vente, La Vaisselle des Chefs se vivra comme une v\u00e9ritable parenth\u00e8se gourmande. Soutenue par l\u2019association <b>Tables &amp; Toques<\/b>, l\u2019\u00e9dition lilloise proposera tout au long du week-end\u2009:<\/p>\n<ul class=\" wall-content\">\n<li>des <b>shows cooking<\/b> anim\u00e9s par des chefs de la r\u00e9gion,<\/li>\n<li>des <b>d\u00e9monstrations culinaires<\/b>,<\/li>\n<li>des <b>d\u00e9gustations<\/b>,<\/li>\n<li>et des rencontres avec les professionnels qui participent \u00e0 l\u2019\u00e9v\u00e9nement.<\/li>\n<\/ul>\n<p class=\" wall-content\">Une mani\u00e8re d\u2019entrer dans les coulisses de la gastronomie locale\u2026 et de d\u00e9couvrir celles et ceux qui fa\u00e7onnent les grandes tables du Nord.<\/p>\n<p>Un \u00e9v\u00e9nement \u00e9coresponsable et solidaire<\/p>\n<p class=\" wall-content\">En plus de permettre aux visiteurs de se faire plaisir, cet \u00e9v\u00e9nement vise deux objectifs. D\u2019abord, la lutte contre le gaspillage, en redonnant vie \u00e0 des pi\u00e8ces de qualit\u00e9 provenant des restaurants.<\/p>\n<p class=\" wall-content\">D\u2019autant qu\u2019acheter un article d\u2019occasion n n\u2019a plus rien de marginal\u2009: en 2023, pr\u00e8s de <b>7 Fran\u00e7ais sur 10<\/b> ont achet\u00e9 au moins un article de seconde main.<\/p>\n<p class=\" wall-content\">Enfin, une partie des b\u00e9n\u00e9fices sera revers\u00e9e aux <b>Apprentis d\u2019Auteuil<\/b>, pour financer la formation de jeunes en difficult\u00e9 et les accompagner vers l\u2019insertion professionnelle.<\/p>\n<p>Informations pratiques\u2009: La Vaisselle des Chefs, samedi\u00a06 et dimanche 7\u00a0d\u00e9cembre 2025. Adresse\u2009: Garage Les Lillois, 34 boulevard Carnot, Lille. Cr\u00e9neaux de visite <a href=\"https:\/\/yp.events\/67d2d62e-785a-48bf-ae51-4a9cf19ec9ce\/LA-VAISSELLE-DES-CHEFS-LILLE-2025\/ticketing\" target=\"_blank\" rel=\"noopener\">\u00e0 r\u00e9server en amont via ce lien<\/a>. Tarifs\u2009: 4\u00a0\u20ac le samedi, 3\u00a0\u20ac le dimanche matin, gratuit pour tous le dimanche apr\u00e8s-midi.<\/p>\n<p class=\" wall-content\">Personnalisez votre actualit\u00e9 en ajoutant vos villes et m\u00e9dias en favori avec <a href=\"https:\/\/moncompte.actu.fr\" title=\"D\u00e9couvez Mon Actu\" rel=\"nofollow noopener\" data-trk=\"{&quot;cta&quot;:{&quot;action&quot;:&quot;https:\\\/\\\/moncompte.actu.fr&quot;,&quot;category&quot;:&quot;mon compte&quot;,&quot;from&quot;:&quot;article footer&quot;,&quot;name&quot;:&quot;Mon actu&quot;,&quot;type&quot;:&quot;cta&quot;}}\" target=\"_blank\">Mon Actu<\/a>.<\/p>\n<p>                    <script async src=\"\/\/www.instagram.com\/embed.js\"><\/script><\/p>\n","protected":false},"excerpt":{"rendered":"Par Hervine Mahaud Publi\u00e9 le 2 d\u00e9c. 2025 \u00e0 15h56 C\u2019est un \u00e9v\u00e9nement in\u00e9dit qui s\u2019appr\u00eate \u00e0 d\u00e9barquer&hellip;\n","protected":false},"author":2,"featured_media":573375,"comment_status":"","ping_status":"","sticky":false,"template":"","format":"standard","meta":{"footnotes":""},"categories":[2815],"tags":[1111,11,6557,1777,674,1011,27,1661,811,1307,1652,12,25,7167],"class_list":{"0":"post-573374","1":"post","2":"type-post","3":"status-publish","4":"format-standard","5":"has-post-thumbnail","7":"category-lille","8":"tag-actu","9":"tag-actualites","10":"tag-bon-plan-a-lille","11":"tag-eu","12":"tag-europe","13":"tag-fr","14":"tag-france","15":"tag-gastronomie","16":"tag-hauts-de-france","17":"tag-lille","18":"tag-loisirs-culture","19":"tag-news","20":"tag-republique-francaise","21":"tag-seconde-main"},"share_on_mastodon":{"url":"https:\/\/pubeurope.com\/@fr\/115650621898442377","error":""},"_links":{"self":[{"href":"https:\/\/www.europesays.com\/fr\/wp-json\/wp\/v2\/posts\/573374","targetHints":{"allow":["GET"]}}],"collection":[{"href":"https:\/\/www.europesays.com\/fr\/wp-json\/wp\/v2\/posts"}],"about":[{"href":"https:\/\/www.europesays.com\/fr\/wp-json\/wp\/v2\/types\/post"}],"author":[{"embeddable":true,"href":"https:\/\/www.europesays.com\/fr\/wp-json\/wp\/v2\/users\/2"}],"replies":[{"embeddable":true,"href":"https:\/\/www.europesays.com\/fr\/wp-json\/wp\/v2\/comments?post=573374"}],"version-history":[{"count":0,"href":"https:\/\/www.europesays.com\/fr\/wp-json\/wp\/v2\/posts\/573374\/revisions"}],"wp:featuredmedia":[{"embeddable":true,"href":"https:\/\/www.europesays.com\/fr\/wp-json\/wp\/v2\/media\/573375"}],"wp:attachment":[{"href":"https:\/\/www.europesays.com\/fr\/wp-json\/wp\/v2\/media?parent=573374"}],"wp:term":[{"taxonomy":"category","embeddable":true,"href":"https:\/\/www.europesays.com\/fr\/wp-json\/wp\/v2\/categories?post=573374"},{"taxonomy":"post_tag","embeddable":true,"href":"https:\/\/www.europesays.com\/fr\/wp-json\/wp\/v2\/tags?post=573374"}],"curies":[{"name":"wp","href":"https:\/\/api.w.org\/{rel}","templated":true}]}}