{"id":573376,"date":"2025-12-02T15:13:17","date_gmt":"2025-12-02T15:13:17","guid":{"rendered":"https:\/\/www.europesays.com\/fr\/573376\/"},"modified":"2025-12-02T15:13:17","modified_gmt":"2025-12-02T15:13:17","slug":"un-defile-de-mode-dans-un-tgv-paris-lille-lance-la-premiere-circular-fashion-week","status":"publish","type":"post","link":"https:\/\/www.europesays.com\/fr\/573376\/","title":{"rendered":"Un d\u00e9fil\u00e9 de mode dans un TGV\u00a0Paris-Lille lance la premi\u00e8re Circular\u00a0Fashion\u00a0Week"},"content":{"rendered":"\n<p class=\"c-chapo \">\n  Ce secteur de la mode circulaire se veut une alternative \u00e0 la fast\u00a0fashion qui \u00e9crase tout sur son passage.\n<\/p>\n<p>      lire plus tard<\/p>\n<p id=\"dialog__title\" class=\"dialog__title\">Pour sauvegarder cet article, connectez-vous ou cr\u00e9ez un compte franceinfo<\/p>\n<p class=\"dialog__description\">Sans paiement. Sans abonnement.<\/p>\n<p>        Fermer la fen\u00eatre d\u2019activation des notifications France Info<\/p>\n<p>      cr\u00e9er votre compte<\/p>\n<p>      se connecter<\/p>\n<p>        Fermer la fen\u00eatre de pr\u00e9sentation<\/p>\n<p>    <img loading=\"lazy\" decoding=\"async\" class=\"signature__image lazyload\" width=\"100\" height=\"100\" data- alt=\"\" src=\"https:\/\/www.europesays.com\/fr\/wp-content\/uploads\/2025\/05\/64abd44855ee1_placeholder-36b69ec8.png\"\/><\/p>\n<p>          France T\u00e9l\u00e9visions &#8211; R\u00e9daction Culture<\/p>\n<p>    Publi\u00e9 le 02\/12\/2025 15:37<\/p>\n<p>        Temps de lecture : 4min<\/p>\n<p>    <img decoding=\"async\"  alt=\"Le 1er d\u00e9cembre 2025, un mannequin pr\u00e9sente une cr\u00e9ation \u00e0 bord d'un TGV, dans le cadre de la semaine de la mode circulaire, sur le trajet Paris-Lille. (SAMEER AL-DOUMY\u00a0\/\u00a0AFP)\" width=\"432\" height=\"243\" src=\"https:\/\/www.europesays.com\/fr\/wp-content\/uploads\/2025\/12\/000-86qj8ke-692eb2f5aced5023907186.jpg\" fetchpriority=\"high\"\/><\/p>\n<p>      Le 1er d\u00e9cembre 2025, un mannequin pr\u00e9sente une cr\u00e9ation \u00e0 bord d&rsquo;un TGV, dans le cadre de la semaine de la mode circulaire, sur le trajet Paris-Lille. (SAMEER AL-DOUMY\u00a0\/\u00a0AFP)<\/p>\n<p>Donner de la visibilit\u00e9 aux acteurs de la mode circulaire\u00a0: c&rsquo;est le but de la premi\u00e8re Circular Fashion Week, organis\u00e9e du 1er au 7\u00a0d\u00e9cembre dans la m\u00e9tropole lilloise, avec d\u00e9fil\u00e9s, ateliers, forum professionnel et march\u00e9 de mode \u00ab\u00a0engag\u00e9e\u00a0\u00bb.<\/p>\n<p>Derri\u00e8re le terme mode circulaire, on trouve aussi bien des v\u00eatements \u00e0 la dur\u00e9e de vie prolong\u00e9e, gr\u00e2ce \u00e0 la r\u00e9paration et la r\u00e9utilisation, ou plus durables gr\u00e2ce \u00e0 l&rsquo;usage de mat\u00e9riaux recycl\u00e9s, des fibres naturelles et des circuits courts. La Circular Fashion Week a vocation \u00e0 se tenir tous les deux\u00a0ans \u00e0 Lille, selon ses organisateurs.<\/p>\n<p>Pour lancer cette semaine de mode circulaire, un d\u00e9fil\u00e9 a \u00e9t\u00e9 organis\u00e9 lundi\u00a01er\u00a0d\u00e9cembre dans un TGV\u00a0Paris-Lille, surprenant les passagers. Lors de ce premier show de mode circulaire, ont \u00e9t\u00e9 pr\u00e9sent\u00e9es des cr\u00e9ations upcycl\u00e9es \u2013\u00a0faites \u00e0 partir de mati\u00e8res naturelles, locales et respectueuses de l&rsquo;environnement\u00a0\u2013 sign\u00e9es <a href=\"https:\/\/www.franceinfo.fr\/culture\/mode\/interview-objet-utilitaire-symbolique-et-esthetique-le-sac-a-traverse-les-siecles-reflete-les-rites-et-coutumes-d-une-societe-sylvie-marot-commissaire-de-l-exposition-sac-sac-sac_7480648.html\" target=\"_blank\" rel=\"noopener\">Esmod<\/a> Roubaix, Anti-Fashion Project, Revive Circular Lab et d&rsquo;autres acteurs locaux engag\u00e9s.<\/p>\n<p>Un d\u00e9fil\u00e9 de mode vintage aura lieu mardi dans l&rsquo;usine textile Lemahieu dans la banlieue lilloise, puis un forum pour les professionnels jeudi et vendredi ainsi qu&rsquo;un grand march\u00e9 de cr\u00e9ateurs responsables, friperies, conf\u00e9rences, ateliers, samedi.<\/p>\n<p>    <img loading=\"lazy\" decoding=\"async\" class=\"cms-media-image lazyload\" alt=\"Le 1er d\u00e9cembre 2025, un mannequin pr\u00e9sente une cr\u00e9ation \u00e0 bord d'un TGV, dans le cadre de la semaine de la mode circulaire, sur le trajet Paris-Lille. (CIRCULAR FASHION)\" width=\"720\" height=\"960\" data- src=\"https:\/\/www.europesays.com\/fr\/wp-content\/uploads\/2025\/12\/14septembre-sncf-voyageurs-circular-fashion-train-6kaokbqpr51dn4dvsjij79b65o-692eb4e3201ce054943256..jpeg\"\/><\/p>\n<p>      Le 1er d\u00e9cembre 2025, un mannequin pr\u00e9sente une cr\u00e9ation \u00e0 bord d&rsquo;un TGV, dans le cadre de la semaine de la mode circulaire, sur le trajet Paris-Lille. (CIRCULAR FASHION)<\/p>\n<p>Partenaire de cette op\u00e9ration, SNCF\u00a0Voyageurs voulait aussi souligner sa politique en mati\u00e8re d&rsquo;upcycling et de recyclabilit\u00e9, int\u00e9gr\u00e9e \u00e0 sa d\u00e9marche globale de d\u00e9veloppement durable et d&rsquo;\u00e9conomie circulaire. Ainsi, par exemple, l&rsquo;entreprise recycle les v\u00eatements professionnels usag\u00e9s, notamment ceux de ses agents de vente, d&rsquo;escales et de ses \u00e9quipages \u00e0 bord.<\/p>\n<p>Ce secteur se veut une alternative \u00e0 la fast\u00a0fashion qui \u00e9crase tout sur son passage, et dont l&rsquo;un des symboles, <a href=\"https:\/\/www.franceinfo.fr\/economie\/entreprises\/shein\/shein-la-plateforme-veut-se-battre-coute-que-coute-pour-rester-en-france_7641125.html\" target=\"_blank\" rel=\"noopener\">la plateforme en ligne asiatique Shein<\/a>, a accumul\u00e9 les pol\u00e9miques en France ces derniers temps.<\/p>\n<p>\u00ab\u00a0On sent que le consommateur est totalement perdu entre envie de faire les choses bien et \u00eatre en permanence stimul\u00e9 \u00e0 consommer\u00a0\u00bb, a indiqu\u00e9 Anthony Jaugeard, consultant en \u00e9conomie circulaire. \u00ab\u00a0L&rsquo;objectif est de mettre en avant les solutions, les acteurs qui font une mode responsable et \u00e9cologique. La couverture m\u00e9diatique de la mode pas responsable est immense en ce moment. Donc, nous, on voulait montrer tout ce qu&rsquo;on sait faire\u00a0\u00bb, a-t-il ajout\u00e9 lors de la conf\u00e9rence de presse d&rsquo;ouverture de l&rsquo;\u00e9v\u00e9nement lillois.<\/p>\n<p>\u00ab\u00a0Chaque ann\u00e9e, on s&rsquo;attelle \u00e0 des nouvelles mati\u00e8res. Cette ann\u00e9e, ce sont les chambres \u00e0 air des V\u00e9lib&rsquo; de Paris et les canots de sauvetage qu&rsquo;on r\u00e9cup\u00e8re pour faire des ceintures, et les ballons de rugby qu&rsquo;on a transform\u00e9 en porte-cartes\u00a0\u00bb, a pr\u00e9cis\u00e9 de son c\u00f4t\u00e9 Hubert Motte, le fondateur de La Vie est Belt, marque d&rsquo;upcycling bas\u00e9e \u00e0 Roubaix.<\/p>\n<p>L&rsquo;industrie textile mondiale est l&rsquo;une des plus polluantes et des moins circulaires, caract\u00e9ris\u00e9e par un syst\u00e8me qui favorise la production de masse, le renouvellement rapide des collections, l&rsquo;utilisation de fibres vierges issues principalement des d\u00e9riv\u00e9s du p\u00e9trole et peu engag\u00e9e dans le recyclage en fin de vie.<\/p>\n<p>Selon l&rsquo;\u00e9tude KPMG pour la F\u00e9d\u00e9ration de la mode circulaire (2025), la fili\u00e8re fran\u00e7aise de la mode g\u00e9n\u00e8re plus de 700\u00a0000\u00a0tonnes de d\u00e9chets textiles par an. Seuls 38% sont collect\u00e9s, et \u00e0 peine 1% est v\u00e9ritablement recycl\u00e9 en nouveaux textiles.<\/p>\n<p>    <img loading=\"lazy\" decoding=\"async\" class=\"cms-media-image lazyload\" alt=\"Le 1er d\u00e9cembre 2025, un mannequin pr\u00e9sente une cr\u00e9ation \u00e0 bord d'un TGV, dans le cadre de la semaine de la mode circulaire, sur le trajet Paris-Lille. (CIRCULAR FASHION)\" width=\"720\" height=\"540\" data- src=\"https:\/\/www.europesays.com\/fr\/wp-content\/uploads\/2025\/12\/14septembre-sncf-voyageurs-circular-fashion-train-18lin23d610m3b4nj9bv27dk4l-692ec4e1278f1110639047..jpeg\"\/><\/p>\n<p>      Le 1er d\u00e9cembre 2025, un mannequin pr\u00e9sente une cr\u00e9ation \u00e0 bord d&rsquo;un TGV, dans le cadre de la semaine de la mode circulaire, sur le trajet Paris-Lille. (CIRCULAR FASHION)<\/p>\n<p>Bien qu&rsquo;en croissance, la mode circulaire p\u00e8se encore tr\u00e8s peu au niveau \u00e9conomique, comme les produits neufs co\u00fbtent souvent moins chers. Or 90% des consommateurs placent le prix comme premier crit\u00e8re d&rsquo;achat, bien loin devant l&rsquo;impact environnemental ou la durabilit\u00e9, selon une r\u00e9cente \u00e9tude de la chaire universitaire de la mode circulaire Tex&amp;Care.<\/p>\n","protected":false},"excerpt":{"rendered":"Ce secteur de la mode circulaire se veut une alternative \u00e0 la fast\u00a0fashion qui \u00e9crase tout sur son&hellip;\n","protected":false},"author":2,"featured_media":573377,"comment_status":"","ping_status":"","sticky":false,"template":"","format":"standard","meta":{"footnotes":""},"categories":[2815],"tags":[1111,11,1777,674,1011,27,811,1307,12,25],"class_list":{"0":"post-573376","1":"post","2":"type-post","3":"status-publish","4":"format-standard","5":"has-post-thumbnail","7":"category-lille","8":"tag-actu","9":"tag-actualites","10":"tag-eu","11":"tag-europe","12":"tag-fr","13":"tag-france","14":"tag-hauts-de-france","15":"tag-lille","16":"tag-news","17":"tag-republique-francaise"},"share_on_mastodon":{"url":"https:\/\/pubeurope.com\/@fr\/115650627401378806","error":""},"_links":{"self":[{"href":"https:\/\/www.europesays.com\/fr\/wp-json\/wp\/v2\/posts\/573376","targetHints":{"allow":["GET"]}}],"collection":[{"href":"https:\/\/www.europesays.com\/fr\/wp-json\/wp\/v2\/posts"}],"about":[{"href":"https:\/\/www.europesays.com\/fr\/wp-json\/wp\/v2\/types\/post"}],"author":[{"embeddable":true,"href":"https:\/\/www.europesays.com\/fr\/wp-json\/wp\/v2\/users\/2"}],"replies":[{"embeddable":true,"href":"https:\/\/www.europesays.com\/fr\/wp-json\/wp\/v2\/comments?post=573376"}],"version-history":[{"count":0,"href":"https:\/\/www.europesays.com\/fr\/wp-json\/wp\/v2\/posts\/573376\/revisions"}],"wp:featuredmedia":[{"embeddable":true,"href":"https:\/\/www.europesays.com\/fr\/wp-json\/wp\/v2\/media\/573377"}],"wp:attachment":[{"href":"https:\/\/www.europesays.com\/fr\/wp-json\/wp\/v2\/media?parent=573376"}],"wp:term":[{"taxonomy":"category","embeddable":true,"href":"https:\/\/www.europesays.com\/fr\/wp-json\/wp\/v2\/categories?post=573376"},{"taxonomy":"post_tag","embeddable":true,"href":"https:\/\/www.europesays.com\/fr\/wp-json\/wp\/v2\/tags?post=573376"}],"curies":[{"name":"wp","href":"https:\/\/api.w.org\/{rel}","templated":true}]}}