{"id":573382,"date":"2025-12-02T15:16:11","date_gmt":"2025-12-02T15:16:11","guid":{"rendered":"https:\/\/www.europesays.com\/fr\/573382\/"},"modified":"2025-12-02T15:16:11","modified_gmt":"2025-12-02T15:16:11","slug":"le-costume-regional-de-miss-rhone-alpes-sera-inspire-de-guignol","status":"publish","type":"post","link":"https:\/\/www.europesays.com\/fr\/573382\/","title":{"rendered":"le costume r\u00e9gional de Miss Rh\u00f4ne-Alpes sera inspir\u00e9 de Guignol"},"content":{"rendered":"<p itemprop=\"description\"><strong>L\u2019\u00e9lection de Miss France 2026 approche.<\/strong><\/p>\n<p>C\u2019est chaque ann\u00e9e l\u2019un des moments forts de l\u2019\u00e9lection de Miss France : le tableau des costumes traditionnels. Chaque tenue r\u00e9gionale est imagin\u00e9e par une cr\u00e9atrice ou un cr\u00e9ateur apr\u00e8s un concours lanc\u00e9 sur les r\u00e9seaux sociaux.\u00a0<\/p>\n<p>Le lyonnais <strong>Hugo Chapet<\/strong> a \u00e9t\u00e9 choisi pour mettre \u00e0 l\u2019honneur la r\u00e9gion Rh\u00f4ne-Alpes. A 24 ans, le jeune homme est \u00e0 la t\u00eate de sa marque baptis\u00e9e Chahu qui cr\u00e9e des tenues de soir\u00e9e, notamment pour des drags shows. Il a choisi le th\u00e8me de Guignol pour le costume r\u00e9gional que portera <strong>No\u00e9mie Baiamonte<\/strong>, <a href=\"https:\/\/www.lyonfemmes.com\/article\/251984\/noemie-baiamonte-miss-rhone-alpes-2025-je-veux-prouver-qu-il-faut-toujours-perseverer-dans-la-vie\" target=\"_blank\" rel=\"noopener\">Miss Rh\u00f4ne-Alpes 2025<\/a>, ce samedi 6 d\u00e9cembre sur la sc\u00e8ne du Z\u00e9nith d\u2019Amiens. \u00ab\u00a0\u00c7a va \u00eatre un bel hommage pour la ville de Lyon. Je me suis dit que j\u2019allais partir sur quelque chose d\u2019authentique car l\u2019authenticit\u00e9 est ce qui parle le plus aux gens, surtout dans le milieu de l\u2019art\u00a0\u00bb, nous confie-t-il.\u00a0<\/p>\n<p>La tenue restera secr\u00e8te jusqu\u2019au soir de l\u2019\u00e9lection pour garder l\u2019effet de surprise avec peut-\u00eatre \u00e0 la fin une r\u00e9compense pour le jeune cr\u00e9ateur. \u00ab\u00a0En ayant \u00e9t\u00e9 s\u00e9lectionn\u00e9, j\u2019ai d\u00e9j\u00e0 gagn\u00e9. Je le fais plus pour moi que pour une reconnaissance et une notori\u00e9t\u00e9. J\u2019ai juste h\u00e2te de voir ma cr\u00e9ation \u00e0 la t\u00e9l\u00e9vision et comment \u00e7a rend \u00e0 l\u2019\u00e9cran\u00a0\u00bb, se r\u00e9jouit Hugo Chapet.<\/p>\n<blockquote class=\"instagram-media\" style=\"background: #FFF; border: 0; border-radius: 3px; box-shadow: 0 0 1px 0 rgba(0,0,0,0.5),0 1px 10px 0 rgba(0,0,0,0.15); margin: 1px; max-width: 540px; min-width: 326px; padding: 0; width: calc(100% - 2px);\" data-instgrm-captioned=\"\" data-instgrm-permalink=\"https:\/\/www.instagram.com\/reel\/DNxXfzMWHuz\/?utm_source=ig_embed&amp;utm_campaign=loading\" data-instgrm-version=\"14\"><p>&#13;<br \/>\n&#13;\n<\/p><\/blockquote>\n<p>\t\t  <script async src=\"\/\/www.instagram.com\/embed.js\"><\/script><\/p>\n","protected":false},"excerpt":{"rendered":"L\u2019\u00e9lection de Miss France 2026 approche. C\u2019est chaque ann\u00e9e l\u2019un des moments forts de l\u2019\u00e9lection de Miss France&hellip;\n","protected":false},"author":2,"featured_media":573383,"comment_status":"","ping_status":"","sticky":false,"template":"","format":"standard","meta":{"footnotes":""},"categories":[1889],"tags":[1111,11,2813,2190,2430,1109,251,1112,2811,1777,674,118,1294,4651,1011,27,1922,1110,1114,2428,4903,4902,12,241,316,25,2812,517,800],"class_list":{"0":"post-573382","1":"post","2":"type-post","3":"status-publish","4":"format-standard","5":"has-post-thumbnail","7":"category-lyon","8":"tag-actu","9":"tag-actualites","10":"tag-article","11":"tag-asvel","12":"tag-auvergne-rhone-alpes","13":"tag-breves","14":"tag-culture","15":"tag-depeches","16":"tag-economique","17":"tag-eu","18":"tag-europe","19":"tag-faits-divers","20":"tag-femme","21":"tag-femmes","22":"tag-fr","23":"tag-france","24":"tag-info","25":"tag-informations","26":"tag-infos","27":"tag-lyon","28":"tag-lyonfemme","29":"tag-lyonfemmes","30":"tag-news","31":"tag-ol","32":"tag-politique","33":"tag-republique-francaise","34":"tag-sociale","35":"tag-sport","36":"tag-transports"},"share_on_mastodon":{"url":"https:\/\/pubeurope.com\/@fr\/115650637718575144","error":""},"_links":{"self":[{"href":"https:\/\/www.europesays.com\/fr\/wp-json\/wp\/v2\/posts\/573382","targetHints":{"allow":["GET"]}}],"collection":[{"href":"https:\/\/www.europesays.com\/fr\/wp-json\/wp\/v2\/posts"}],"about":[{"href":"https:\/\/www.europesays.com\/fr\/wp-json\/wp\/v2\/types\/post"}],"author":[{"embeddable":true,"href":"https:\/\/www.europesays.com\/fr\/wp-json\/wp\/v2\/users\/2"}],"replies":[{"embeddable":true,"href":"https:\/\/www.europesays.com\/fr\/wp-json\/wp\/v2\/comments?post=573382"}],"version-history":[{"count":0,"href":"https:\/\/www.europesays.com\/fr\/wp-json\/wp\/v2\/posts\/573382\/revisions"}],"wp:featuredmedia":[{"embeddable":true,"href":"https:\/\/www.europesays.com\/fr\/wp-json\/wp\/v2\/media\/573383"}],"wp:attachment":[{"href":"https:\/\/www.europesays.com\/fr\/wp-json\/wp\/v2\/media?parent=573382"}],"wp:term":[{"taxonomy":"category","embeddable":true,"href":"https:\/\/www.europesays.com\/fr\/wp-json\/wp\/v2\/categories?post=573382"},{"taxonomy":"post_tag","embeddable":true,"href":"https:\/\/www.europesays.com\/fr\/wp-json\/wp\/v2\/tags?post=573382"}],"curies":[{"name":"wp","href":"https:\/\/api.w.org\/{rel}","templated":true}]}}