{"id":573388,"date":"2025-12-02T15:22:18","date_gmt":"2025-12-02T15:22:18","guid":{"rendered":"https:\/\/www.europesays.com\/fr\/573388\/"},"modified":"2025-12-02T15:22:18","modified_gmt":"2025-12-02T15:22:18","slug":"notre-selection-coups-de-coeur","status":"publish","type":"post","link":"https:\/\/www.europesays.com\/fr\/573388\/","title":{"rendered":"notre s\u00e9lection coups de c\u0153ur"},"content":{"rendered":"<p class=\"intro\">Paris illumine l&rsquo;hiver avec des expositions exceptionnelles qui r\u00e9chauffent les c\u0153urs et \u00e9merveillent les regards\u00a0! En ce mois de janvier, la capitale propose un voyage fascinant entre festivals lumineux spectaculaires, plong\u00e9es pr\u00e9historiques immersives et chefs-d&rsquo;\u0153uvre picturaux rarissimes. Des jardins enchant\u00e9s du Mus\u00e9um aux salles prestigieuses de Jacquemart-Andr\u00e9, cinq exp\u00e9riences culturelles vous attendent pour transformer vos week-ends hivernaux en v\u00e9ritables escapades artistiques. Pr\u00e9parez-vous \u00e0 d\u00e9couvrir des tr\u00e9sors qui feront briller vos sorties parisiennes\u00a0!<\/p>\n<p class=\"intro\"><a data-lightbox=\"article\" data-title=\"5 expositions incontournables \u00e0 Paris en janvier : notre s\u00e9lection coups de c\u0153ur \u00a9 Pexels\" class=\"image detail fullwidth\" href=\"https:\/\/www.jds.fr\/medias\/image\/5-expositions-incontournables-a-paris-en-janvier-n-783191-1200-0-F.webp\" title=\"5 expositions incontournables \u00e0 Paris en janvier : notre s\u00e9lection coups de c\u0153ur \u00a9 Pexels\" target=\"_blank\" rel=\"noopener\"><br \/>\n<img decoding=\"async\" loading=\"lazy\" src=\"https:\/\/www.europesays.com\/fr\/wp-content\/uploads\/2025\/12\/5-expositions-incontournables-a-paris-en-janvier-n-783191-1200-0.webp.webp\"   alt=\"5 expositions incontournables \u00e0 Paris en janvier : notre s\u00e9lection coups de c\u0153ur\" class=\"shortcode_image border\"\/><br \/>\n\u00a9 Pexels<br \/>\n5 expositions incontournables \u00e0 Paris en janvier : notre s\u00e9lection coups de c\u0153ur<br \/>\n<\/a>\n<\/p>\n<p>1\/ En voie d&rsquo;illumination 2025\u00a0: le festival des lumi\u00e8res au Jardin des Plantes [Coup de\u00a0\u2764\ufe0f JDS]<\/p>\n<p>Le <a href=\"https:\/\/www.jds.fr\/paris\/expos\/en-voie-d-illumination-le-festival-des-lumieres-au-jardin-des-plantes-de-paris-1220876_A\" target=\"_blank\" rel=\"noopener\">festival En voie d&rsquo;illumination au Jardin des Plantes de Paris<\/a> transforme l&rsquo;hiver en f\u00e9erie scientifique jusqu&rsquo;au 18 janvier 2026. \ud83c\udf1f Cette 7\u00e8me \u00e9dition explore les\u00a0\u00ab\u00a0Lumi\u00e8res de la Nature\u00a0\u00bb \u00e0 travers quatre univers immersifs\u00a0: min\u00e9raux fluorescents, bioluminescence marine, phosphorescence terrestre et ph\u00e9nom\u00e8nes c\u00e9lestes. Le parcours nocturne m\u00eale installations monumentales, hologrammes et projections pour r\u00e9v\u00e9ler les secrets lumineux du vivant, de la Grande Serre illumin\u00e9e aux abysses oc\u00e9aniques en passant par un volcan de 6 m\u00e8tres en \u00e9ruption.<\/p>\n<p>\ud83d\udca1 <strong>Notre conseil\u00a0:<\/strong> Optez pour un billet dat\u00e9 en semaine (21\u20ac) plut\u00f4t qu&rsquo;en week-end pour \u00e9viter l&rsquo;affluence, et arrivez d\u00e8s 18h pour profiter pleinement du parcours d&rsquo;1h sans pr\u00e9cipitation.<\/p>\n<p>\ud83d\udccd Jardin des Plantes &#8211; Mus\u00e9um National d&rsquo;Histoire Naturelle de Paris | Paris<br \/>\ud83d\udcc5 Jusqu&rsquo;au 18\/01\/2026<\/p>\n<p class=\"mise_en_avant\">\ud83d\udc49 <a href=\"https:\/\/www.jds.fr\/paris\/expos\/en-voie-d-illumination-le-festival-des-lumieres-au-jardin-des-plantes-de-paris-1220876_A\" target=\"_blank\" rel=\"noopener\">[Coup de\u00a0\u2764\ufe0f JDS] En voie d&rsquo;illumination 2025\u00a0: le festival des lumi\u00e8res au Jardin des Plantes de Paris<\/a><\/p>\n<p><a data-lightbox=\"article\" data-title=\"En voie d&#039;illumination au Jardin des Plantes de Paris DR\" class=\"image detail fullwidth\" href=\"https:\/\/www.jds.fr\/medias\/image\/en-voie-d-illumination-le-festival-des-lumieres-au-3-750344-1200-0-F.webp\" title=\"En voie d&#039;illumination au Jardin des Plantes de Paris DR\" target=\"_blank\" rel=\"noopener\"><br \/>\n<img decoding=\"async\" loading=\"lazy\" src=\"https:\/\/www.europesays.com\/fr\/wp-content\/uploads\/2025\/12\/en-voie-d-illumination-le-festival-des-lumieres-au-3-750344-1200-0.webp.webp\"   alt=\"En voie d'illumination au Jardin des Plantes de Paris\" class=\"shortcode_image border\"\/><br \/>\n\u00a9 DR<br \/>\nEn voie d&rsquo;illumination au Jardin des Plantes de Paris<br \/>\n<\/a>\n<\/p>\n<p>2\/ Plan\u00e8te Pr\u00e9historique\u00a0: Dinosaures, l&rsquo;exp\u00e9rience immersive \u00e0 l&rsquo;Atelier des Lumi\u00e8res<\/p>\n<p>L&rsquo;<a href=\"https:\/\/www.jds.fr\/paris\/expos\/atelier-des-lumieres-planete-prehistorique-dinosaures-l-experience-immersive-1255551_A\" target=\"_blank\" rel=\"noopener\">Atelier des Lumi\u00e8res &#8211; Plan\u00e8te Pr\u00e9historique \u00e0 Paris<\/a> propulse les visiteurs 66 millions d&rsquo;ann\u00e9es en arri\u00e8re jusqu&rsquo;au 4 janvier 2026. \ud83e\udd95 Inspir\u00e9 de la s\u00e9rie Apple TV et port\u00e9 par la narration de G\u00e9rard Lanvin sur une bande originale de Hans Zimmer, ce spectacle num\u00e9rique fait surgir T-Rex, Velociraptors et Dreadnoughtus en taille r\u00e9elle dans des d\u00e9cors volcaniques et marins grandioses. L&rsquo;Atelier des Enfants propose \u00e9galement des activit\u00e9s interactives pour colorier et animer virtuellement ses propres cr\u00e9atures pr\u00e9historiques.<\/p>\n<p>\ud83d\udd0d <strong>\u00c0 savoir\u00a0:<\/strong> R\u00e9servez rapidement vos places \u00e0 partir de 18\u20ac car cette exp\u00e9rience immersive affiche complet pendant les vacances scolaires, surtout pour les cr\u00e9neaux en fin d&rsquo;apr\u00e8s-midi.<\/p>\n<p>\ud83d\udccd Atelier des lumi\u00e8res | Paris<br \/>\ud83d\udcc5 Du 10\/12\/2025 au 04\/01\/2026<\/p>\n<p class=\"mise_en_avant\">\ud83d\udc49 <a href=\"https:\/\/www.jds.fr\/paris\/expos\/atelier-des-lumieres-planete-prehistorique-dinosaures-l-experience-immersive-1255551_A\" target=\"_blank\" rel=\"noopener\">Atelier des Lumi\u00e8res &#8211; Plan\u00e8te Pr\u00e9historique\u00a0: Dinosaures, l&rsquo;exp\u00e9rience immersive<\/a><\/p>\n<p><a class=\"btn btn-lg shadow-lg btn-primary rounded-pill fnac_link\" data-fnac=\"in_article\" href=\"https:\/\/www.awin1.com\/pclick.php?p=43187971749&amp;a=634278&amp;m=12494&amp;clickref=in_article-A-desktop\" target=\"_blank\" rel=\"nofollow noopener\"> Acheter des billets<\/a><\/p>\n<p><a data-lightbox=\"article\" data-title=\" \u00a9 Justin Sutcliffe\" class=\"image detail fullwidth\" href=\"https:\/\/www.jds.fr\/medias\/image\/atelier-des-lumieres-planete-prehistorique-dinosau-5-778135-1200-0-F.webp\" title=\" \u00a9 Justin Sutcliffe\" target=\"_blank\" rel=\"noopener\"><br \/>\n<img decoding=\"async\" loading=\"lazy\" src=\"https:\/\/www.europesays.com\/fr\/wp-content\/uploads\/2025\/12\/atelier-des-lumieres-planete-prehistorique-dinosau-5-778135-1200-0.webp.webp\"   alt=\"Atelier des Lumi\u00e8res - Plan\u00e8te Pr\u00e9historique : Dinosaures, l'exp\u00e9rience immersive\" class=\"shortcode_image border\"\/><br \/>\n\u00a9 Justin Sutcliffe<br \/>\n<\/a>\n<\/p>\n<p>3\/ Georges de la Tour. Entre Ombre et Lumi\u00e8re au Mus\u00e9e Jacquemart-Andr\u00e9<\/p>\n<p>Le <a href=\"https:\/\/www.jds.fr\/paris\/expos\/georges-de-la-tour-entre-ombre-et-lumiere-1082621_A\" target=\"_blank\" rel=\"noopener\">Mus\u00e9e Jacquemart-Andr\u00e9 Georges de la Tour \u00e0 Paris<\/a> d\u00e9voile jusqu&rsquo;au 25 janvier 2026 l&rsquo;univers rare du ma\u00eetre fran\u00e7ais du XVIIe si\u00e8cle. \ud83d\udd6f\ufe0f Cette r\u00e9trospective in\u00e9dite, premi\u00e8re exposition fran\u00e7aise consacr\u00e9e \u00e0 l&rsquo;artiste depuis 1997, explore ses effets de lumi\u00e8re artificielle l\u00e9gendaires et replace son g\u00e9nie du clair-obscur dans le mouvement du caravagisme europ\u00e9en. L&rsquo;\u00e9crin prestigieux du 8\u00e8me arrondissement sublime les sc\u00e8nes de genre intimistes et figures de saints p\u00e9nitents qui ont forg\u00e9 sa renomm\u00e9e.<\/p>\n<p>\ud83c\udfa8 <strong>Conseil pratique\u00a0:<\/strong> Visitez en fin d&rsquo;apr\u00e8s-midi pour appr\u00e9cier pleinement les jeux d&rsquo;ombre et de lumi\u00e8re dans l&rsquo;atmosph\u00e8re feutr\u00e9e des salons bourgeois, l&rsquo;effet est saisissant\u00a0!<\/p>\n<p>\ud83d\udccd Mus\u00e9e Jacquemart-Andr\u00e9 | Paris<br \/>\ud83d\udcc5 Jusqu&rsquo;au 25\/01\/2026<\/p>\n<p class=\"mise_en_avant\">\ud83d\udc49 <a href=\"https:\/\/www.jds.fr\/paris\/expos\/georges-de-la-tour-entre-ombre-et-lumiere-1082621_A\" target=\"_blank\" rel=\"noopener\">Georges de la Tour. Entre Ombre et Lumi\u00e8re<\/a><\/p>\n<p><a class=\"btn btn-lg shadow-lg btn-primary rounded-pill fnac_link\" data-fnac=\"in_article\" href=\"https:\/\/www.awin1.com\/pclick.php?p=41789441705&amp;a=634278&amp;m=12494&amp;clickref=in_article-A-desktop\" target=\"_blank\" rel=\"nofollow noopener\"> Acheter des billets<\/a><\/p>\n<p>\u00a0<\/p>\n<p>4\/ Flops\u00a0?! &#8211; Quand l&rsquo;\u00e9chec m\u00e8ne \u00e0 l&rsquo;innovation<\/p>\n<p>Le <a href=\"https:\/\/www.jds.fr\/paris\/expos\/flops-1268771_A\" target=\"_blank\" rel=\"noopener\">Mus\u00e9e des arts et m\u00e9tiers Flops\u00a0?! \u00e0 Paris<\/a> r\u00e9v\u00e8le jusqu&rsquo;au 17 mai 2026 les secrets de l&rsquo;innovation par l&rsquo;\u00e9chec. \ud83d\udca1 Cette exposition originale explore avec bienveillance les rat\u00e9s techniques qui ont parfois men\u00e9 aux plus grandes r\u00e9ussites dans les transports, t\u00e9l\u00e9communications et m\u00e9canique. Le parcours d\u00e9cortique les m\u00e9canismes du\u00a0\u00ab\u00a0ratage\u00a0\u00bb en interrogeant ing\u00e9nieurs, designers et utilisateurs pour comprendre comment certaines bonnes id\u00e9es trop pr\u00e9coces se transforment en succ\u00e8s inattendus.<\/p>\n<p>\ud83d\ude80 <strong>Notre avis\u00a0:<\/strong> Une visite rafra\u00eechissante qui d\u00e9dramatise l&rsquo;erreur et inspire les esprits curieux &#8211; parfait pour les passionn\u00e9s de sciences et les entrepreneurs en herbe\u00a0!<\/p>\n<p>\ud83d\udccd Mus\u00e9e des arts et m\u00e9tiers | Paris<br \/>\ud83d\udcc5 Jusqu&rsquo;au 17\/05\/2026<\/p>\n<p class=\"mise_en_avant\">\ud83d\udc49 <a href=\"https:\/\/www.jds.fr\/paris\/expos\/flops-1268771_A\" target=\"_blank\" rel=\"noopener\">Flops\u00a0?!<\/a><\/p>\n<p><a data-lightbox=\"article\" data-title=\" DR\" class=\"image detail fullwidth\" href=\"https:\/\/www.jds.fr\/medias\/image\/flops-2-782737-1200-0-F.webp\" title=\" DR\" target=\"_blank\" rel=\"noopener\"><br \/>\n<img decoding=\"async\" loading=\"lazy\" src=\"https:\/\/www.europesays.com\/fr\/wp-content\/uploads\/2025\/12\/flops-2-782737-1200-0.webp.webp\"   alt=\"Flops ?!\" class=\"shortcode_image border\"\/><br \/>\n\u00a9 DR<br \/>\n<\/a>\n<\/p>\n<p>5\/ Kandinsky, la Musique des Couleurs \u00e0 la Philharmonie<\/p>\n<p>La <a href=\"https:\/\/www.jds.fr\/paris\/expos\/kandinsky-la-musique-des-couleurs-1215259_A\" target=\"_blank\" rel=\"noopener\">Philharmonie de Paris Kandinsky, la Musique des Couleurs<\/a> r\u00e9v\u00e8le jusqu&rsquo;au 1er f\u00e9vrier 2026 l&rsquo;influence fondamentale de la musique dans l&rsquo;\u0153uvre du ma\u00eetre de l&rsquo;abstraction. \ud83c\udfb5 Cette collaboration in\u00e9dite entre le Mus\u00e9e de la musique et le Centre Pompidou pr\u00e9sente pr\u00e8s de 200 \u0153uvres, partitions personnelles et projets sc\u00e9niques illustrant la m\u00e9lomanie de Kandinsky. Le parcours explore comment cette passion musicale a accompagn\u00e9 son \u00e9volution vers l&rsquo;abstraction et ses recherches sur le\u00a0\u00ab\u00a0son pur\u00a0\u00bb des mots.<\/p>\n<p>\ud83c\udfbc <strong>Astuce de pro\u00a0:<\/strong> Profitez des tarifs accessibles d\u00e8s 17\u20ac pour d\u00e9couvrir cette exposition unique, puis explorez les autres espaces de la Cit\u00e9 de la musique pour une immersion culturelle compl\u00e8te.<\/p>\n<p>\ud83d\udccd Philharmonie de Paris &#8211; Cit\u00e9 de la musique | Paris<br \/>\ud83d\udcc5 Jusqu&rsquo;au 01\/02\/2026<\/p>\n<p class=\"mise_en_avant\">\ud83d\udc49 <a href=\"https:\/\/www.jds.fr\/paris\/expos\/kandinsky-la-musique-des-couleurs-1215259_A\" target=\"_blank\" rel=\"noopener\">Kandinsky, la Musique des Couleurs<\/a><\/p>\n<p><a class=\"btn btn-lg shadow-lg btn-primary rounded-pill fnac_link\" data-fnac=\"in_article\" href=\"https:\/\/www.awin1.com\/pclick.php?p=42763700179&amp;a=634278&amp;m=12494&amp;clickref=in_article-A-desktop\" target=\"_blank\" rel=\"nofollow noopener\"> Acheter des billets<\/a><\/p>\n<p>\u00a0<\/p>\n","protected":false},"excerpt":{"rendered":"Paris illumine l&rsquo;hiver avec des expositions exceptionnelles qui r\u00e9chauffent les c\u0153urs et \u00e9merveillent les regards\u00a0! En ce mois&hellip;\n","protected":false},"author":2,"featured_media":573389,"comment_status":"","ping_status":"","sticky":false,"template":"","format":"standard","meta":{"footnotes":""},"categories":[1888],"tags":[1111,1928,11,1927,1777,674,1011,27,12,1926,626,1925,25],"class_list":{"0":"post-573388","1":"post","2":"type-post","3":"status-publish","4":"format-standard","5":"has-post-thumbnail","7":"category-paris","8":"tag-actu","9":"tag-actu-paris","10":"tag-actualites","11":"tag-actualites-paris","12":"tag-eu","13":"tag-europe","14":"tag-fr","15":"tag-france","16":"tag-news","17":"tag-news-paris","18":"tag-paris","19":"tag-paris-news","20":"tag-republique-francaise"},"share_on_mastodon":{"url":"https:\/\/pubeurope.com\/@fr\/115650662332178987","error":""},"_links":{"self":[{"href":"https:\/\/www.europesays.com\/fr\/wp-json\/wp\/v2\/posts\/573388","targetHints":{"allow":["GET"]}}],"collection":[{"href":"https:\/\/www.europesays.com\/fr\/wp-json\/wp\/v2\/posts"}],"about":[{"href":"https:\/\/www.europesays.com\/fr\/wp-json\/wp\/v2\/types\/post"}],"author":[{"embeddable":true,"href":"https:\/\/www.europesays.com\/fr\/wp-json\/wp\/v2\/users\/2"}],"replies":[{"embeddable":true,"href":"https:\/\/www.europesays.com\/fr\/wp-json\/wp\/v2\/comments?post=573388"}],"version-history":[{"count":0,"href":"https:\/\/www.europesays.com\/fr\/wp-json\/wp\/v2\/posts\/573388\/revisions"}],"wp:featuredmedia":[{"embeddable":true,"href":"https:\/\/www.europesays.com\/fr\/wp-json\/wp\/v2\/media\/573389"}],"wp:attachment":[{"href":"https:\/\/www.europesays.com\/fr\/wp-json\/wp\/v2\/media?parent=573388"}],"wp:term":[{"taxonomy":"category","embeddable":true,"href":"https:\/\/www.europesays.com\/fr\/wp-json\/wp\/v2\/categories?post=573388"},{"taxonomy":"post_tag","embeddable":true,"href":"https:\/\/www.europesays.com\/fr\/wp-json\/wp\/v2\/tags?post=573388"}],"curies":[{"name":"wp","href":"https:\/\/api.w.org\/{rel}","templated":true}]}}