{"id":573390,"date":"2025-12-02T15:23:15","date_gmt":"2025-12-02T15:23:15","guid":{"rendered":"https:\/\/www.europesays.com\/fr\/573390\/"},"modified":"2025-12-02T15:23:15","modified_gmt":"2025-12-02T15:23:15","slug":"a-paris-zelensky-obtient-le-soutien-europeen-avant-la-reprise-des-pourparlers-americano-russes","status":"publish","type":"post","link":"https:\/\/www.europesays.com\/fr\/573390\/","title":{"rendered":"\u00c0 Paris, Zelensky Obtient Le Soutien Europ\u00e9en Avant La Reprise Des Pourparlers Am\u00e9ricano-russes"},"content":{"rendered":"<p class=\"\" data-is=\"component-paragraph\">En d\u00e9placement \u00e0 Paris, Volodymyr Zelensky a rencontr\u00e9 lundi Emmanuel Macron pour renforcer la coordination europ\u00e9enne alors que s\u2019intensifient les efforts diplomatiques autour d\u2019un plan de paix pilot\u00e9 par les \u00c9tats-Unis. Cette visite intervient au moment o\u00f9 les forces russes progressent dans l\u2019est de l\u2019Ukraine et o\u00f9 le pr\u00e9sident ukrainien fait face \u00e0 une crise interne apr\u00e8s la d\u00e9mission de son chef de cabinet Andriy Yermak, vis\u00e9 par une enqu\u00eate anticorruption.<\/p>\n<p class=\"\" data-is=\"component-paragraph\">\u00c0 Washington, le secr\u00e9taire d\u2019\u00c9tat Marco Rubio a qualifi\u00e9 de \u00ab productives \u00bb les discussions men\u00e9es en Floride avec une d\u00e9l\u00e9gation ukrainienne, tout en soulignant qu\u2019\u00ab il reste du travail \u00bb. Parall\u00e8lement, l\u2019envoy\u00e9 sp\u00e9cial de Donald Trump, Steve Witkoff, doit se rendre \u00e0 Moscou pour rencontrer Vladimir Poutine, marquant une nouvelle \u00e9tape dans les efforts am\u00e9ricains pour relancer un dialogue direct.<\/p>\n<p><img alt=\"Video poster\" class=\"video-poster\" data-is=\"lazy-image\" data-observed-item-id=\"https:\/\/api.i24news.tv\/fr\/brightcove\/6385816319112\/poster\"\/>Entretien Trump-Netanyahou : le 1er ministre isra\u00e9lien de nouveau invit\u00e9 \u00e0 la Maison-Blanche.<\/p>\n<p class=\"\" data-is=\"component-paragraph\">Zelensky a reconnu que la dimension territoriale du plan soutenu par Washington demeure \u00ab la plus difficile \u00bb, \u00e9voquant \u00e9galement la question des garanties de s\u00e9curit\u00e9 et le financement de la reconstruction, largement d\u00e9pendant des fonds europ\u00e9ens. \u00ab Sans partenaires europ\u00e9ens, la situation devient tr\u00e8s d\u00e9licate \u00bb, a-t-il insist\u00e9.<\/p>\n<p class=\"\" data-is=\"component-paragraph\">Emmanuel Macron a r\u00e9affirm\u00e9 que \u00ab rien ne se fera sans l\u2019Europe \u00bb, rappelant que les partenaires europ\u00e9ens avaient d\u00e9j\u00e0 esquiss\u00e9 une approche commune sur les garanties de s\u00e9curit\u00e9 et qu\u2019elle serait affin\u00e9e dans les prochains jours avec la \u00ab Coalition des volontaires \u00bb. Il a \u00e9galement d\u00e9fendu les efforts anticorruption men\u00e9s par Kyiv, estimant que \u00ab la transparence des d\u00e9cisions montre que le syst\u00e8me fonctionne \u00bb, contrairement \u00e0 la Russie.<\/p>\n<p class=\"\" data-is=\"component-paragraph\">Le pr\u00e9sident fran\u00e7ais a enfin soulign\u00e9 que la pression sur Moscou s\u2019intensifiait, l\u2019UE ayant adopt\u00e9 un 19\u1d49 paquet de sanctions et pr\u00e9parant d\u00e9j\u00e0 le suivant, en coordination avec les \u00c9tats-Unis.<\/p>\n","protected":false},"excerpt":{"rendered":"En d\u00e9placement \u00e0 Paris, Volodymyr Zelensky a rencontr\u00e9 lundi Emmanuel Macron pour renforcer la coordination europ\u00e9enne alors que&hellip;\n","protected":false},"author":2,"featured_media":573391,"comment_status":"","ping_status":"","sticky":false,"template":"","format":"standard","meta":{"footnotes":""},"categories":[1888],"tags":[1111,1928,11,1927,1777,674,1011,27,12,1926,626,1925,25],"class_list":{"0":"post-573390","1":"post","2":"type-post","3":"status-publish","4":"format-standard","5":"has-post-thumbnail","7":"category-paris","8":"tag-actu","9":"tag-actu-paris","10":"tag-actualites","11":"tag-actualites-paris","12":"tag-eu","13":"tag-europe","14":"tag-fr","15":"tag-france","16":"tag-news","17":"tag-news-paris","18":"tag-paris","19":"tag-paris-news","20":"tag-republique-francaise"},"share_on_mastodon":{"url":"https:\/\/pubeurope.com\/@fr\/115650665127974879","error":""},"_links":{"self":[{"href":"https:\/\/www.europesays.com\/fr\/wp-json\/wp\/v2\/posts\/573390","targetHints":{"allow":["GET"]}}],"collection":[{"href":"https:\/\/www.europesays.com\/fr\/wp-json\/wp\/v2\/posts"}],"about":[{"href":"https:\/\/www.europesays.com\/fr\/wp-json\/wp\/v2\/types\/post"}],"author":[{"embeddable":true,"href":"https:\/\/www.europesays.com\/fr\/wp-json\/wp\/v2\/users\/2"}],"replies":[{"embeddable":true,"href":"https:\/\/www.europesays.com\/fr\/wp-json\/wp\/v2\/comments?post=573390"}],"version-history":[{"count":0,"href":"https:\/\/www.europesays.com\/fr\/wp-json\/wp\/v2\/posts\/573390\/revisions"}],"wp:featuredmedia":[{"embeddable":true,"href":"https:\/\/www.europesays.com\/fr\/wp-json\/wp\/v2\/media\/573391"}],"wp:attachment":[{"href":"https:\/\/www.europesays.com\/fr\/wp-json\/wp\/v2\/media?parent=573390"}],"wp:term":[{"taxonomy":"category","embeddable":true,"href":"https:\/\/www.europesays.com\/fr\/wp-json\/wp\/v2\/categories?post=573390"},{"taxonomy":"post_tag","embeddable":true,"href":"https:\/\/www.europesays.com\/fr\/wp-json\/wp\/v2\/tags?post=573390"}],"curies":[{"name":"wp","href":"https:\/\/api.w.org\/{rel}","templated":true}]}}