{"id":573394,"date":"2025-12-02T15:25:11","date_gmt":"2025-12-02T15:25:11","guid":{"rendered":"https:\/\/www.europesays.com\/fr\/573394\/"},"modified":"2025-12-02T15:25:11","modified_gmt":"2025-12-02T15:25:11","slug":"municipales-a-paris-logement","status":"publish","type":"post","link":"https:\/\/www.europesays.com\/fr\/573394\/","title":{"rendered":"Municipales \u00e0 Paris : logement"},"content":{"rendered":"<p>Comment se loger en ville ?\u00a0\u00ab\u2009Le logement est un march\u00e9 tenu par 75 \u00e0 76 % de propri\u00e9taires immobiliers. Le bailleur type est une personne \u00e0 la retraite, qui a un ou deux appartements, qui a une fiscalit\u00e9 lourde et qui n&rsquo;a pas beaucoup de moyens\u2009\u00bb, rappelle <a href=\"https:\/\/www.latribune.fr\/entreprises-finance\/industrie\/biens-d-equipement-btp-immobilier\/le-nouveau-president-de-la-chambre-des-notaires-veut-injecter-de-l-ia-dans-la-profession-999057.html\" target=\"_blank\" rel=\"noopener\">Pierre Tarrade, pr\u00e9sident de la Chambre des notaires de Paris<\/a>, en introduction du d\u00e9bat intitul\u00e9\u2009\u00ab\u2009La crise du logement : un d\u00e9fi politique majeur\u2009\u00bb et organis\u00e9 ce lundi dans le cadre du sommet Act50.<\/p>\n<p>Sur sa gauche, <a href=\"https:\/\/www.latribune.fr\/entreprises-finance\/industrie\/biens-d-equipement-btp-immobilier\/de-la-vie-de-bureau-a-la-fabrique-de-la-ville-les-enseignements-de-meka-brunel-ex-dg-gecina-916484.html\" target=\"_blank\" rel=\"noopener\">la pr\u00e9sidente de la Fondation Palladio, M\u00e9ka Brunel<\/a>, ex-directrice g\u00e9n\u00e9rale de la fonci\u00e8re de bureaux Gecina, ne dit pas autre chose:\u00a0\u00ab\u2009La crise du logement est dans tous les secteurs. C&rsquo;est la premi\u00e8re fois que je vois cela. Cela va du logement \u00e9tudiant jusqu&rsquo;aux r\u00e9sidences seniors. \u00bb<\/p>\n<p>Le candidat d&rsquo;Horizons, Pierre-Yves Bournazel, se projette, lui, \u00e0 l&rsquo;\u00e9chelle du Grand Paris pour \u00ab\u2009\u00e9tablir une strat\u00e9gie commune\u2009\u00bb \u00e0 condition de \u00ab\u2009renforcer les pouvoirs de la m\u00e9tropole\u2009\u00bb. Soutenu par le patron de Renaissance, Gabriel Attal, il promet un choc d&rsquo;offres avec 60 000 logements suppl\u00e9mentaires gr\u00e2ce \u00e0 un pacte de confiance garanti 100 % paiement des loyers.<\/p>\n","protected":false},"excerpt":{"rendered":"Comment se loger en ville ?\u00a0\u00ab\u2009Le logement est un march\u00e9 tenu par 75 \u00e0 76 % de propri\u00e9taires&hellip;\n","protected":false},"author":2,"featured_media":573395,"comment_status":"","ping_status":"","sticky":false,"template":"","format":"standard","meta":{"footnotes":""},"categories":[1888],"tags":[17,11,61319,33,1777,674,1011,27,17261,1908,3554,12,626,21893,25],"class_list":{"0":"post-573394","1":"post","2":"type-post","3":"status-publish","4":"format-standard","5":"has-post-thumbnail","7":"category-paris","8":"tag-17","9":"tag-actualites","10":"tag-bournazel","11":"tag-economie","12":"tag-eu","13":"tag-europe","14":"tag-fr","15":"tag-france","16":"tag-gregoire","17":"tag-logement","18":"tag-municipales","19":"tag-news","20":"tag-paris","21":"tag-propositions","22":"tag-republique-francaise"},"share_on_mastodon":{"url":"https:\/\/pubeurope.com\/@fr\/115650672989883416","error":""},"_links":{"self":[{"href":"https:\/\/www.europesays.com\/fr\/wp-json\/wp\/v2\/posts\/573394","targetHints":{"allow":["GET"]}}],"collection":[{"href":"https:\/\/www.europesays.com\/fr\/wp-json\/wp\/v2\/posts"}],"about":[{"href":"https:\/\/www.europesays.com\/fr\/wp-json\/wp\/v2\/types\/post"}],"author":[{"embeddable":true,"href":"https:\/\/www.europesays.com\/fr\/wp-json\/wp\/v2\/users\/2"}],"replies":[{"embeddable":true,"href":"https:\/\/www.europesays.com\/fr\/wp-json\/wp\/v2\/comments?post=573394"}],"version-history":[{"count":0,"href":"https:\/\/www.europesays.com\/fr\/wp-json\/wp\/v2\/posts\/573394\/revisions"}],"wp:featuredmedia":[{"embeddable":true,"href":"https:\/\/www.europesays.com\/fr\/wp-json\/wp\/v2\/media\/573395"}],"wp:attachment":[{"href":"https:\/\/www.europesays.com\/fr\/wp-json\/wp\/v2\/media?parent=573394"}],"wp:term":[{"taxonomy":"category","embeddable":true,"href":"https:\/\/www.europesays.com\/fr\/wp-json\/wp\/v2\/categories?post=573394"},{"taxonomy":"post_tag","embeddable":true,"href":"https:\/\/www.europesays.com\/fr\/wp-json\/wp\/v2\/tags?post=573394"}],"curies":[{"name":"wp","href":"https:\/\/api.w.org\/{rel}","templated":true}]}}