{"id":573396,"date":"2025-12-02T15:26:10","date_gmt":"2025-12-02T15:26:10","guid":{"rendered":"https:\/\/www.europesays.com\/fr\/573396\/"},"modified":"2025-12-02T15:26:10","modified_gmt":"2025-12-02T15:26:10","slug":"vladimir-poutine-affirme-que-si-leurope-veut-la-guerre-avec-la-russie-nous-sommes-prets","status":"publish","type":"post","link":"https:\/\/www.europesays.com\/fr\/573396\/","title":{"rendered":"Vladimir Poutine affirme que si l&rsquo;Europe veut la \u00ab\u00a0guerre\u00a0\u00bb avec la Russie, \u00ab\u00a0nous sommes pr\u00eats\u00a0\u00bb"},"content":{"rendered":"<p>Alors que la Russie et l&rsquo;Ukraine sont encore en discussions pour trouver un trait\u00e9 de paix, le pr\u00e9sident russe Vladimir Poutine d\u00e9clar\u00e9 ce mardi 2 d\u00e9cembre que son pays \u00e9tait \u00ab\u00a0pr\u00eat\u00a0\u00bb \u00e0 un conflit arm\u00e9 avec l&rsquo;Europe.<\/p>\n<p>Une d\u00e9claration mena\u00e7ante. En pleins pourparlers avec les forces ukrainiennes dans le cadre d&rsquo;une sortie de conflit, le pr\u00e9sident russe Vladimir Poutine a d\u00e9clar\u00e9 ce mardi 2 d\u00e9cembre que son pays \u00e9tait \u00ab\u00a0pr\u00eat\u00a0\u00bb si l&rsquo;Europe \u00ab\u00a0veut la guerre\u00a0\u00bb.<\/p>\n<p><strong>&gt;&gt;&gt; Plus d&rsquo;informations \u00e0 venir sur BFMTV.com.<\/strong><\/p>\n<p>Partager <\/p>\n","protected":false},"excerpt":{"rendered":"Alors que la Russie et l&rsquo;Ukraine sont encore en discussions pour trouver un trait\u00e9 de paix, le pr\u00e9sident&hellip;\n","protected":false},"author":2,"featured_media":573397,"comment_status":"","ping_status":"","sticky":false,"template":"","format":"standard","meta":{"footnotes":""},"categories":[1591],"tags":[11,1887,12,1885,1886,132],"class_list":{"0":"post-573396","1":"post","2":"type-post","3":"status-publish","4":"format-standard","5":"has-post-thumbnail","7":"category-russie","8":"tag-actualites","9":"tag-federation-de-russie","10":"tag-news","11":"tag-russia","12":"tag-russian-federation","13":"tag-russie"},"share_on_mastodon":{"url":"https:\/\/pubeurope.com\/@fr\/115650676905469180","error":""},"_links":{"self":[{"href":"https:\/\/www.europesays.com\/fr\/wp-json\/wp\/v2\/posts\/573396","targetHints":{"allow":["GET"]}}],"collection":[{"href":"https:\/\/www.europesays.com\/fr\/wp-json\/wp\/v2\/posts"}],"about":[{"href":"https:\/\/www.europesays.com\/fr\/wp-json\/wp\/v2\/types\/post"}],"author":[{"embeddable":true,"href":"https:\/\/www.europesays.com\/fr\/wp-json\/wp\/v2\/users\/2"}],"replies":[{"embeddable":true,"href":"https:\/\/www.europesays.com\/fr\/wp-json\/wp\/v2\/comments?post=573396"}],"version-history":[{"count":0,"href":"https:\/\/www.europesays.com\/fr\/wp-json\/wp\/v2\/posts\/573396\/revisions"}],"wp:featuredmedia":[{"embeddable":true,"href":"https:\/\/www.europesays.com\/fr\/wp-json\/wp\/v2\/media\/573397"}],"wp:attachment":[{"href":"https:\/\/www.europesays.com\/fr\/wp-json\/wp\/v2\/media?parent=573396"}],"wp:term":[{"taxonomy":"category","embeddable":true,"href":"https:\/\/www.europesays.com\/fr\/wp-json\/wp\/v2\/categories?post=573396"},{"taxonomy":"post_tag","embeddable":true,"href":"https:\/\/www.europesays.com\/fr\/wp-json\/wp\/v2\/tags?post=573396"}],"curies":[{"name":"wp","href":"https:\/\/api.w.org\/{rel}","templated":true}]}}