{"id":573405,"date":"2025-12-02T15:31:21","date_gmt":"2025-12-02T15:31:21","guid":{"rendered":"https:\/\/www.europesays.com\/fr\/573405\/"},"modified":"2025-12-02T15:31:21","modified_gmt":"2025-12-02T15:31:21","slug":"si-leurope-veut-la-guerre-avec-la-russie-nous-sommes-prets-la-derniere-mise-en-garde-de-vladimir-poutine","status":"publish","type":"post","link":"https:\/\/www.europesays.com\/fr\/573405\/","title":{"rendered":"Si l\u2019Europe veut la \u00ab\u00a0guerre\u00a0\u00bb avec la Russie, \u00ab\u00a0nous sommes pr\u00eats\u00a0\u00bb\u00a0: la derni\u00e8re mise en garde de Vladimir Poutine"},"content":{"rendered":"<p class=\"paragraph text_align_left lp-f-body-02\">Avant de rencontrer l\u2019\u00e9missaire de Donald Trump Steve Witkoff \u00e0 Moscou ce mardi 2\u00a0d\u00e9cembre, <a href=\"https:\/\/www.leparisien.fr\/international\/vladimir-poutine\/\" target=\"_self\" rel=\"noopener\">le pr\u00e9sident russe Vladimir Poutine<\/a> a pris la parole en ouverture du forum \u00e9conomique \u00ab\u00a0La Russie vous appelle\u00a0!\u00a0\u00bb Dans un discours retranscrit partiellement par l\u2019agence d\u2019\u00c9tat Tass, le chef du Kremlin a notamment mis en garde l\u2019Union europ\u00e9enne, qui \u00ab\u00a0fait des propositions inacceptables\u00a0\u00bb dans le cadre des n\u00e9gociations sur la fin de la guerre en Ukraine. Si l\u2019Europe veut la \u00ab\u00a0guerre\u00a0\u00bb avec la Russie, \u00ab\u00a0nous sommes pr\u00eats\u00a0\u00bb, a lanc\u00e9 le pr\u00e9sident russe. <\/p>\n<p class=\"paragraph text_align_left lp-f-body-02\">\u00ab Nous n\u2019avons pas l\u2019intention de faire la guerre \u00e0 l\u2019Europe, mais si l\u2019Europe le souhaite et commence, nous sommes pr\u00eats d\u00e8s maintenant \u00bb, a dit Vladimir Poutine. <\/p>\n<p class=\"paragraph text_align_left lp-f-body-02\">Pour lui, les Europ\u00e9ens, <a href=\"https:\/\/www.leparisien.fr\/international\/ukraine\/un-homme-manipulable-comment-les-europeens-tentent-dinflechir-la-position-de-trump-sur-lukraine-24-11-2025-NLCBCAUNZRHEZK6BORNVCKETQA.php\" target=\"_self\" rel=\"noopener\">critiques du plan de paix port\u00e9 par Donald Trump<\/a>, \u00ab\u00a0emp\u00eachent\u00a0\u00bb les efforts am\u00e9ricains visant \u00e0 mettre fin \u00e0 l\u2019affrontement entre Kiev et Moscou. \u00ab\u00a0Ils n\u2019ont pas de programme de paix, ils sont du c\u00f4t\u00e9 de la guerre\u00a0\u00bb, a-t-il ajout\u00e9.<\/p>\n<p class=\"paragraph text_align_left lp-f-body-02\"><b>&gt;\u00a0Plus d\u2019information \u00e0 venir\u2026<\/b><\/p>\n","protected":false},"excerpt":{"rendered":"Avant de rencontrer l\u2019\u00e9missaire de Donald Trump Steve Witkoff \u00e0 Moscou ce mardi 2\u00a0d\u00e9cembre, le pr\u00e9sident russe Vladimir&hellip;\n","protected":false},"author":2,"featured_media":573406,"comment_status":"","ping_status":"","sticky":false,"template":"","format":"standard","meta":{"footnotes":""},"categories":[1586],"tags":[11,1777,674,1011,27,14,12,25,220],"class_list":{"0":"post-573405","1":"post","2":"type-post","3":"status-publish","4":"format-standard","5":"has-post-thumbnail","7":"category-europe","8":"tag-actualites","9":"tag-eu","10":"tag-europe","11":"tag-fr","12":"tag-france","13":"tag-international","14":"tag-news","15":"tag-republique-francaise","16":"tag-ukraine"},"share_on_mastodon":{"url":"https:\/\/pubeurope.com\/@fr\/115650696556228446","error":""},"_links":{"self":[{"href":"https:\/\/www.europesays.com\/fr\/wp-json\/wp\/v2\/posts\/573405","targetHints":{"allow":["GET"]}}],"collection":[{"href":"https:\/\/www.europesays.com\/fr\/wp-json\/wp\/v2\/posts"}],"about":[{"href":"https:\/\/www.europesays.com\/fr\/wp-json\/wp\/v2\/types\/post"}],"author":[{"embeddable":true,"href":"https:\/\/www.europesays.com\/fr\/wp-json\/wp\/v2\/users\/2"}],"replies":[{"embeddable":true,"href":"https:\/\/www.europesays.com\/fr\/wp-json\/wp\/v2\/comments?post=573405"}],"version-history":[{"count":0,"href":"https:\/\/www.europesays.com\/fr\/wp-json\/wp\/v2\/posts\/573405\/revisions"}],"wp:featuredmedia":[{"embeddable":true,"href":"https:\/\/www.europesays.com\/fr\/wp-json\/wp\/v2\/media\/573406"}],"wp:attachment":[{"href":"https:\/\/www.europesays.com\/fr\/wp-json\/wp\/v2\/media?parent=573405"}],"wp:term":[{"taxonomy":"category","embeddable":true,"href":"https:\/\/www.europesays.com\/fr\/wp-json\/wp\/v2\/categories?post=573405"},{"taxonomy":"post_tag","embeddable":true,"href":"https:\/\/www.europesays.com\/fr\/wp-json\/wp\/v2\/tags?post=573405"}],"curies":[{"name":"wp","href":"https:\/\/api.w.org\/{rel}","templated":true}]}}