{"id":573407,"date":"2025-12-02T15:32:11","date_gmt":"2025-12-02T15:32:11","guid":{"rendered":"https:\/\/www.europesays.com\/fr\/573407\/"},"modified":"2025-12-02T15:32:11","modified_gmt":"2025-12-02T15:32:11","slug":"lue-freinee-dans-ses-objectifs-solaires-par-sa-strategie-sans-chine-montel-news","status":"publish","type":"post","link":"https:\/\/www.europesays.com\/fr\/573407\/","title":{"rendered":"L\u2019UE frein\u00e9e dans ses objectifs solaires par sa strat\u00e9gie sans Chine | Montel News"},"content":{"rendered":"<p class=\"article__lead\">\n        (Montel) L\u2019UE doit revoir son r\u00e8glement pour une industrie neutre en carbone (NZIA en initiales anglaises), qui vise \u00e0 restreindre l&rsquo;importation de produits fabriqu\u00e9s en Chine, sous peine de manquer ses objectifs solaires et de voir les co\u00fbts des projets s\u2019envoler, ont averti cette semaine plusieurs experts du secteur interrog\u00e9s par Montel.\n      <\/p>\n<p>\t\t\t\t\t\tSign up to access:<\/p>\n<ul class=\"feature-list__list\">\n<li class=\"feature-list__item\">Unrivalled insights from Europe&rsquo;s largest team of 50 dedicated energy journalists.<\/li>\n<li class=\"feature-list__item\">A curated daily selection of the top energy reports in seven languages from our network of European news desks.<\/li>\n<\/ul>\n","protected":false},"excerpt":{"rendered":"(Montel) L\u2019UE doit revoir son r\u00e8glement pour une industrie neutre en carbone (NZIA en initiales anglaises), qui vise&hellip;\n","protected":false},"author":2,"featured_media":573408,"comment_status":"","ping_status":"","sticky":false,"template":"","format":"standard","meta":{"footnotes":""},"categories":[1586],"tags":[11,1777,674,1779,1011,27,12,25,1778,364],"class_list":{"0":"post-573407","1":"post","2":"type-post","3":"status-publish","4":"format-standard","5":"has-post-thumbnail","7":"category-europe","8":"tag-actualites","9":"tag-eu","10":"tag-europe","11":"tag-european-union","12":"tag-fr","13":"tag-france","14":"tag-news","15":"tag-republique-francaise","16":"tag-ue","17":"tag-union-europeenne"},"share_on_mastodon":{"url":"https:\/\/pubeurope.com\/@fr\/115650700575671475","error":""},"_links":{"self":[{"href":"https:\/\/www.europesays.com\/fr\/wp-json\/wp\/v2\/posts\/573407","targetHints":{"allow":["GET"]}}],"collection":[{"href":"https:\/\/www.europesays.com\/fr\/wp-json\/wp\/v2\/posts"}],"about":[{"href":"https:\/\/www.europesays.com\/fr\/wp-json\/wp\/v2\/types\/post"}],"author":[{"embeddable":true,"href":"https:\/\/www.europesays.com\/fr\/wp-json\/wp\/v2\/users\/2"}],"replies":[{"embeddable":true,"href":"https:\/\/www.europesays.com\/fr\/wp-json\/wp\/v2\/comments?post=573407"}],"version-history":[{"count":0,"href":"https:\/\/www.europesays.com\/fr\/wp-json\/wp\/v2\/posts\/573407\/revisions"}],"wp:featuredmedia":[{"embeddable":true,"href":"https:\/\/www.europesays.com\/fr\/wp-json\/wp\/v2\/media\/573408"}],"wp:attachment":[{"href":"https:\/\/www.europesays.com\/fr\/wp-json\/wp\/v2\/media?parent=573407"}],"wp:term":[{"taxonomy":"category","embeddable":true,"href":"https:\/\/www.europesays.com\/fr\/wp-json\/wp\/v2\/categories?post=573407"},{"taxonomy":"post_tag","embeddable":true,"href":"https:\/\/www.europesays.com\/fr\/wp-json\/wp\/v2\/tags?post=573407"}],"curies":[{"name":"wp","href":"https:\/\/api.w.org\/{rel}","templated":true}]}}