{"id":573416,"date":"2025-12-02T15:39:10","date_gmt":"2025-12-02T15:39:10","guid":{"rendered":"https:\/\/www.europesays.com\/fr\/573416\/"},"modified":"2025-12-02T15:39:10","modified_gmt":"2025-12-02T15:39:10","slug":"atp-holger-rune-devient-enfin-raisonnable","status":"publish","type":"post","link":"https:\/\/www.europesays.com\/fr\/573416\/","title":{"rendered":"ATP > Holger Rune devient enfin raisonnable !"},"content":{"rendered":"<p><a href=\"https:\/\/www.welovetennis.fr\/atp\/rune-blesse-et-a-cloche-pied-a-lentrainement-on-frole-le-ridicule\" data-wpel-link=\"internal\" target=\"_blank\" rel=\"noopener\">R\u00e9cemment apparu en train de taper la balle, \u00e0 cloche\u2010pied, botte ortho\u00adp\u00e9\u00addique au pied<\/a>, Holger Rune a re\u00e7u <a href=\"https:\/\/www.welovetennis.fr\/atp\/rune-recadre-par-marco-panichi-son-nouveau-preparateur-physique-nous-avons-remis-de-lordre-holger-a-toujours-tendance-a-donner-le-maximum-mais-quand-il-faut-recuperer-il-faut-de-la-disciplin\" data-wpel-link=\"internal\" target=\"_blank\" rel=\"noopener\">une mise en garde de son pr\u00e9pa\u00adra\u00adteur physique<\/a>, Marco Panichi, pass\u00e9 notam\u00adment par les \u00e9quipes de Novak Djokovic et Jannik Sinner\u00a0: \u00ab\u202fNous avons remis de l\u2019ordre. Holger a toujours tendance \u00e0 donner le maximum, mais lorsqu\u2019il faut r\u00e9cu\u00adp\u00e9rer, il faut de la discipline.\u202f\u00bb<\/p>\n<p>Un reca\u00addrage qui semble avoir port\u00e9 ses fruits. L\u2019actuel 15e joueur mondial, victime d\u2019une rupture totale du tendon d\u2019Achille, para\u00eet avoir renonc\u00e9 \u00e0 br\u00fbler les \u00e9tapes. Il a r\u00e9cem\u00adment \u00e9t\u00e9 film\u00e9 marchant tr\u00e8s douce\u00adment, aid\u00e9 de b\u00e9quilles. Des images en net contraste avec celles des derni\u00e8res semaines.\u00a0<\/p>\n<blockquote class=\"twitter-tweet\">\n<p lang=\"en\" dir=\"ltr\">Holger via his IG, yeeeesss !!!<\/p>\n<p>He\u2019s star\u00adting to walk again, step by step, little by little, during his reha\u00adbi\u00adli\u00adta\u00adtion !! <br \/>I\u2019m so happy to see this, vamoosss !! \ud83e\udd0d<\/p>\n<p>\u201cWalking into December \ud83c\udfcb\ufe0f\u200d\u2642\ufe0f\u201d <a href=\"https:\/\/twitter.com\/holgerrune2003?ref_src=twsrc%5Etfw\" data-wpel-link=\"external\" target=\"_blank\" rel=\"nofollow external noopener\">@holgerrune2003<\/a> <a href=\"https:\/\/t.co\/Js4L91qBkC\" data-wpel-link=\"external\" target=\"_blank\" rel=\"nofollow external noopener\">pic.twitter.com\/Js4L91qBkC<\/a><\/p>\n<p>\u2014 PrinceHolger (@PrinceHolger_) <a href=\"https:\/\/twitter.com\/PrinceHolger_\/status\/1995808823584378911?ref_src=twsrc%5Etfw\" data-wpel-link=\"external\" target=\"_blank\" rel=\"nofollow external noopener\">December 2,\u00a02025<\/a><\/p><\/blockquote>\n<p>De quoi sans doute rassurer les fans du jeune Danois\u2026<\/p>\n<p class=\"post-published-date\" style=\"color: silver; font-size: 75%; text-align: left;\">Publi\u00e9 le mardi 2 d\u00e9cembre 2025 \u00e0 13:59<\/p>\n<p><script async src=\"https:\/\/platform.twitter.com\/widgets.js\" charset=\"utf-8\"><\/script><\/p>\n","protected":false},"excerpt":{"rendered":"R\u00e9cemment apparu en train de taper la balle, \u00e0 cloche\u2010pied, botte ortho\u00adp\u00e9\u00addique au pied, Holger Rune a re\u00e7u&hellip;\n","protected":false},"author":2,"featured_media":145403,"comment_status":"","ping_status":"","sticky":false,"template":"","format":"standard","meta":{"footnotes":""},"categories":[1415],"tags":[105,1011,27,2127,60,1467],"class_list":{"0":"post-573416","1":"post","2":"type-post","3":"status-publish","4":"format-standard","5":"has-post-thumbnail","7":"category-tennis","8":"tag-djokovic","9":"tag-fr","10":"tag-france","11":"tag-sinner","12":"tag-sports","13":"tag-tennis"},"share_on_mastodon":{"url":"https:\/\/pubeurope.com\/@fr\/115650727963810528","error":""},"_links":{"self":[{"href":"https:\/\/www.europesays.com\/fr\/wp-json\/wp\/v2\/posts\/573416","targetHints":{"allow":["GET"]}}],"collection":[{"href":"https:\/\/www.europesays.com\/fr\/wp-json\/wp\/v2\/posts"}],"about":[{"href":"https:\/\/www.europesays.com\/fr\/wp-json\/wp\/v2\/types\/post"}],"author":[{"embeddable":true,"href":"https:\/\/www.europesays.com\/fr\/wp-json\/wp\/v2\/users\/2"}],"replies":[{"embeddable":true,"href":"https:\/\/www.europesays.com\/fr\/wp-json\/wp\/v2\/comments?post=573416"}],"version-history":[{"count":0,"href":"https:\/\/www.europesays.com\/fr\/wp-json\/wp\/v2\/posts\/573416\/revisions"}],"wp:featuredmedia":[{"embeddable":true,"href":"https:\/\/www.europesays.com\/fr\/wp-json\/wp\/v2\/media\/145403"}],"wp:attachment":[{"href":"https:\/\/www.europesays.com\/fr\/wp-json\/wp\/v2\/media?parent=573416"}],"wp:term":[{"taxonomy":"category","embeddable":true,"href":"https:\/\/www.europesays.com\/fr\/wp-json\/wp\/v2\/categories?post=573416"},{"taxonomy":"post_tag","embeddable":true,"href":"https:\/\/www.europesays.com\/fr\/wp-json\/wp\/v2\/tags?post=573416"}],"curies":[{"name":"wp","href":"https:\/\/api.w.org\/{rel}","templated":true}]}}