{"id":573419,"date":"2025-12-02T15:44:16","date_gmt":"2025-12-02T15:44:16","guid":{"rendered":"https:\/\/www.europesays.com\/fr\/573419\/"},"modified":"2025-12-02T15:44:16","modified_gmt":"2025-12-02T15:44:16","slug":"une-premiere-signature-a-lorigine-dune-pluie-darrivees-en-janvier","status":"publish","type":"post","link":"https:\/\/www.europesays.com\/fr\/573419\/","title":{"rendered":"Une premi\u00e8re signature \u00e0 l&rsquo;origine d&rsquo;une pluie d&rsquo;arriv\u00e9es en janvier ?"},"content":{"rendered":"<p>                                            Publi\u00e9 le 02\/12\/2025 \u00e0 12h16<br \/>\n                                                                                3 minutes de lecture\n                                                                    <\/p>\n<p>F\u00e9ru de sport et plus particuli\u00e8rement de ballon rond depuis ma plus tendre enfance.<\/p>\n<p>                                            Lire la suite<\/p>\n<p>L\u00a0\u00bbOlympique de Marseille vient de franchir une \u00e9tape d\u00e9cisive dans la restructuration de sa cellule de recrutement en s&rsquo;attachant les services de <strong>Riccardo Polacco<\/strong>, qui a officiellement confirm\u00e9 son arriv\u00e9e via son profil LinkedIn. Cette nomination strat\u00e9gique intervient \u00e0 un moment charni\u00e8re pour le club phoc\u00e9en, qui cherche \u00e0 moderniser et professionnaliser davantage ses m\u00e9thodes de d\u00e9tection de talents. L&rsquo;arriv\u00e9e de ce sp\u00e9cialiste du scouting europ\u00e9en s&rsquo;inscrit dans une d\u00e9marche globale visant \u00e0 <strong>structurer s\u00e9rieusement la cellule de recrutement<\/strong> et \u00e0 donner une nouvelle impulsion aux futures campagnes de transferts. Le timing de cette annonce n&rsquo;est pas anodin, survenant apr\u00e8s une p\u00e9riode de transition importante au sein du staff dirigeant marseillais. Cette nomination t\u00e9moigne de l&rsquo;ambition renouvel\u00e9e de la direction olympienne de <strong>construire un projet sportif durable<\/strong> et comp\u00e9titif au plus haut niveau europ\u00e9en.<\/p>\n<p>                                <img decoding=\"async\" src=\"https:\/\/www.europesays.com\/fr\/wp-content\/uploads\/2025\/04\/1744123449_543_logo.png\" alt=\"Logo\"\/><\/p>\n<p>100\u20ac offerts sur ton 1er pari !<\/p>\n<p>                            <a href=\"https:\/\/www.score.fr\/redirection\/1\/\" class=\"headband-button\" target=\"_blank\" rel=\"noopener\">J&rsquo;en profite<\/a><\/p>\n<p>                                                                <img loading=\"lazy\" decoding=\"async\" src=\"https:\/\/www.europesays.com\/fr\/wp-content\/uploads\/2025\/12\/mercato-om-une-premiere-signature-a-l-origine-d-une-pluie-d-arrivees-en-janvier.jpg\" alt=\"Illustration : &quot;Mercato OM : Une premi\u00e8re signature \u00e0 l'origine d'une pluie d'arriv\u00e9es en janvier ?&quot;\" class=\"figure-img img-fluid\" width=\"780\" height=\"478\"\/><\/p>\n<p>                                    \u00a9 Site officiel de l&rsquo;OM                                <\/p>\n<p>Un profil d&rsquo;exception forg\u00e9 dans les clubs europ\u00e9ens<\/p>\n<p><strong>Riccardo Polacco<\/strong> d\u00e9barque \u00e0 Marseille avec un bagage professionnel particuli\u00e8rement solide, ayant fait ses armes dans plusieurs institutions reconnues du football europ\u00e9en. Son parcours a d\u00e9but\u00e9 en <strong>2017 \u00e0 l&rsquo;acad\u00e9mie de Southampton<\/strong>, o\u00f9 il a acquis une expertise pr\u00e9cieuse dans la d\u00e9tection de jeunes talents et la compr\u00e9hension des m\u00e9canismes du football anglais. Cette exp\u00e9rience formatrice lui a permis de d\u00e9velopper une vision moderne du scouting, alliant analyse technique traditionnelle et nouvelles technologies. Par la suite, son passage \u00e0 l&rsquo;<strong>AC Monza comme responsable du scouting<\/strong> lui a offert l&rsquo;opportunit\u00e9 d&rsquo;approfondir sa connaissance du football italien et de perfectionner ses m\u00e9thodes de travail. Cette double culture footballistique, anglo-italienne, repr\u00e9sente un atout consid\u00e9rable pour l&rsquo;OM qui souhaite \u00e9largir son r\u00e9seau de recrutement \u00e0 l&rsquo;\u00e9chelle europ\u00e9enne. Son profil correspond parfaitement \u00e0 la strat\u00e9gie d&rsquo;<strong>italianisation du club<\/strong>, qui mise sur des cadres exp\u00e9riment\u00e9s capables de porter un projet ambitieux \u00e0 long terme.<\/p>\n<p>Une mission strat\u00e9gique pour transformer le mercato marseillais<\/p>\n<p>La nomination de Polacco au poste de <strong>chef scout<\/strong> s&rsquo;accompagne d&rsquo;objectifs clairement d\u00e9finis : superviser la d\u00e9tection de talents et renforcer substantiellement la strat\u00e9gie de recrutement du club. Dans son message d&rsquo;annonce sur LinkedIn, le nouveau responsable s&rsquo;est montr\u00e9 particuli\u00e8rement enthousiaste, d\u00e9clarant \u00eatre \u00ab\u00a0honor\u00e9 et enthousiaste de commencer mon parcours avec l&rsquo;Olympique de Marseille en tant que chef scout. J&rsquo;ai h\u00e2te de contribuer \u00e0 ce club incroyable ! Droit au but !\u00a0\u00bb Cette d\u00e9claration refl\u00e8te sa d\u00e9termination \u00e0 s&rsquo;investir pleinement dans sa nouvelle mission. Son r\u00f4le consistera \u00e0 <strong>identifier les profils correspondant aux besoins sp\u00e9cifiques<\/strong> de l&rsquo;\u00e9quipe, en collaboration \u00e9troite avec l&rsquo;entra\u00eeneur et la direction sportive. L&rsquo;expertise qu&rsquo;il a d\u00e9velopp\u00e9e dans le scouting europ\u00e9en devrait permettre \u00e0 l&rsquo;OM d&rsquo;\u00e9largir consid\u00e9rablement son champ de prospection et d&rsquo;anticiper plus efficacement les opportunit\u00e9s du march\u00e9 des transferts. Sa capacit\u00e9 \u00e0 <strong>d\u00e9nicher les bons profils<\/strong> et \u00e0 anticiper les besoins du groupe constituera un \u00e9l\u00e9ment d\u00e9terminant pour le succ\u00e8s de cette nouvelle organisation.<\/p>\n<p>Un signal fort pour l&rsquo;avenir du projet marseillais<\/p>\n<p>Cette arriv\u00e9e intervient dans un contexte de <strong>r\u00e9organisation profonde du staff dirigeant<\/strong>, marqu\u00e9 notamment par le d\u00e9part de l&rsquo;ancien responsable recrutement et l&rsquo;int\u00e9gration d&rsquo;un directeur sportif adjoint. L&rsquo;OM semble ainsi remettre les pendules \u00e0 l&rsquo;heure dans sa course vers le haut niveau europ\u00e9en, en s&rsquo;appuyant sur des comp\u00e9tences reconnues et une vision moderne du recrutement. Si Polacco parvient \u00e0 s&rsquo;appuyer efficacement sur le staff existant et \u00e0 cr\u00e9er une synergie productive avec l&rsquo;ensemble des acteurs du projet sportif, l&rsquo;OM pourrait bien <strong>lancer un virage important lors du prochain mercato<\/strong>. Cette nomination repr\u00e9sente un investissement dans l&rsquo;avenir, t\u00e9moignant de la volont\u00e9 du club de se doter des outils n\u00e9cessaires pour rivaliser durablement avec les meilleures \u00e9quipes europ\u00e9ennes et construire un effectif comp\u00e9titif sur le long terme.<\/p>\n<p dir=\"ltr\" style=\"line-height:1.38;margin-top:12pt;margin-bottom:12pt;\">Ce vendredi 5 d\u00e9cembre, l\u2019OM d\u00e9fie le LOSC au Stade Pierre Mauroy pour se relancer dans la course \u00e0 la premi\u00e8re place de Ligue 1. \u00c0 cette occasion, profitez de 100\u20ac offerts pour votre premi\u00e8re inscription sur Parions Sport en Ligne.<a href=\"https:\/\/www.score.fr\/redirection\/1\/\" style=\"text-decoration-line: none;\" target=\"_blank\" rel=\"noopener\"> Une victoire de l\u2019OM face \u00e0 Lille sur le score de 1-2, 1-3 ou 1-4 vous rapporte jusqu\u2019\u00e0 510\u20ac !<\/a><\/p>\n<p dir=\"ltr\" style=\"line-height:1.38;margin-top:12pt;margin-bottom:12pt;\">Pour en profiter, c\u2019est tr\u00e8s simple :<\/p>\n<p dir=\"ltr\" style=\"line-height:1.38;margin-top:12pt;margin-bottom:12pt;\">&#8211; Cr\u00e9ez votre compte joueur en seulement 2 \u00e9tapes <a href=\"https:\/\/www.score.fr\/redirection\/1\/\" style=\"text-decoration-line: none;\" target=\"_blank\" rel=\"noopener\">ici<\/a><\/p>\n<p dir=\"ltr\" style=\"line-height:1.38;margin-top:12pt;margin-bottom:12pt;\">&#8211; R\u00e9alisez votre 1er d\u00e9p\u00f4t puis placez votre 1er pari (Minimum 5\u20ac)<\/p>\n<p dir=\"ltr\" style=\"line-height:1.38;margin-top:12pt;margin-bottom:12pt;\">&#8211; Une fois votre 1er d\u00e9p\u00f4t et votre 1er pari r\u00e9alis\u00e9s, l\u2019int\u00e9gralit\u00e9 du montant de ce 1er pari sera cr\u00e9dit\u00e9e sur votre compte joueur dans la limite de 100\u20ac maximum et sous la forme de cr\u00e9dits de jeu non retirables. Le cr\u00e9dit s\u2019effectuera alors en une seule \u00e9tape et sous 3 jours<\/p>\n<p dir=\"ltr\" style=\"line-height:1.38;margin-top:12pt;margin-bottom:12pt;\">Jouer comporte des risques : endettement, d\u00e9pendance\u2026 Appelez le 09 74 75 13 13 (appel non surtax\u00e9)<\/p>\n","protected":false},"excerpt":{"rendered":"Publi\u00e9 le 02\/12\/2025 \u00e0 12h16 3 minutes de lecture F\u00e9ru de sport et plus particuli\u00e8rement de ballon rond&hellip;\n","protected":false},"author":2,"featured_media":573420,"comment_status":"","ping_status":"","sticky":false,"template":"","format":"standard","meta":{"footnotes":""},"categories":[1410],"tags":[63,1011,27,60],"class_list":{"0":"post-573419","1":"post","2":"type-post","3":"status-publish","4":"format-standard","5":"has-post-thumbnail","7":"category-football","8":"tag-football","9":"tag-fr","10":"tag-france","11":"tag-sports"},"share_on_mastodon":{"url":"https:\/\/pubeurope.com\/@fr\/115650748035741171","error":""},"_links":{"self":[{"href":"https:\/\/www.europesays.com\/fr\/wp-json\/wp\/v2\/posts\/573419","targetHints":{"allow":["GET"]}}],"collection":[{"href":"https:\/\/www.europesays.com\/fr\/wp-json\/wp\/v2\/posts"}],"about":[{"href":"https:\/\/www.europesays.com\/fr\/wp-json\/wp\/v2\/types\/post"}],"author":[{"embeddable":true,"href":"https:\/\/www.europesays.com\/fr\/wp-json\/wp\/v2\/users\/2"}],"replies":[{"embeddable":true,"href":"https:\/\/www.europesays.com\/fr\/wp-json\/wp\/v2\/comments?post=573419"}],"version-history":[{"count":0,"href":"https:\/\/www.europesays.com\/fr\/wp-json\/wp\/v2\/posts\/573419\/revisions"}],"wp:featuredmedia":[{"embeddable":true,"href":"https:\/\/www.europesays.com\/fr\/wp-json\/wp\/v2\/media\/573420"}],"wp:attachment":[{"href":"https:\/\/www.europesays.com\/fr\/wp-json\/wp\/v2\/media?parent=573419"}],"wp:term":[{"taxonomy":"category","embeddable":true,"href":"https:\/\/www.europesays.com\/fr\/wp-json\/wp\/v2\/categories?post=573419"},{"taxonomy":"post_tag","embeddable":true,"href":"https:\/\/www.europesays.com\/fr\/wp-json\/wp\/v2\/tags?post=573419"}],"curies":[{"name":"wp","href":"https:\/\/api.w.org\/{rel}","templated":true}]}}