{"id":573423,"date":"2025-12-02T15:46:18","date_gmt":"2025-12-02T15:46:18","guid":{"rendered":"https:\/\/www.europesays.com\/fr\/573423\/"},"modified":"2025-12-02T15:46:18","modified_gmt":"2025-12-02T15:46:18","slug":"connu-pour-ses-immenses-fresques-participatives-cet-artiste-fait-un-vide-atelier","status":"publish","type":"post","link":"https:\/\/www.europesays.com\/fr\/573423\/","title":{"rendered":"connu pour ses immenses fresques participatives, cet artiste fait un vide-atelier"},"content":{"rendered":"<p>                    Par<br \/>\n        <strong><br \/>\n            <a href=\"https:\/\/actu.fr\/auteur\/nancy-faucon\" title=\"Consulter tous les articles de Nancy Faucon\" target=\"_blank\" rel=\"noopener\">Nancy Faucon<\/a><br \/>\n                    <\/strong><\/p>\n<p>        Publi\u00e9 le<\/p>\n<p>            1 d\u00e9c. 2025 \u00e0 19h54        <\/p>\n<p>Si vous ne connaissez pas son visage ou son nom, c\u2019est peut-\u00eatre par ses \u0153uvres aper\u00e7ues sur des b\u00e2timents ou par celles r\u00e9alis\u00e9es avec des habitants via l\u2019association qu\u2019il a cr\u00e9\u00e9e que l\u2019artiste <b>Jeremi Ca<\/b> va vous \u00e9voquer quelque chose. Et, \u00e0 coup s\u00fbr, ce sera color\u00e9.\u00a0<\/p>\n<p>L\u2019artiste\u00a0<\/p>\n<p class=\" wall-content\">Artiste peintre depuis 18 ans, install\u00e9 \u00e0 <a href=\"https:\/\/actu.fr\/bretagne\/lanvallay_22118\" target=\"_blank\" rel=\"noopener\">Lanvallay<\/a> (C\u00f4tes-d\u2019Armor) depuis sept, J\u00e9r\u00e9my Caill\u00e9 de son vrai nom est un homme aux multiples casquettes.\u00a0<\/p>\n<p class=\" wall-content\">Dans sa production personnelle, le quadrag\u00e9naire est un <b>inlassable chercheur<\/b> qu\u2019un travail sur la ligne de couleur et les <b>illusions<\/b> d\u2019optique<b> <\/b>principalement a monopolis\u00e9 cette derni\u00e8re d\u00e9cennie.<\/p>\n<p class=\" wall-content\">Des recherches absorbantes, presque obsessionnelles, desquelles le professionnel tout \u00e0 la fois curieux de rencontres et d\u2019\u00e9changes a eu besoin de s\u2019extirper.<\/p>\n<p>L\u2019association Couleurs\u00a0<\/p>\n<p class=\" wall-content\">En cr\u00e9ant l\u2019<a href=\"https:\/\/actu.fr\/bretagne\/lanvallay_22118\/exposition-photo-a-lanvallay-des-couleurs-et-de-la-solidarite-au-jardin-public_61806918.html\" target=\"_blank\" rel=\"noopener\">association Couleurs<\/a> par exemple, n\u00e9e en 2020 \u00e0 Lanvallay o\u00f9, dit-il, il a trouv\u00e9 \u00ab\u00a0une commune tr\u00e8s ouverte, o\u00f9 on peut exp\u00e9rimenter\u00a0\u00bb.<\/p>\n<p class=\" wall-content\">Plusieurs fois d\u00e9j\u00e0, ses <b>habitants<\/b> ont \u00e9t\u00e9 invit\u00e9s \u00e0 laisser parler leur imagination sur le mur arri\u00e8re de tribunes et dans l\u2019un des quartiers de Lanvallay, c\u2019est un projet de totems nomm\u00e9 Lann Balao, men\u00e9 avec le CCAS et un autre artiste qui a impliqu\u00e9 les r\u00e9sidents dans la mise en couleur de poteaux sculpt\u00e9s.<\/p>\n<blockquote class=\"ac-article-quote wall-content\">\n<p>Faire peindre les gens c\u2019est quelque chose dont j\u2019avais envie depuis longtemps.<\/p>\n<p>Jeremi Ca, artiste<\/p><\/blockquote>\n<p class=\" wall-content\">L\u2019association intervient aussi bien pour des communes donc que dans les \u00e9coles, coll\u00e8ges, Maisons d\u2019accueil sp\u00e9cialis\u00e9es, dans les ESAT.\u00a0<\/p>\n<p>Votre r\u00e9gion, votre actu !<\/p>\n<p>Recevez chaque jour les infos qui comptent pour vous.<\/p>\n<p>\t<a href=\"https:\/\/actu.fr\/newsletter\" class=\"ac-btn ac-btn--corner ac-btn--medium ac-btn--blue800\" target=\"_blank\" rel=\"noopener\">S&rsquo;incrire<\/a><\/p>\n<blockquote class=\"ac-article-quote wall-content\">\n<p>A travers l\u2019art on peut aborder tous les sujets.\u00a0<\/p>\n<p>Jeremi Ca<\/p><\/blockquote>\n<p>\u00ab\u00a0150 \u00e0 200 personnes pr\u00eates \u00e0 peindre ensemble\u00a0\u00bb<\/p>\n<p class=\" wall-content\">En parall\u00e8le, Jeremi Ca se rend aussi dans des <b>entreprises<\/b> pour des missions de<b> team building<\/b>, du travail sur la coh\u00e9sion de groupe, cette fois avec une autre entit\u00e9, Couleurs and Co.<\/p>\n<p class=\" wall-content\">\u00ab\u00a0Ce sont plut\u00f4t de grosses entreprises qui font appel \u00e0 moi\u00a0\u00bb sur une dur\u00e9e souvent tr\u00e8s courte. \u00ab\u00a0Deux heures, c\u2019est ce qui est souvent retenu.\u00a0\u00bb<\/p>\n<p class=\" wall-content\">Un vrai d\u00e9fi pour lequel il s\u2019associe avec d\u2019autres artistes autour d\u2019un th\u00e8me qui va devoir, sous sa houlette tel un chef d\u2019orchestre, \u00ab\u00a0f\u00e9d\u00e9rer 150 \u00e0 200 personnes pr\u00eates \u00e0 peindre ensemble\u00a0\u00bb une \u0153uvre collective qui restera une petite fiert\u00e9 pour tous ses cr\u00e9ateurs.<\/p>\n<blockquote class=\"ac-article-quote wall-content\">\n<p>Le team building a souvent un c\u00f4t\u00e9 r\u00e9cr\u00e9atif. Avant, les gens sont un peu surpris, \u00e9tonn\u00e9s. Et apr\u00e8s, agr\u00e9ablement surpris de l\u2019exp\u00e9rience.<\/p>\n<p>Jeremi Ca<\/p><\/blockquote>\n<p class=\" wall-content\">Celle command\u00e9e par <a href=\"https:\/\/terresdarmorhabitat.bzh\/\" target=\"_blank\" rel=\"noopener\">Terres d\u2019Armor Habitat<\/a> pour ses employ\u00e9s r\u00e9unis au haras de Lamballe l\u2019an dernier a vraisemblablement \u00e9t\u00e9 concluante puisque le bailleur social l\u2019a r\u00e9it\u00e9r\u00e9e \u00e0 la rentr\u00e9e, cette fois pour des rencontres cr\u00e9atives avec des habitants, invit\u00e9s par exemple \u00e0 r\u00e9aliser une <b>fresque d\u2019environ 100 m\u00e8tres carr\u00e9s<\/b>.\u00a0<\/p>\n<p>Vide-atelier<\/p>\n<p class=\" wall-content\">Ces \u00e9changes \u00ab\u00a0me font sortir de mes lignes, aller sur d\u2019autres terrains. J\u2019aime travailler diff\u00e9rents styles et cette polyvalence\u00a0\u00bb, reconna\u00eet l\u2019artiste.<\/p>\n<p class=\" wall-content\">\u00ab\u00a0J\u2019ai, en plus, une envie de prendre un petit tournant dans mon travail professionnel. Personnellement, le travail sur l\u2019optique, la ligne, le mouvement, j\u2019adore, mais cela demande extr\u00eamement de temps. J\u2019ai envie d\u2019aller sur quelque chose de plus spontan\u00e9, de plus l\u00e9ger.\u00a0\u00bb<\/p>\n<p class=\" wall-content\">Comme une impulsion, cette fin d\u2019ann\u00e9e, Jeremi Ca fait un vide-atelier, le <b>premier de sa carri\u00e8re<\/b>.<\/p>\n<p class=\" wall-content\">A c\u00f4t\u00e9 de ses Lignes, depuis ses Rainbow City jusqu\u2019\u00e0 celles iridescentes, l\u2019artiste se d\u00e9leste aussi d\u2019autres s\u00e9ries qui ont jalonn\u00e9 sa carri\u00e8re personnelle.<\/p>\n<p class=\" wall-content\">A partir de 50 euros et bien au-dessus pour certaines. Avant de peindre une nouvelle page qui pourrait \u2013 la boucle serait boucl\u00e9e ? \u2013 inclure un aspect \u00ab\u00a0plus participatif\u00a0\u00bb l\u00e0 aussi.<\/p>\n<p>Vide-atelier : visite sur rendez-vous. T\u00e9l. 06 86 23 93 12, site : jeremica-art.net\/ Instagram : Jeremi Ca (@jeremi_ca)<\/p>\n<p class=\" wall-content\">Personnalisez votre actualit\u00e9 en ajoutant vos villes et m\u00e9dias en favori avec <a href=\"https:\/\/moncompte.actu.fr\" title=\"D\u00e9couvez Mon Actu\" rel=\"nofollow noopener\" data-trk=\"{&quot;cta&quot;:{&quot;action&quot;:&quot;https:\\\/\\\/moncompte.actu.fr&quot;,&quot;category&quot;:&quot;mon compte&quot;,&quot;from&quot;:&quot;article footer&quot;,&quot;name&quot;:&quot;Mon actu&quot;,&quot;type&quot;:&quot;cta&quot;}}\" target=\"_blank\">Mon Actu<\/a>.<\/p>\n","protected":false},"excerpt":{"rendered":"Par Nancy Faucon Publi\u00e9 le 1 d\u00e9c. 2025 \u00e0 19h54 Si vous ne connaissez pas son visage ou&hellip;\n","protected":false},"author":2,"featured_media":573424,"comment_status":"","ping_status":"","sticky":false,"template":"","format":"standard","meta":{"footnotes":""},"categories":[1358],"tags":[1348,1384,1385,1386,58,59,1011,27,1652],"class_list":{"0":"post-573423","1":"post","2":"type-post","3":"status-publish","4":"format-standard","5":"has-post-thumbnail","7":"category-arts-et-design","8":"tag-arts","9":"tag-arts-and-design","10":"tag-arts-et-design","11":"tag-design","12":"tag-divertissement","13":"tag-entertainment","14":"tag-fr","15":"tag-france","16":"tag-loisirs-culture"},"share_on_mastodon":{"url":"https:\/\/pubeurope.com\/@fr\/115650755519619487","error":""},"_links":{"self":[{"href":"https:\/\/www.europesays.com\/fr\/wp-json\/wp\/v2\/posts\/573423","targetHints":{"allow":["GET"]}}],"collection":[{"href":"https:\/\/www.europesays.com\/fr\/wp-json\/wp\/v2\/posts"}],"about":[{"href":"https:\/\/www.europesays.com\/fr\/wp-json\/wp\/v2\/types\/post"}],"author":[{"embeddable":true,"href":"https:\/\/www.europesays.com\/fr\/wp-json\/wp\/v2\/users\/2"}],"replies":[{"embeddable":true,"href":"https:\/\/www.europesays.com\/fr\/wp-json\/wp\/v2\/comments?post=573423"}],"version-history":[{"count":0,"href":"https:\/\/www.europesays.com\/fr\/wp-json\/wp\/v2\/posts\/573423\/revisions"}],"wp:featuredmedia":[{"embeddable":true,"href":"https:\/\/www.europesays.com\/fr\/wp-json\/wp\/v2\/media\/573424"}],"wp:attachment":[{"href":"https:\/\/www.europesays.com\/fr\/wp-json\/wp\/v2\/media?parent=573423"}],"wp:term":[{"taxonomy":"category","embeddable":true,"href":"https:\/\/www.europesays.com\/fr\/wp-json\/wp\/v2\/categories?post=573423"},{"taxonomy":"post_tag","embeddable":true,"href":"https:\/\/www.europesays.com\/fr\/wp-json\/wp\/v2\/tags?post=573423"}],"curies":[{"name":"wp","href":"https:\/\/api.w.org\/{rel}","templated":true}]}}