{"id":573425,"date":"2025-12-02T15:48:13","date_gmt":"2025-12-02T15:48:13","guid":{"rendered":"https:\/\/www.europesays.com\/fr\/573425\/"},"modified":"2025-12-02T15:48:13","modified_gmt":"2025-12-02T15:48:13","slug":"pourquoi-le-livre-un-raccourci-dans-le-temps-pourrait-spoiler-la-fin-de-la-serie","status":"publish","type":"post","link":"https:\/\/www.europesays.com\/fr\/573425\/","title":{"rendered":"Pourquoi le livre \u00ab\u00a0Un raccourci dans le temps\u00a0\u00bb pourrait spoiler la fin de la s\u00e9rie\u00a0?"},"content":{"rendered":"<p>Une ultime saison tr\u00e8s attendue\u00a0! Pour preuve, la mise en ligne le 27\u00a0novembre \u00e0 2 heures du matin de la premi\u00e8re partie de la saison 5 a fait planter Netflix. Sans surprise, <a href=\"https:\/\/www.20minutes.fr\/arts-stars\/serie\/4182484-20251030-stranger-things-netflix-devoile-bande-annonce-spectaculaire-ultime-saison\" class=\"c-link c-link--is-underlined\" target=\"_blank\" rel=\"noopener\">Stranger Things<\/a> s\u2019est hiss\u00e9 \u00e0 la premi\u00e8re place du top mondial des s\u00e9ries les plus vues sur <a href=\"https:\/\/www.20minutes.fr\/dossier\/netflix\" class=\"c-link c-link--is-underlined\" target=\"_blank\" rel=\"noopener\">Netflix<\/a>, selon <a href=\"https:\/\/flixpatrol.com\/top10\/\" target=\"_blank\" class=\"c-link c-link--is-underlined\" rel=\"noopener\">FlixPatrol<\/a>. Les 4 premiers chapitres font de nombreuses allusions au roman Un raccourci dans le temps (A Wrinkle in Time en anglais) de l\u2019\u00e9crivaine am\u00e9ricaine Madeleine L\u2019Engle, publi\u00e9 en\u00a01962.<\/p>\n<p><\/p>\n<p>Ce livre jeunesse, m\u00e9connue en France, a \u00e9t\u00e9 adapt\u00e9 en\u00a02003 pour la t\u00e9l\u00e9vision sous le titre Les Aventuriers des mondes fantastiques de John Kent Harrison et en\u00a02018 au cin\u00e9ma sous le titre Un raccourci dans le temps, Ava DuVernay, mettant en sc\u00e8ne <a href=\"https:\/\/www.20minutes.fr\/people\/4026084-20230302-chris-pine-confirme-harry-styles-crache-dessus\" class=\"c-link c-link--is-underlined\" target=\"_blank\" rel=\"noopener\">Chris Pine<\/a>, <a href=\"https:\/\/www.20minutes.fr\/dossier\/oprah_winfrey\" class=\"c-link c-link--is-underlined\" target=\"_blank\" rel=\"noopener\">Oprah Winfrey<\/a>, <a href=\"https:\/\/www.20minutes.fr\/people\/reese_witherspoon\/\" class=\"c-link c-link--is-underlined\" target=\"_blank\" rel=\"noopener\">Reese Witherspoon<\/a> et <a href=\"https:\/\/www.20minutes.fr\/arts-stars\/people\/2782199-20200519-mindy-kaling-co-ecrira-troisieme-volet-revanche-blonde\" class=\"c-link c-link--is-underlined\" target=\"_blank\" rel=\"noopener\">Mindy Kaling<\/a>. Un film disponible sur <a href=\"https:\/\/www.20minutes.fr\/arts-stars\/culture\/disney-plus\/\" class=\"c-link c-link--is-underlined\" target=\"_blank\" rel=\"noopener\">Disney+<\/a>. Pourquoi ce roman pourrait \u00eatre la cl\u00e9 du d\u00e9nouement de Stranger Things\u00a0? On vous explique tout.<\/p>\n<p>La litt\u00e9rature, source d\u2019inspiration des fr\u00e8res Duffer<\/p>\n<p>De Retour vers le futur \u00e0 <a href=\"https:\/\/www.20minutes.fr\/arts-stars\/serie\/4184032-20251113-stranger-things-halloween-entre-peste-citrouilles-chasseurs-fantomes\" class=\"c-link c-link--is-underlined\" target=\"_blank\" rel=\"noopener\">Ghosbusters<\/a> en passant par <a href=\"https:\/\/www.20minutes.fr\/arts-stars\/serie\/3298735-20220530-kate-bush-fait-retour-inattendu-sommet-charts-grace-stranger-things\" class=\"c-link c-link--is-underlined\" target=\"_blank\" rel=\"noopener\">Kate Bush<\/a>, Stranger Things multiplie les clins d\u2019\u0153il \u00e0 la culture pop des ann\u00e9es\u00a01980. Mais, depuis son lancement en\u00a02016, les fr\u00e8res Duffer s\u2019inspirent aussi de nombreux classiques de la litt\u00e9rature jeunesse et horrifique.<\/p>\n<p>L\u2019influence la plus \u00e9vidente est celle de Stephen King\u00a0: It met en sc\u00e8ne un groupe d\u2019ados contre une entit\u00e9 mal\u00e9fique qui change de forme, The Body (nouvelle devenue Stand By Me) traite de l\u2019ados \u00e0 v\u00e9lo et de la perte de l\u2019innocence, les pouvoirs t\u00e9l\u00e9kin\u00e9tiques de Onze \u00e9voquent Carrie, ses pouvoirs pyrokin\u00e9tiques rappellent Firestarter,\u00a0etc.<\/p>\n<p>Le mythe de Cthulhu de H.P. Lovecraft irrigue le Monde \u00e0 l\u2019Envers, dimension cauchemardesque avec des entit\u00e9s qui corrompent l\u2019esprit comme Mind Flayer et Vecna. La f\u00eate foraine mal\u00e9fique rappelle La Foire des T\u00e9n\u00e8bres de Ray Bradbury. La maison des Creel s\u2019inspire de La Maison Hant\u00e9e de Shirley Jackson. Les fr\u00e8res Duffer rendent hommage aux livres qui ont marqu\u00e9 leur jeunesse.<\/p>\n<p>ATTENTION, LA SUITE DE CET ARTICLE CONTIENT DES SPOILERS SUR LES 4 PREMIERS EPISODES, SI VOUS N\u2019AVEZ PAS VU LA PREMI\u00c8RE PARTIE DE LA SAISON 5, PASSEZ VOTRE CHEMIN.<\/p>\n<p>Comment la lecture d\u2019Holly est au centre de l\u2019intrigue\u00a0?<\/p>\n<p>Apr\u00e8s avoir jou\u00e9 les personnages secondaires dans les saisons pr\u00e9c\u00e9dentes, Holly Wheeler, la jeune s\u0153ur de Mike et Nancy, est au centre de toutes les attentions dans cette premi\u00e8re salve d\u2019\u00e9pisodes, comme l\u2019avait sugg\u00e9r\u00e9 la bande-annonce.<\/p>\n<p>Dans le premier \u00e9pisode, l\u2019adorable petite fille, \u00e2g\u00e9e d\u2019une dizaine d\u2019ann\u00e9es, est plong\u00e9e dans le livre de science-fiction Un raccourci dans le temps de Madeleine L\u2019Engle, mise \u00e0 l\u2019\u00e9cart par son fr\u00e8re et sa s\u0153ur, trop occup\u00e9s \u00e0 s\u2019aventurer dans le Monde \u00e0 l\u2019Envers et ses parents, trop occup\u00e9s \u00e0 se disputer.<\/p>\n<p>Holly dialogue avec un ami imaginaire particuli\u00e8rement inqui\u00e9tant, Monsieur Quiproquo. Monsieur Quiproquo est en r\u00e9alit\u00e9 Henri Creel, alias Vecna, le principal antagoniste de Stranger Things. Il s\u2019agit aussi du nom d\u2019un des personnages d\u2019Un raccourci dans le temps. Un livre qui partage de nombreux autres points communs avec la s\u00e9rie.<\/p>\n<p>Que raconte le roman de Madeleine L\u2019Engle\u00a0?<\/p>\n<p>Le roman suit Meg, 13 ans, et son petit fr\u00e8re de 5 ans, le prodige Charles Wallace, qui vivent avec leur m\u00e8re, une \u00e9minente physicienne. Leur p\u00e8re, lui aussi physicien, a myst\u00e9rieusement disparu depuis quatre ans. Avant la disparition du p\u00e8re, le couple a travaill\u00e9 sur une th\u00e9orie autour de l\u2019espace-temps qui permet de voyager \u00e0 la vitesse de la lumi\u00e8re dans tout l\u2019univers.<\/p>\n<p>Meg, qui se sent abandonn\u00e9e par son p\u00e8re, se sent mal-aim\u00e9e et a des difficult\u00e9s \u00e0 s\u2019ins\u00e9rer socialement. Jusqu\u2019au jour o\u00f9 trois entit\u00e9s magiques, Mme\u00a0Qui, Mme\u00a0Quidam et Mme\u00a0Quiproquo, entrent dans la vie de Charles Wallace, puis de Meg, et de son seul ami, Calvin O\u2019Keefe.<\/p>\n<p>Sous l\u2019impulsion de Mme\u00a0Qui, Mme\u00a0Quidam et Mme\u00a0Quiproquo, le trio va entamer une qu\u00eate dans l\u2019espace et le temps et s\u2019aventurer sur d\u2019\u00e9tranges plan\u00e8tes \u00e0 la recherche du papa de Meg et Charles Wallace.<\/p>\n<p>En chemin, une entit\u00e9 mal\u00e9fique, appel\u00e9e \u00c7a, qui menace de d\u00e9truire l\u2019univers, va obtenir la confiance de Charles Wallace et l\u2019entra\u00eener sur Camazotz, une plan\u00e8te gouvern\u00e9e par les t\u00e9n\u00e8bres. Toute ressemblance avec Stranger Things n\u2019est \u00e9videmment pas fortuite.<\/p>\n<p>Qu\u2019est-ce que cela pr\u00e9dit de la fin de \u00ab\u00a0Stranger Things\u00a0\u00bb\u00a0?<\/p>\n<p>A la fin du roman, Meg, son p\u00e8re et Calvin r\u00e9ussissent \u00e0 triompher du redoutable \u00c7a et \u00e0 lib\u00e9rer Charles de l\u2019emprise du mal. Comment\u00a0? Gr\u00e2ce au pouvoir de l\u2019amour et \u00e0 la confiance en soi. Apr\u00e8s cette victoire, toute la famille rentre saine et sauve sur Terre.<\/p>\n<p>Si Meg et Calvin O\u2019Keefe r\u00e9ussissent \u00e0 vaincre \u00c7a, c\u2019est parce qu\u2019au cours de leur qu\u00eate initiatique, ils sont partis \u00e0 la d\u00e9couverte d\u2019eux-m\u00eames. Ils se sont accept\u00e9s avec leurs qualit\u00e9s et leurs d\u00e9fauts.<\/p>\n<p>On peut donc raisonnablement pr\u00e9dire que Will, qui a r\u00e9ussi \u00e0 se d\u00e9barrasser de sa m\u00e8re surprotectrice et qui, gr\u00e2ce \u00e0 Robin, s\u2019accepte en tant qu\u2019homosexuel, a de grandes chances de vaincre Vecna. On peut aussi supposer que Onze, qui a surmont\u00e9 ses traumatismes gr\u00e2ce \u00e0 l\u2019amour de Jim Hopper, va s\u2019associer d\u2019une mani\u00e8re ou d\u2019une autre \u00e0 celle qu\u2019elle consid\u00e8re comme sa s\u0153ur, Kali, alias Huit. Dans la mythologie hindoue, Kali est une puissante d\u00e9esse qui a combattu les forces du mal. Bref, l\u2019union fait la force et donc toute la bande de merveilleux weirdos de Stranger Things va remporter le combat contre Vecna, gr\u00e2ce au pouvoir de l\u2019amour et de l\u2019amiti\u00e9.<\/p>\n","protected":false},"excerpt":{"rendered":"Une ultime saison tr\u00e8s attendue\u00a0! Pour preuve, la mise en ligne le 27\u00a0novembre \u00e0 2 heures du matin&hellip;\n","protected":false},"author":2,"featured_media":573426,"comment_status":"","ping_status":"","sticky":false,"template":"","format":"standard","meta":{"footnotes":""},"categories":[1356],"tags":[520,58,59,1011,27,1380,127,2004,521,19536,252,1364],"class_list":{"0":"post-573425","1":"post","2":"type-post","3":"status-publish","4":"format-standard","5":"has-post-thumbnail","7":"category-television","8":"tag-disney","9":"tag-divertissement","10":"tag-entertainment","11":"tag-fr","12":"tag-france","13":"tag-livres","14":"tag-netflix","15":"tag-roman","16":"tag-serie","17":"tag-stranger-things","18":"tag-television","19":"tag-tv"},"share_on_mastodon":{"url":"https:\/\/pubeurope.com\/@fr\/115650763724569975","error":""},"_links":{"self":[{"href":"https:\/\/www.europesays.com\/fr\/wp-json\/wp\/v2\/posts\/573425","targetHints":{"allow":["GET"]}}],"collection":[{"href":"https:\/\/www.europesays.com\/fr\/wp-json\/wp\/v2\/posts"}],"about":[{"href":"https:\/\/www.europesays.com\/fr\/wp-json\/wp\/v2\/types\/post"}],"author":[{"embeddable":true,"href":"https:\/\/www.europesays.com\/fr\/wp-json\/wp\/v2\/users\/2"}],"replies":[{"embeddable":true,"href":"https:\/\/www.europesays.com\/fr\/wp-json\/wp\/v2\/comments?post=573425"}],"version-history":[{"count":0,"href":"https:\/\/www.europesays.com\/fr\/wp-json\/wp\/v2\/posts\/573425\/revisions"}],"wp:featuredmedia":[{"embeddable":true,"href":"https:\/\/www.europesays.com\/fr\/wp-json\/wp\/v2\/media\/573426"}],"wp:attachment":[{"href":"https:\/\/www.europesays.com\/fr\/wp-json\/wp\/v2\/media?parent=573425"}],"wp:term":[{"taxonomy":"category","embeddable":true,"href":"https:\/\/www.europesays.com\/fr\/wp-json\/wp\/v2\/categories?post=573425"},{"taxonomy":"post_tag","embeddable":true,"href":"https:\/\/www.europesays.com\/fr\/wp-json\/wp\/v2\/tags?post=573425"}],"curies":[{"name":"wp","href":"https:\/\/api.w.org\/{rel}","templated":true}]}}