{"id":573429,"date":"2025-12-02T15:50:38","date_gmt":"2025-12-02T15:50:38","guid":{"rendered":"https:\/\/www.europesays.com\/fr\/573429\/"},"modified":"2025-12-02T15:50:38","modified_gmt":"2025-12-02T15:50:38","slug":"demi-moore-demonte-le-tabou-de-lage-quiconque-pense-que-vieillir-signifie-vivre-moins-a-tort","status":"publish","type":"post","link":"https:\/\/www.europesays.com\/fr\/573429\/","title":{"rendered":"Demi Moore d\u00e9monte le tabou de l&rsquo;\u00e2ge : \u00ab Quiconque pense que vieillir signifie vivre moins a tort\u00a0\u00bb"},"content":{"rendered":"<p class=\"has-dropcap\">\u00abJ&rsquo;ai l&rsquo;impression d&rsquo;\u00eatre \u00e0 un moment merveilleux de ma vie. Ceux qui pensent que vieillir signifie vivre moins longtemps se trompent lourdement. \u00bb Ce n&rsquo;est pas la premi\u00e8re fois que l&rsquo;actrice <strong>Demi Moore,<\/strong> qui vient de f\u00eater ses 63 ans, choisit d&rsquo;\u00e9voquer son rapport \u00e0 l&rsquo;\u00e2ge sans tabou. \u00ab Quiconque pense que vieillir signifie vivre moins a tout faux, \u00bb a-t-elle d\u00e9clar\u00e9 lors d&rsquo;une interview au Stephen Colbert Show, dont elle \u00e9tait l&rsquo;invit\u00e9e. Un discours lucide qui redonne au vieillissement le sens de la conqu\u00eate. \u00ab Bien s\u00fbr, il y a des choses que j&rsquo;aimerais voir diff\u00e9rentes. Mais quand je me regarde, je vois la pl\u00e9nitude de ce que je suis, pas seulement l&rsquo;image ext\u00e9rieure.\u00a0\u00bb<\/p>\n<p>L&rsquo;ann\u00e9e derni\u00e8re, l&rsquo;actrice \u00e9tait \u00e0 l&rsquo;affiche de The Substance, un film d&rsquo;horreur sur l&rsquo;obsession de la jeunesse. Le film lui a permis de d\u00e9crocher <a href=\"https:\/\/www.vanityfair.fr\/article\/demi-moore-nomination-oscars-interview\" target=\"_blank\" rel=\"noopener\">le premier grand prix de sa carri\u00e8re<\/a>, le Golden Globe de la meilleure actrice. Lors de la tourn\u00e9e promotionnelle, <a href=\"https:\/\/www.vanityfair.fr\/article\/demi-moore-the-substance-interview\" target=\"_blank\" rel=\"noopener\">Demi Moore a racont\u00e9 comment elle s&rsquo;est lib\u00e9r\u00e9e de vieux r\u00e9flexes<\/a> qui l&rsquo;ont conduite \u00ab dans le pass\u00e9 \u00e0 porter des jugements contre elle-m\u00eame \u00bb. \u00ab Je peux regarder en arri\u00e8re et dire que dans ma vingtaine, dans ma trentaine, j&rsquo;ai souvent trouv\u00e9 des choses sur moi qui n&rsquo;\u00e9taient pas \u201cassez bien\u201d. Aujourd&rsquo;hui, ma relation avec le temps qui passe s&rsquo;apparente davantage \u00e0 une acceptation joyeuse. Bien s\u00fbr, il y a des choses dont on se dit \u00ab\u00a0Oh, j&rsquo;aimerais que ce ne soit pas comme \u00e7a\u00a0\u00bb, mais quand je regarde l&rsquo;ensemble, je me vois et je vois la pl\u00e9nitude de la femme que je suis devenue, par opposition \u00e0 mon apparence ext\u00e9rieure. \u00bb<\/p>\n<p>Lors d&rsquo;une pr\u00e9c\u00e9dente interview, elle avait d\u00e9clar\u00e9 : \u00ab C&rsquo;est la phase la plus excitante de ma vie. Mes filles sont adultes, j&rsquo;ai une ind\u00e9pendance et une autonomie que je n&rsquo;ai jamais eues auparavant. Je peux red\u00e9finir qui je suis et o\u00f9 je veux aller. \u00bb<\/p>\n<blockquote class=\"BlockquoteEmbedWrapper-sc-MKszq cjvgwV blockquote-embed\" data-testid=\"blockquote-wrapper\">\n<p>Initialement publi\u00e9 par <a href=\"https:\/\/www.vanityfair.it\/article\/demi-moore-tabu-eta-chiunque-pensi-che-invecchiare-significhi-vivere-meno-si-sbaglia-di-grosso\" target=\"_blank\" rel=\"noopener\">Vanity Fair Italie<\/a><\/p>\n<\/blockquote>\n","protected":false},"excerpt":{"rendered":"\u00abJ&rsquo;ai l&rsquo;impression d&rsquo;\u00eatre \u00e0 un moment merveilleux de ma vie. Ceux qui pensent que vieillir signifie vivre moins&hellip;\n","protected":false},"author":2,"featured_media":573430,"comment_status":"","ping_status":"","sticky":false,"template":"","format":"standard","meta":{"footnotes":""},"categories":[1354],"tags":[1000,8416,58,59,1346,1011,27,1360,6747],"class_list":{"0":"post-573429","1":"post","2":"type-post","3":"status-publish","4":"format-standard","5":"has-post-thumbnail","7":"category-films","8":"tag-celebrites","9":"tag-digital_syndication","10":"tag-divertissement","11":"tag-entertainment","12":"tag-films","13":"tag-fr","14":"tag-france","15":"tag-movies","16":"tag-textabovecentergridwidth"},"share_on_mastodon":{"url":"https:\/\/pubeurope.com\/@fr\/115650771394244539","error":""},"_links":{"self":[{"href":"https:\/\/www.europesays.com\/fr\/wp-json\/wp\/v2\/posts\/573429","targetHints":{"allow":["GET"]}}],"collection":[{"href":"https:\/\/www.europesays.com\/fr\/wp-json\/wp\/v2\/posts"}],"about":[{"href":"https:\/\/www.europesays.com\/fr\/wp-json\/wp\/v2\/types\/post"}],"author":[{"embeddable":true,"href":"https:\/\/www.europesays.com\/fr\/wp-json\/wp\/v2\/users\/2"}],"replies":[{"embeddable":true,"href":"https:\/\/www.europesays.com\/fr\/wp-json\/wp\/v2\/comments?post=573429"}],"version-history":[{"count":0,"href":"https:\/\/www.europesays.com\/fr\/wp-json\/wp\/v2\/posts\/573429\/revisions"}],"wp:featuredmedia":[{"embeddable":true,"href":"https:\/\/www.europesays.com\/fr\/wp-json\/wp\/v2\/media\/573430"}],"wp:attachment":[{"href":"https:\/\/www.europesays.com\/fr\/wp-json\/wp\/v2\/media?parent=573429"}],"wp:term":[{"taxonomy":"category","embeddable":true,"href":"https:\/\/www.europesays.com\/fr\/wp-json\/wp\/v2\/categories?post=573429"},{"taxonomy":"post_tag","embeddable":true,"href":"https:\/\/www.europesays.com\/fr\/wp-json\/wp\/v2\/tags?post=573429"}],"curies":[{"name":"wp","href":"https:\/\/api.w.org\/{rel}","templated":true}]}}